{"id":135034,"date":"2021-05-17T19:09:25","date_gmt":"2021-05-17T22:09:25","guid":{"rendered":"http:\/\/centraldeportes.com.ar\/?p=429"},"modified":"2025-01-23T22:05:47","modified_gmt":"2025-01-24T01:05:47","slug":"braian-guille-autor-de-un-golazo-en-la-goleada-de-olimpo","status":"publish","type":"post","link":"https:\/\/cdnoticias.com\/index.php\/2021\/05\/17\/braian-guille-autor-de-un-golazo-en-la-goleada-de-olimpo\/","title":{"rendered":"Video: Braian Guille autor de un golazo en la goleada de Olimpo"},"content":{"rendered":"<p>El delantero olavarriense marc\u00f3 uno de los cuatro goles de Olimpo en una nueva jornada del Torneo Federal A.<\/p>\n<hr \/>\n<p>[embedyt] https:\/\/www.youtube.com\/watch?v=wt80Bbp99bw[\/embedyt]<\/p>\n<p>Olimpo derrot\u00f3 4 a 1 a Sansinena en condici\u00f3n de visitante y la apertura del marcador lleg\u00f3 a trav\u00e9s de un gran tiro libre de Braian Guille.<\/p>\n<p><img data-recalc-dims=\"1\" loading=\"lazy\" decoding=\"async\" class=\"alignnone size-full wp-image-431\" src=\"https:\/\/i0.wp.com\/centraldeportes.com.ar\/wp-content\/uploads\/2021\/05\/WhatsApp-Image-2021-05-17-at-13.41.22.jpeg?resize=800%2C450\" alt=\"\" width=\"800\" height=\"450\" \/><\/p>\n<p>Adem\u00e1s del autor del gol, jugaron Nadir Hadad en el Aurinegro y Agust\u00edn Osinaga en el equipo perdedor, todos como titulares.<\/p>\n","protected":false},"excerpt":{"rendered":"<p>El delantero olavarriense marc\u00f3 uno de los cuatro goles de Olimpo en una nueva jornada del Torneo Federal A. [embedyt]<\/p>\n","protected":false},"author":96739694,"featured_media":142031,"comment_status":"closed","ping_status":"closed","sticky":false,"template":"","format":"standard","meta":{"_jetpack_memberships_contains_paid_content":false,"footnotes":""},"categories":[35,37,1],"tags":[],"class_list":["post-135034","post","type-post","status-publish","format-standard","has-post-thumbnail","hentry","category-futbol","category-futbol-profesional","category-portada"],"jetpack_featured_media_url":"https:\/\/i0.wp.com\/cdnoticias.com\/wp-content\/uploads\/2021\/05\/WhatsApp-Image-2021-05-17-at-13.41.26-e1621289190518.jpeg?fit=1280%2C771&ssl=1","jetpack_sharing_enabled":true,"_links":{"self":[{"href":"https:\/\/cdnoticias.com\/index.php\/wp-json\/wp\/v2\/posts\/135034","targetHints":{"allow":["GET"]}}],"collection":[{"href":"https:\/\/cdnoticias.com\/index.php\/wp-json\/wp\/v2\/posts"}],"about":[{"href":"https:\/\/cdnoticias.com\/index.php\/wp-json\/wp\/v2\/types\/post"}],"author":[{"embeddable":true,"href":"https:\/\/cdnoticias.com\/index.php\/wp-json\/wp\/v2\/users\/96739694"}],"replies":[{"embeddable":true,"href":"https:\/\/cdnoticias.com\/index.php\/wp-json\/wp\/v2\/comments?post=135034"}],"version-history":[{"count":0,"href":"https:\/\/cdnoticias.com\/index.php\/wp-json\/wp\/v2\/posts\/135034\/revisions"}],"wp:featuredmedia":[{"embeddable":true,"href":"https:\/\/cdnoticias.com\/index.php\/wp-json\/wp\/v2\/media\/142031"}],"wp:attachment":[{"href":"https:\/\/cdnoticias.com\/index.php\/wp-json\/wp\/v2\/media?parent=135034"}],"wp:term":[{"taxonomy":"category","embeddable":true,"href":"https:\/\/cdnoticias.com\/index.php\/wp-json\/wp\/v2\/categories?post=135034"},{"taxonomy":"post_tag","embeddable":true,"href":"https:\/\/cdnoticias.com\/index.php\/wp-json\/wp\/v2\/tags?post=135034"}],"curies":[{"name":"wp","href":"https:\/\/api.w.org\/{rel}","templated":true}]}}