{"id":135032,"date":"2021-05-16T14:35:58","date_gmt":"2021-05-16T17:35:58","guid":{"rendered":"http:\/\/centraldeportes.com.ar\/?p=407"},"modified":"2025-01-23T22:05:58","modified_gmt":"2025-01-24T01:05:58","slug":"lucas-janson-eliminado-en-la-copa-de-la-liga-profesional","status":"publish","type":"post","link":"https:\/\/cdnoticias.com\/index.php\/2021\/05\/16\/lucas-janson-eliminado-en-la-copa-de-la-liga-profesional\/","title":{"rendered":"Lucas Janson eliminado en la Copa de la Liga Profesional"},"content":{"rendered":"<p>&nbsp;<\/p>\n<p>V\u00e9lez y Racing igualaron 0 a 0 en los cuartos de final de la Copa de la Liga Profesional y desde la definici\u00f3n por penales fue la Academia la que clasific\u00f3.<\/p>\n<p>&nbsp;<\/p>\n<hr \/>\n<p>&nbsp;<\/p>\n<p>En el Jos\u00e9 Amalfitani, Racing se impuso 4 a 2 en la definici\u00f3n por penales y logr\u00f3 el pasaje a las semifinales del certamen.<\/p>\n<p>&nbsp;<\/p>\n<p>Lucas Janson ingres\u00f3 en el segundo tiempo y en la definici\u00f3n pate\u00f3 en segundo turno, pero no logr\u00f3 convertir por lo que qued\u00f3 eliminado en la Copa de la Liga de la Copa Profesional.<\/p>\n","protected":false},"excerpt":{"rendered":"<p>&nbsp; V\u00e9lez y Racing igualaron 0 a 0 en los cuartos de final de la Copa de la Liga Profesional<\/p>\n","protected":false},"author":96739694,"featured_media":142037,"comment_status":"closed","ping_status":"closed","sticky":false,"template":"","format":"standard","meta":{"_jetpack_memberships_contains_paid_content":false,"footnotes":""},"categories":[35,37],"tags":[],"class_list":["post-135032","post","type-post","status-publish","format-standard","has-post-thumbnail","hentry","category-futbol","category-futbol-profesional"],"jetpack_featured_media_url":"https:\/\/i0.wp.com\/cdnoticias.com\/wp-content\/uploads\/2021\/05\/jansonjanson-velez.jpg?fit=730%2C410&ssl=1","jetpack_sharing_enabled":true,"_links":{"self":[{"href":"https:\/\/cdnoticias.com\/index.php\/wp-json\/wp\/v2\/posts\/135032","targetHints":{"allow":["GET"]}}],"collection":[{"href":"https:\/\/cdnoticias.com\/index.php\/wp-json\/wp\/v2\/posts"}],"about":[{"href":"https:\/\/cdnoticias.com\/index.php\/wp-json\/wp\/v2\/types\/post"}],"author":[{"embeddable":true,"href":"https:\/\/cdnoticias.com\/index.php\/wp-json\/wp\/v2\/users\/96739694"}],"replies":[{"embeddable":true,"href":"https:\/\/cdnoticias.com\/index.php\/wp-json\/wp\/v2\/comments?post=135032"}],"version-history":[{"count":0,"href":"https:\/\/cdnoticias.com\/index.php\/wp-json\/wp\/v2\/posts\/135032\/revisions"}],"wp:featuredmedia":[{"embeddable":true,"href":"https:\/\/cdnoticias.com\/index.php\/wp-json\/wp\/v2\/media\/142037"}],"wp:attachment":[{"href":"https:\/\/cdnoticias.com\/index.php\/wp-json\/wp\/v2\/media?parent=135032"}],"wp:term":[{"taxonomy":"category","embeddable":true,"href":"https:\/\/cdnoticias.com\/index.php\/wp-json\/wp\/v2\/categories?post=135032"},{"taxonomy":"post_tag","embeddable":true,"href":"https:\/\/cdnoticias.com\/index.php\/wp-json\/wp\/v2\/tags?post=135032"}],"curies":[{"name":"wp","href":"https:\/\/api.w.org\/{rel}","templated":true}]}}