{"id":135028,"date":"2021-05-13T21:55:45","date_gmt":"2021-05-14T00:55:45","guid":{"rendered":"http:\/\/centraldeportes.com.ar\/?p=265"},"modified":"2025-01-23T20:56:16","modified_gmt":"2025-01-23T23:56:16","slug":"lucas-janson-anoto-y-velez-se-ilusiona-en-la-copa-libertadores","status":"publish","type":"post","link":"https:\/\/cdnoticias.com\/index.php\/2021\/05\/13\/lucas-janson-anoto-y-velez-se-ilusiona-en-la-copa-libertadores\/","title":{"rendered":"Lucas Janson anot\u00f3 y V\u00e9lez se ilusiona en la Copa Libertadores"},"content":{"rendered":"<p>&nbsp;<\/p>\n<p>V\u00e9lez venci\u00f3 3 a 1 a Liga Deportiva Universitaria por la cuarta fecha de la Copa Libertadores y se ilusiona con la clasificaci\u00f3n a la siguiente instancia del certamen m\u00e1s importante de Am\u00e9rica.<\/p>\n<p>En el Jos\u00e9 Amalfitani, Lucas Janson tuvo un gran partido; le hicieron un penal, asisti\u00f3 a un compa\u00f1ero en el primer gol y marc\u00f3 el segundo tanto de su equipo. Adem\u00e1s del gol convertido de cabeza por el olavarriense, Thiago Almada y Federico Mancuello marcaron los goles, mientras que el descuento fue de Mat\u00edas Zunino.<\/p>\n<p>El pr\u00f3ximo partido para los dirigidos por Mauricio Pellegrino ser\u00e1 el venidero mi\u00e9rcoles ante Uni\u00f3n La Calera en condici\u00f3n de local.<\/p>\n","protected":false},"excerpt":{"rendered":"<p>&nbsp; V\u00e9lez venci\u00f3 3 a 1 a Liga Deportiva Universitaria por la cuarta fecha de la Copa Libertadores y se<\/p>\n","protected":false},"author":96739694,"featured_media":142052,"comment_status":"closed","ping_status":"closed","sticky":false,"template":"","format":"standard","meta":{"_jetpack_memberships_contains_paid_content":false,"footnotes":""},"categories":[35,1],"tags":[],"class_list":["post-135028","post","type-post","status-publish","format-standard","has-post-thumbnail","hentry","category-futbol","category-portada"],"jetpack_featured_media_url":"https:\/\/i0.wp.com\/cdnoticias.com\/wp-content\/uploads\/2021\/05\/WhatsApp-Image-2021-05-13-at-21.40.09.jpeg?fit=1280%2C852&ssl=1","jetpack_sharing_enabled":true,"_links":{"self":[{"href":"https:\/\/cdnoticias.com\/index.php\/wp-json\/wp\/v2\/posts\/135028","targetHints":{"allow":["GET"]}}],"collection":[{"href":"https:\/\/cdnoticias.com\/index.php\/wp-json\/wp\/v2\/posts"}],"about":[{"href":"https:\/\/cdnoticias.com\/index.php\/wp-json\/wp\/v2\/types\/post"}],"author":[{"embeddable":true,"href":"https:\/\/cdnoticias.com\/index.php\/wp-json\/wp\/v2\/users\/96739694"}],"replies":[{"embeddable":true,"href":"https:\/\/cdnoticias.com\/index.php\/wp-json\/wp\/v2\/comments?post=135028"}],"version-history":[{"count":0,"href":"https:\/\/cdnoticias.com\/index.php\/wp-json\/wp\/v2\/posts\/135028\/revisions"}],"wp:featuredmedia":[{"embeddable":true,"href":"https:\/\/cdnoticias.com\/index.php\/wp-json\/wp\/v2\/media\/142052"}],"wp:attachment":[{"href":"https:\/\/cdnoticias.com\/index.php\/wp-json\/wp\/v2\/media?parent=135028"}],"wp:term":[{"taxonomy":"category","embeddable":true,"href":"https:\/\/cdnoticias.com\/index.php\/wp-json\/wp\/v2\/categories?post=135028"},{"taxonomy":"post_tag","embeddable":true,"href":"https:\/\/cdnoticias.com\/index.php\/wp-json\/wp\/v2\/tags?post=135028"}],"curies":[{"name":"wp","href":"https:\/\/api.w.org\/{rel}","templated":true}]}}