{"id":135026,"date":"2021-05-13T21:32:07","date_gmt":"2021-05-14T00:32:07","guid":{"rendered":"http:\/\/centraldeportes.com.ar\/?p=258"},"modified":"2025-01-23T20:56:22","modified_gmt":"2025-01-23T23:56:22","slug":"el-municipio-de-loberia-solicito-a-appko-postergar-la-competencia-por-la-situacion-sanitaria","status":"publish","type":"post","link":"https:\/\/cdnoticias.com\/index.php\/2021\/05\/13\/el-municipio-de-loberia-solicito-a-appko-postergar-la-competencia-por-la-situacion-sanitaria\/","title":{"rendered":"El Municipio de Lober\u00eda solicit\u00f3 a APPKO postergar la competencia por la situaci\u00f3n sanitaria"},"content":{"rendered":"<p>&nbsp;<\/p>\n<p>La Asociaci\u00f3n de Pilotos y Propietarios de Karting de Olavarr\u00eda recibi\u00f3 este jueves el llamado de los directivos del Club organizador, indicando que por pedido del Municipio de Lober\u00eda, debe posponer la realizaci\u00f3n de la cuarta fecha del calendario para el \u00faltimo fin de semana de mayo.<\/p>\n<p>La competencia estaba prevista para el 22 y 23, pero el actual pase a Fase 3 del Municipio de Lober\u00eda dispuso la suspensi\u00f3n de competencias deportivas, en principio por los pr\u00f3ximos 14 d\u00edas, por lo que el Municipio solicit\u00f3 postergar una semana la realizaci\u00f3n de la carrera, entendiendo que la situaci\u00f3n sanitaria estar\u00e1 controlada.<\/p>\n<p>Desde la organizaci\u00f3n entienden que la competencia se podr\u00e1 realizar sin inconvenientes el 29 y 30 de mayo, y las medidas son tendientes a controlar la actualidad sanitaria que por el momento se encuentra en ascenso en cuanto a casos, si bien los activos no superan los 100 positivos.<\/p>\n","protected":false},"excerpt":{"rendered":"<p>&nbsp; La Asociaci\u00f3n de Pilotos y Propietarios de Karting de Olavarr\u00eda recibi\u00f3 este jueves el llamado de los directivos del<\/p>\n","protected":false},"author":96739694,"featured_media":142056,"comment_status":"closed","ping_status":"closed","sticky":false,"template":"","format":"standard","meta":{"_jetpack_memberships_contains_paid_content":false,"footnotes":""},"categories":[33,34],"tags":[],"class_list":["post-135026","post","type-post","status-publish","format-standard","has-post-thumbnail","hentry","category-appko","category-automovilismo"],"jetpack_featured_media_url":"https:\/\/i0.wp.com\/cdnoticias.com\/wp-content\/uploads\/2021\/05\/WhatsApp-Image-2021-05-13-at-14.27.37.jpeg?fit=1280%2C853&ssl=1","jetpack_sharing_enabled":true,"_links":{"self":[{"href":"https:\/\/cdnoticias.com\/index.php\/wp-json\/wp\/v2\/posts\/135026","targetHints":{"allow":["GET"]}}],"collection":[{"href":"https:\/\/cdnoticias.com\/index.php\/wp-json\/wp\/v2\/posts"}],"about":[{"href":"https:\/\/cdnoticias.com\/index.php\/wp-json\/wp\/v2\/types\/post"}],"author":[{"embeddable":true,"href":"https:\/\/cdnoticias.com\/index.php\/wp-json\/wp\/v2\/users\/96739694"}],"replies":[{"embeddable":true,"href":"https:\/\/cdnoticias.com\/index.php\/wp-json\/wp\/v2\/comments?post=135026"}],"version-history":[{"count":0,"href":"https:\/\/cdnoticias.com\/index.php\/wp-json\/wp\/v2\/posts\/135026\/revisions"}],"wp:featuredmedia":[{"embeddable":true,"href":"https:\/\/cdnoticias.com\/index.php\/wp-json\/wp\/v2\/media\/142056"}],"wp:attachment":[{"href":"https:\/\/cdnoticias.com\/index.php\/wp-json\/wp\/v2\/media?parent=135026"}],"wp:term":[{"taxonomy":"category","embeddable":true,"href":"https:\/\/cdnoticias.com\/index.php\/wp-json\/wp\/v2\/categories?post=135026"},{"taxonomy":"post_tag","embeddable":true,"href":"https:\/\/cdnoticias.com\/index.php\/wp-json\/wp\/v2\/tags?post=135026"}],"curies":[{"name":"wp","href":"https:\/\/api.w.org\/{rel}","templated":true}]}}