{"id":134967,"date":"2025-01-20T09:44:01","date_gmt":"2025-01-20T12:44:01","guid":{"rendered":"https:\/\/cdnoticias.com\/?p=134967"},"modified":"2025-01-20T09:44:04","modified_gmt":"2025-01-20T12:44:04","slug":"mar-del-plata-entre-un-75-y-un-80-de-ocupacion-en-su-fin-de-semana-mas-fuerte","status":"publish","type":"post","link":"https:\/\/cdnoticias.com\/index.php\/2025\/01\/20\/mar-del-plata-entre-un-75-y-un-80-de-ocupacion-en-su-fin-de-semana-mas-fuerte\/","title":{"rendered":"Mar del Plata, entre un 75% y un 80% de ocupaci\u00f3n en su fin de semana m\u00e1s fuerte"},"content":{"rendered":"\n<p>Es un 3,5% menos que 2024 y 9% en comparaci\u00f3n con 2023. Indicaron que la temporada va \u201cde menos a m\u00e1s\u201d y que los d\u00edas de estad\u00eda promedio son entre tres y cuatro.<\/p>\n\n\n\n<hr class=\"wp-block-separator aligncenter has-alpha-channel-opacity\"\/>\n\n\n\n<p><strong>Mar del Plata registr\u00f3 entre un 75 y un 80% de ocupaci\u00f3n <\/strong>durante el tercer fin de semana de enero, <strong>tradicionalmente el m\u00e1s fuerte de la temporada estival.<\/strong><\/p>\n\n\n\n<p>Seg\u00fan el Ente Municipal de Turismo y Cultura (Emturyc), <strong>643.290 visitantes eligieron la ciudad en la primera quincena del mes, cifra que representa una ca\u00edda del 3,5% respecto al a\u00f1o pasado y del 9% en comparaci\u00f3n con 2023. Las estad\u00edas promedio se mantuvieron entre tres y cuatro d\u00edas.<\/strong><\/p>\n\n\n\n<p><strong>La segunda quincena de enero marc\u00f3 un incremento en la actividad tur\u00edstica, impulsado por temperaturas m\u00e1s altas y playas colmadas.<\/strong> Durante el jueves y el viernes, se registraron entre 3.000 y 4.000 veh\u00edculos por hora en direcci\u00f3n a la costa, lo que deriv\u00f3 en una ocupaci\u00f3n que ronda el 80%, alcanzando el 85% en algunos establecimientos.<\/p>\n\n\n\n<p>Aunque mejor que la primera quincena,<strong> estas cifras a\u00fan est\u00e1n lejos del 100% de ocupaci\u00f3n reportado en a\u00f1os anteriores.<\/strong><\/p>\n\n\n\n<p>Juan Salvi, concesionario e integrante de la C\u00e1mara de Empresarios de Balnearios, destac\u00f3 que<strong> los balnearios alcanzaron un 85% de ocupaci\u00f3n, con picos del 90% en algunos casos, trazando un balance positivo de la temporada hasta el momento<\/strong>. En el sector extrahotelero, Guillermo Rossi, presidente del Colegio de Martilleros y Corredores P\u00fablicos de Mar del Plata, subray\u00f3 la influencia del buen clima, lo que ha llevado a una ocupaci\u00f3n del 80%, expectativa que se prolongar\u00e1 durante la segunda quincena.<\/p>\n\n\n\n<p>Hern\u00e1n Szkrohal, representante de la Asociaci\u00f3n Empresaria Hotelera y Gastron\u00f3mica de Mar del Plata, <strong>se\u00f1al\u00f3 que el incremento de la ocupaci\u00f3n es notorio respecto a la primera quincena, con cifras que han subido entre un 75 y 80%. &#8220;El movimiento en las calles es mayor que en las semanas previas&#8221;<\/strong>, agreg\u00f3, reflejando el crecimiento paulatino de la actividad tur\u00edstica en la ciudad.<\/p>\n","protected":false},"excerpt":{"rendered":"<p>Es un 3,5% menos que 2024 y 9% en comparaci\u00f3n con 2023. Indicaron que la temporada va \u201cde menos a<\/p>\n","protected":false},"author":2,"featured_media":134968,"comment_status":"closed","ping_status":"closed","sticky":false,"template":"","format":"standard","meta":{"_jetpack_memberships_contains_paid_content":false,"footnotes":""},"categories":[6,1],"tags":[],"class_list":["post-134967","post","type-post","status-publish","format-standard","has-post-thumbnail","hentry","category-nacionales","category-portada"],"jetpack_featured_media_url":"https:\/\/i0.wp.com\/cdnoticias.com\/wp-content\/uploads\/2025\/01\/mar-del-plata-enero.jpg?fit=919%2C611&ssl=1","jetpack_sharing_enabled":true,"_links":{"self":[{"href":"https:\/\/cdnoticias.com\/index.php\/wp-json\/wp\/v2\/posts\/134967","targetHints":{"allow":["GET"]}}],"collection":[{"href":"https:\/\/cdnoticias.com\/index.php\/wp-json\/wp\/v2\/posts"}],"about":[{"href":"https:\/\/cdnoticias.com\/index.php\/wp-json\/wp\/v2\/types\/post"}],"author":[{"embeddable":true,"href":"https:\/\/cdnoticias.com\/index.php\/wp-json\/wp\/v2\/users\/2"}],"replies":[{"embeddable":true,"href":"https:\/\/cdnoticias.com\/index.php\/wp-json\/wp\/v2\/comments?post=134967"}],"version-history":[{"count":0,"href":"https:\/\/cdnoticias.com\/index.php\/wp-json\/wp\/v2\/posts\/134967\/revisions"}],"wp:featuredmedia":[{"embeddable":true,"href":"https:\/\/cdnoticias.com\/index.php\/wp-json\/wp\/v2\/media\/134968"}],"wp:attachment":[{"href":"https:\/\/cdnoticias.com\/index.php\/wp-json\/wp\/v2\/media?parent=134967"}],"wp:term":[{"taxonomy":"category","embeddable":true,"href":"https:\/\/cdnoticias.com\/index.php\/wp-json\/wp\/v2\/categories?post=134967"},{"taxonomy":"post_tag","embeddable":true,"href":"https:\/\/cdnoticias.com\/index.php\/wp-json\/wp\/v2\/tags?post=134967"}],"curies":[{"name":"wp","href":"https:\/\/api.w.org\/{rel}","templated":true}]}}