{"id":13494,"date":"2021-02-10T18:18:52","date_gmt":"2021-02-10T21:18:52","guid":{"rendered":"http:\/\/www.centraldenoticias.com.ar\/?p=13494"},"modified":"2021-02-10T21:19:41","modified_gmt":"2021-02-11T00:19:41","slug":"galli-es-demostrarle-a-la-comunidad-que-se-le-puede-dar-continuidad-a-las-buenas-politicas-publicas","status":"publish","type":"post","link":"https:\/\/cdnoticias.com\/index.php\/2021\/02\/10\/galli-es-demostrarle-a-la-comunidad-que-se-le-puede-dar-continuidad-a-las-buenas-politicas-publicas\/","title":{"rendered":"Galli: \u201cEs demostrarle a la comunidad que se le puede dar continuidad a las buenas pol\u00edticas p\u00fablicas\u201d"},"content":{"rendered":"<p>Si bien actualmente est\u00e1 de licencia, el intendente Ezequiel Galli no se perdi\u00f3 la inauguraci\u00f3n de las luminarias en Los Fresnos. Comparti\u00f3 sensaciones y precisiones acerca de qu\u00e9 falta para la puesta en marcha del nuevo Sector Industrial Planificado.<!--more--><\/p>\n<hr \/>\n<p><strong>\u201cEsta inauguraci\u00f3n significa un gran paso para que siga creciendo este lugar como Parque Industrial, como sector planificado\u201d<\/strong>. De esa manera el intendente Ezequiel Galli inici\u00f3 su entrevista con Central de Noticias, en el marco del <a href=\"https:\/\/cdnoticias.com\/index.php\/2021\/02\/10\/fue-inaugurada-la-luminaria-del-sector-industrial-los-fresnos\/\" target=\"_blank\" rel=\"noopener\">acto en el que se inaugur\u00f3 la luminaria de Los Fresnos<\/a>, el predio industrial ubicado sobre la Ruta Provincial N\u00b0 51, donde a\u00f1os atr\u00e1s supo funcionar el ex aer\u00f3dromo local.<\/p>\n<p>&nbsp;<\/p>\n<p>Si bien actualmente se encuentra de licencia, el jefe comunal no quiso perderse el acto protocolar y fue una de las presencias destacadas del evento que se inici\u00f3 minutos despu\u00e9s de las 20. \u201c<strong>Esto lo comenz\u00f3 Jos\u00e9 (Eseverri) en su momento y lo bueno es que podamos demostrarle a la comunidad que se le puede dar continuidad a las buenas pol\u00edticas p\u00fablicas\u201d<\/strong>, ponder\u00f3 en alusi\u00f3n a la obra del ex intendente,\u00a0 quien tambi\u00e9n fue parte de la inauguraci\u00f3n.<\/p>\n<p>&nbsp;<\/p>\n<p><img data-recalc-dims=\"1\" loading=\"lazy\" decoding=\"async\" class=\"alignnone size-full wp-image-13482\" src=\"https:\/\/i0.wp.com\/cdnoticias.com\/wp-content\/uploads\/2021\/02\/luces-fresnos02.jpg?resize=800%2C445&#038;ssl=1\" alt=\"\" width=\"800\" height=\"445\" srcset=\"https:\/\/i0.wp.com\/cdnoticias.com\/wp-content\/uploads\/2021\/02\/luces-fresnos02.jpg?w=800&amp;ssl=1 800w, https:\/\/i0.wp.com\/cdnoticias.com\/wp-content\/uploads\/2021\/02\/luces-fresnos02.jpg?resize=300%2C167&amp;ssl=1 300w, https:\/\/i0.wp.com\/cdnoticias.com\/wp-content\/uploads\/2021\/02\/luces-fresnos02.jpg?resize=768%2C427&amp;ssl=1 768w\" sizes=\"auto, (max-width: 800px) 100vw, 800px\" \/><\/p>\n<p>&nbsp;<\/p>\n<p>En ese sentido puso el acento en que<strong> \u201ces muy importante como mensaje a la comunidad que haya estado Jos\u00e9 ac\u00e1. Realmente podemos seguir mirando para adelante, pensando en el futuro de la ciudad. Olavarr\u00eda tiene que seguir creciendo a nivel industrial porque es una ciudad que tiene una ubicaci\u00f3n geogr\u00e1fica important\u00edsima y tiene un impulso industrial que es destacable\u201d<\/strong>.<\/p>\n<p>&nbsp;<\/p>\n<p>Una de las interrogantes es qu\u00e9 es lo que le falta al parque para su puesta en marcha, a lo que Galli respondi\u00f3 que <strong>\u201cestamos licitando la obra de acceso con una parte de pavimento<\/strong> y tambi\u00e9n tenemos que trabajar sobre la planta reguladora de gas, pero ya hay empresas que est\u00e1n a punto de empezar a trabajar. <strong>Hemos vendido lotes como para que empiecen a instalarse y que empiecen a trabajar en la construcci\u00f3n de las naves\u201d<\/strong>.<\/p>\n<p>&nbsp;<\/p>\n<blockquote><p>\u201cCuando veamos una nave terminada ac\u00e1 va a ser algo muy lindo para todos, porque pasar por la ruta o la avenida Avellaneda y ver un lugar iluminado, con empresas que est\u00e1n empezando a instalarse, me parece que le va a cambiar la cara tambi\u00e9n\u201d<\/p><\/blockquote>\n<p>&nbsp;<\/p>\n<p>El evento cont\u00f3 adem\u00e1s con la presencia de numerosos referentes del sector empresarial e industrial, algo que el intendente no pas\u00f3 por alto. \u201cSignifica un apoyo importante. Por eso yo tambi\u00e9n quer\u00eda estar a pesar de estar de licencia. Quer\u00eda acompa\u00f1arlo a Juan (Mujica) porque me parece que es un d\u00eda muy importante. Significa que <strong>estamos todos trabajando en equipo, como lo hemos demostrado antes, durante y despu\u00e9s de la pandemia. Siempre hemos tenido el apoyo de la Uni\u00f3n Industrial, de la Sociedad Rural, de la C\u00e1mara Empresaria, de todas las entidades intermedias de Olavarr\u00eda que han colaborado siempre para pensar en el futuro de la ciudad<\/strong>\u201d, enfatiz\u00f3.<\/p>\n<p>&nbsp;<\/p>\n<p>Posteriormente agreg\u00f3 que <strong>\u201cya tenemos la empresa Lepen que compr\u00f3 4 lotes para mudarse a este lugar que log\u00edsticamente es mucho m\u00e1s c\u00f3modo. Y tenemos empresas de diversos rubros que van a instalarse. Va a ser muy diverso, pero hay una planificaci\u00f3n dentro del parque de los lugares<\/strong>\u201d. Por \u00faltimo subray\u00f3 \u201cla importancia de la planta depuradora que pudimos terminar en el 2019 que tambi\u00e9n va a dar la posibilidad de que Loma Negra tenga cloacas. Ya hemos licitado la ampliaci\u00f3n de la red de cloacas de Loma Negra para lograr que en los pr\u00f3ximos 3 a\u00f1os que a me quedan de gobierno, intentar llegar al 100% de la Villa\u201d.<\/p>\n<p>&nbsp;<\/p>\n","protected":false},"excerpt":{"rendered":"<p>Si bien actualmente est\u00e1 de licencia, el intendente Ezequiel Galli no se perdi\u00f3 la inauguraci\u00f3n de las luminarias en Los<\/p>\n","protected":false},"author":3,"featured_media":13483,"comment_status":"closed","ping_status":"closed","sticky":false,"template":"","format":"standard","meta":{"_jetpack_memberships_contains_paid_content":false,"footnotes":""},"categories":[5,1],"tags":[],"class_list":["post-13494","post","type-post","status-publish","format-standard","has-post-thumbnail","hentry","category-informacion-general","category-portada"],"jetpack_featured_media_url":"https:\/\/i0.wp.com\/cdnoticias.com\/wp-content\/uploads\/2021\/02\/luces-fresnos.jpg?fit=800%2C445&ssl=1","jetpack_sharing_enabled":true,"_links":{"self":[{"href":"https:\/\/cdnoticias.com\/index.php\/wp-json\/wp\/v2\/posts\/13494","targetHints":{"allow":["GET"]}}],"collection":[{"href":"https:\/\/cdnoticias.com\/index.php\/wp-json\/wp\/v2\/posts"}],"about":[{"href":"https:\/\/cdnoticias.com\/index.php\/wp-json\/wp\/v2\/types\/post"}],"author":[{"embeddable":true,"href":"https:\/\/cdnoticias.com\/index.php\/wp-json\/wp\/v2\/users\/3"}],"replies":[{"embeddable":true,"href":"https:\/\/cdnoticias.com\/index.php\/wp-json\/wp\/v2\/comments?post=13494"}],"version-history":[{"count":0,"href":"https:\/\/cdnoticias.com\/index.php\/wp-json\/wp\/v2\/posts\/13494\/revisions"}],"wp:featuredmedia":[{"embeddable":true,"href":"https:\/\/cdnoticias.com\/index.php\/wp-json\/wp\/v2\/media\/13483"}],"wp:attachment":[{"href":"https:\/\/cdnoticias.com\/index.php\/wp-json\/wp\/v2\/media?parent=13494"}],"wp:term":[{"taxonomy":"category","embeddable":true,"href":"https:\/\/cdnoticias.com\/index.php\/wp-json\/wp\/v2\/categories?post=13494"},{"taxonomy":"post_tag","embeddable":true,"href":"https:\/\/cdnoticias.com\/index.php\/wp-json\/wp\/v2\/tags?post=13494"}],"curies":[{"name":"wp","href":"https:\/\/api.w.org\/{rel}","templated":true}]}}