{"id":134917,"date":"2025-01-19T19:48:44","date_gmt":"2025-01-19T22:48:44","guid":{"rendered":"https:\/\/cdnoticias.com\/?p=134917"},"modified":"2025-01-20T08:32:05","modified_gmt":"2025-01-20T11:32:05","slug":"sin-lluvias-el-smn-anticipa-jornadas-de-calor-para-olavarria","status":"publish","type":"post","link":"https:\/\/cdnoticias.com\/index.php\/2025\/01\/19\/sin-lluvias-el-smn-anticipa-jornadas-de-calor-para-olavarria\/","title":{"rendered":"Sin lluvias, el SMN anticipa jornadas de calor para Olavarr\u00eda"},"content":{"rendered":"\n<p>De lunes a s\u00e1bado, las m\u00e1ximas superar\u00e1n los 30 grados. El verano lleg\u00f3 para quedarse.<\/p>\n\n\n\n<hr class=\"wp-block-separator aligncenter has-alpha-channel-opacity\"\/>\n\n\n\n<p>Tras un <strong>fallido pron\u00f3stico de lluvia para los \u00faltimos d\u00edas en Olavarr\u00eda<\/strong>, lo que s\u00ed se cumpli\u00f3 fue la baja de la temperatura. <strong>Con un fin de semana de temperaturas agradables tras la ola de calor de toda la semana, el Servicio Meteorol\u00f3gico Nacional avizor\u00f3, otra vez, temperaturas que superar\u00e1n los 30 grados.<\/strong><\/p>\n\n\n\n<p><strong>Este lunes, las temperaturas alcanzar\u00e1n una m\u00e1xima de 30 grados, con vientos leves a moderados del norte. <\/strong>Ser\u00e1 el anticipo de jornadas que, al menos por ahora, se presumen muy calurosas.<\/p>\n\n\n\n<p><strong>El martes ir\u00e1 incrementando la m\u00e1xima \u2013de 32 grados-\u00a0 y seguir\u00e1 as\u00ed hasta el jueves, que se anticipa una m\u00e1xima de 35\u00b0,<\/strong> de similares caracter\u00edsticas a las jornadas de d\u00edas atr\u00e1s donde las m\u00e1ximas rozaron los 36\u00b0.<\/p>\n\n\n\n<p>Por ahora<strong>, se estiman posibles lluvias (aunque baja probabilidad) reci\u00e9n para el viernes pr\u00f3ximo por la noche. <\/strong>Pero es muy estimativo.<\/p>\n\n\n\n<p>Por el momento, lo que s\u00ed podemos decir, <strong>es que habr\u00e1 que prepararse para nuevas jornadas de calor en Olavarr\u00eda y la regi\u00f3n.<\/strong><\/p>\n","protected":false},"excerpt":{"rendered":"<p>De lunes a s\u00e1bado, las m\u00e1ximas superar\u00e1n los 30 grados. El verano lleg\u00f3 para quedarse. Tras un fallido pron\u00f3stico de<\/p>\n","protected":false},"author":2,"featured_media":134536,"comment_status":"closed","ping_status":"closed","sticky":false,"template":"","format":"standard","meta":{"_jetpack_memberships_contains_paid_content":false,"footnotes":""},"categories":[5,1],"tags":[],"class_list":["post-134917","post","type-post","status-publish","format-standard","has-post-thumbnail","hentry","category-informacion-general","category-portada"],"jetpack_featured_media_url":"https:\/\/i0.wp.com\/cdnoticias.com\/wp-content\/uploads\/2025\/01\/ola-de-calor-olavarria-3.jpg?fit=1072%2C597&ssl=1","jetpack_sharing_enabled":true,"_links":{"self":[{"href":"https:\/\/cdnoticias.com\/index.php\/wp-json\/wp\/v2\/posts\/134917","targetHints":{"allow":["GET"]}}],"collection":[{"href":"https:\/\/cdnoticias.com\/index.php\/wp-json\/wp\/v2\/posts"}],"about":[{"href":"https:\/\/cdnoticias.com\/index.php\/wp-json\/wp\/v2\/types\/post"}],"author":[{"embeddable":true,"href":"https:\/\/cdnoticias.com\/index.php\/wp-json\/wp\/v2\/users\/2"}],"replies":[{"embeddable":true,"href":"https:\/\/cdnoticias.com\/index.php\/wp-json\/wp\/v2\/comments?post=134917"}],"version-history":[{"count":0,"href":"https:\/\/cdnoticias.com\/index.php\/wp-json\/wp\/v2\/posts\/134917\/revisions"}],"wp:featuredmedia":[{"embeddable":true,"href":"https:\/\/cdnoticias.com\/index.php\/wp-json\/wp\/v2\/media\/134536"}],"wp:attachment":[{"href":"https:\/\/cdnoticias.com\/index.php\/wp-json\/wp\/v2\/media?parent=134917"}],"wp:term":[{"taxonomy":"category","embeddable":true,"href":"https:\/\/cdnoticias.com\/index.php\/wp-json\/wp\/v2\/categories?post=134917"},{"taxonomy":"post_tag","embeddable":true,"href":"https:\/\/cdnoticias.com\/index.php\/wp-json\/wp\/v2\/tags?post=134917"}],"curies":[{"name":"wp","href":"https:\/\/api.w.org\/{rel}","templated":true}]}}