{"id":134915,"date":"2025-01-19T18:52:32","date_gmt":"2025-01-19T21:52:32","guid":{"rendered":"https:\/\/cdnoticias.com\/?p=134915"},"modified":"2025-01-20T01:27:59","modified_gmt":"2025-01-20T04:27:59","slug":"la-industria-pyme-mostro-una-recuperacion-en-diciembre-pero-se-derrumbo-en-2024","status":"publish","type":"post","link":"https:\/\/cdnoticias.com\/index.php\/2025\/01\/19\/la-industria-pyme-mostro-una-recuperacion-en-diciembre-pero-se-derrumbo-en-2024\/","title":{"rendered":"La industria pyme mostr\u00f3 una recuperaci\u00f3n en diciembre pero se derrumb\u00f3 en 2024"},"content":{"rendered":"\n<p>El anual dio una baja acumulada del 9,8% en comparaci\u00f3n con el 2023. Es el \u00edndice de producci\u00f3n industrial pyme, basado en una muestra de m\u00e1s de 400 empresas.<\/p>\n\n\n\n<hr class=\"wp-block-separator aligncenter has-alpha-channel-opacity\"\/>\n\n\n\n<p><strong>La industria pyme experiment\u00f3 un crecimiento del 7,3% interanual en diciembre<\/strong>, marcando un contraste notable con el descenso del 26,9% registrado en el mismo mes del a\u00f1o anterior. A pesar de esta recuperaci\u00f3n mensual,<strong> el a\u00f1o 2024 cerr\u00f3 con una ca\u00edda acumulada del 9,8% en comparaci\u00f3n con 2023, seg\u00fan el \u00cdndice de Producci\u00f3n Industrial Pyme (IPIP) elaborado por la Confederaci\u00f3n Argentina de la Mediana Empresa (CAME), basado en una muestra de 420 peque\u00f1as y medianas industrias a nivel nacional.<\/strong><\/p>\n\n\n\n<p>En t\u00e9rminos mensuales, la actividad manufacturera pyme mostr\u00f3 un incremento del 4,3% desestacionalizado respecto a noviembre.<strong> Sin embargo, la capacidad industrial utilizada promedio fue del 62%, evidenciando una disminuci\u00f3n de 1,1 puntos porcentuales en relaci\u00f3n al mes previo.<\/strong><\/p>\n\n\n\n<p>En el an\u00e1lisis sectorial,<strong> todos los rubros presentaron un aumento interanual en diciembre. Madera y muebles lider\u00f3 con un crecimiento del 18,1%, seguido por Textiles e indumentaria, que registr\u00f3 una suba del 12,4%. <\/strong>No obstante, en el acumulado del a\u00f1o, todos los sectores cerraron con resultados negativos. <strong>Alimentos y bebidas, junto con Qu\u00edmicos y pl\u00e1sticos, fueron los m\u00e1s afectados con ca\u00eddas del 12,3% y 12,2%, respectivamente.<\/strong><\/p>\n\n\n\n<blockquote class=\"wp-block-quote is-layout-flow wp-block-quote-is-layout-flow\">\n<p>El informe tambi\u00e9n se\u00f1ala que la actividad mostr\u00f3 una recuperaci\u00f3n del 3,4% anual a precios constantes en diciembre, con un incremento mensual del 7,8%. A pesar de ello, el sector concluy\u00f3 el a\u00f1o con una disminuci\u00f3n acumulada del 11,1% frente a 2023, operando con una capacidad instalada del 64,2%.<\/p>\n<\/blockquote>\n\n\n\n<p>De cara al futuro, <strong>se espera que la temporada escolar impulse las ventas tras un diciembre que no cumpli\u00f3 con las expectativas.<\/strong> Los empresarios se\u00f1alaron factores estacionales, las festividades y las vacaciones como las principales causas de la ca\u00edda en las ventas, aunque tambi\u00e9n reconocieron errores en la oferta de productos, apuntando a nuevas estrategias digitales como soluci\u00f3n.<\/p>\n\n\n\n<p><strong>La carga impositiva contin\u00faa siendo una preocupaci\u00f3n central para las pymes, con el 64,9% de las respuestas apuntando a la reducci\u00f3n de impuestos como la principal medida necesaria a corto plazo.<\/strong> El est\u00edmulo a la demanda interna y la simplificaci\u00f3n burocr\u00e1tica se ubicaron en segundo y tercer lugar, respectivamente.<\/p>\n\n\n\n<p>Entre los principales obst\u00e1culos,<strong> el alto costo de producci\u00f3n fue el m\u00e1s citado por los empresarios, seguido por la falta de ventas y la dificultad para acceder a cr\u00e9ditos. <\/strong>En respuesta a estos desaf\u00edos, el 32,9% de las industrias encuestadas diversific\u00f3 productos, mientras que el 21,6% opt\u00f3 por reducir gastos operativos. Algunos sectores, como Metal, maquinaria y equipo, y material de transporte, junto con Madera y muebles, reportaron mayores dificultades para pagar salarios, destac\u00e1ndose Qu\u00edmicos y pl\u00e1sticos y Textil e indumentaria como otros rubros afectados.<\/p>\n","protected":false},"excerpt":{"rendered":"<p>El anual dio una baja acumulada del 9,8% en comparaci\u00f3n con el 2023. Es el \u00edndice de producci\u00f3n industrial pyme,<\/p>\n","protected":false},"author":2,"featured_media":114155,"comment_status":"closed","ping_status":"closed","sticky":false,"template":"","format":"standard","meta":{"_jetpack_memberships_contains_paid_content":false,"footnotes":""},"categories":[6,1],"tags":[],"class_list":["post-134915","post","type-post","status-publish","format-standard","has-post-thumbnail","hentry","category-nacionales","category-portada"],"jetpack_featured_media_url":"https:\/\/i0.wp.com\/cdnoticias.com\/wp-content\/uploads\/2024\/04\/Pymes-industriales-696x427-1.jpg?fit=696%2C427&ssl=1","jetpack_sharing_enabled":true,"_links":{"self":[{"href":"https:\/\/cdnoticias.com\/index.php\/wp-json\/wp\/v2\/posts\/134915","targetHints":{"allow":["GET"]}}],"collection":[{"href":"https:\/\/cdnoticias.com\/index.php\/wp-json\/wp\/v2\/posts"}],"about":[{"href":"https:\/\/cdnoticias.com\/index.php\/wp-json\/wp\/v2\/types\/post"}],"author":[{"embeddable":true,"href":"https:\/\/cdnoticias.com\/index.php\/wp-json\/wp\/v2\/users\/2"}],"replies":[{"embeddable":true,"href":"https:\/\/cdnoticias.com\/index.php\/wp-json\/wp\/v2\/comments?post=134915"}],"version-history":[{"count":0,"href":"https:\/\/cdnoticias.com\/index.php\/wp-json\/wp\/v2\/posts\/134915\/revisions"}],"wp:featuredmedia":[{"embeddable":true,"href":"https:\/\/cdnoticias.com\/index.php\/wp-json\/wp\/v2\/media\/114155"}],"wp:attachment":[{"href":"https:\/\/cdnoticias.com\/index.php\/wp-json\/wp\/v2\/media?parent=134915"}],"wp:term":[{"taxonomy":"category","embeddable":true,"href":"https:\/\/cdnoticias.com\/index.php\/wp-json\/wp\/v2\/categories?post=134915"},{"taxonomy":"post_tag","embeddable":true,"href":"https:\/\/cdnoticias.com\/index.php\/wp-json\/wp\/v2\/tags?post=134915"}],"curies":[{"name":"wp","href":"https:\/\/api.w.org\/{rel}","templated":true}]}}