{"id":134862,"date":"2025-01-19T08:09:46","date_gmt":"2025-01-19T11:09:46","guid":{"rendered":"https:\/\/cdnoticias.com\/?p=134862"},"modified":"2025-01-19T08:09:49","modified_gmt":"2025-01-19T11:09:49","slug":"mariano-andres-visconti-ajo-q-e-p-d","status":"publish","type":"post","link":"https:\/\/cdnoticias.com\/index.php\/2025\/01\/19\/mariano-andres-visconti-ajo-q-e-p-d\/","title":{"rendered":"Mariano Andr\u00e9s Visconti \u201cAjo\u201d (Q.E.P.D.)"},"content":{"rendered":"\n<p>Falleci\u00f3 en Olavarr\u00eda el 18 de enero de 2025 a los 59 a\u00f1os de edad. Su esposa Cecilia Abad. Sus hijos: Mar\u00eda Emilia, Camila y Tomas Visconti. Su hijo pol\u00edtico Emiliano. Sus hermanos: Pedro, Juan, Pablo y Florencia Visconti. Sus hermanos pol\u00edticos. Sus sobrinos. Sus sobrinos pol\u00edticos y dem\u00e1s deudos participan su fallecimiento.<\/p>\n\n\n\n<p><\/p>\n\n\n\n<p>Sus restos son velados en Espa\u00f1a 2942, Departamento \u201cC\u201d y ser\u00e1n inhumados en el Cementerio Municipal de Olavarr\u00eda este domingo a las 11:30, previo responso en la capilla ardiente. Vecino de barrio Mariano Moreno. Nacido en Olavarr\u00eda. Empleado.<\/p>\n","protected":false},"excerpt":{"rendered":"<p>Falleci\u00f3 en Olavarr\u00eda el 18 de enero de 2025 a los 59 a\u00f1os de edad. Su esposa Cecilia Abad. Sus<\/p>\n","protected":false},"author":5,"featured_media":100390,"comment_status":"closed","ping_status":"closed","sticky":false,"template":"","format":"standard","meta":{"_jetpack_memberships_contains_paid_content":false,"footnotes":""},"categories":[10],"tags":[],"class_list":["post-134862","post","type-post","status-publish","format-standard","has-post-thumbnail","hentry","category-necrologicas"],"jetpack_featured_media_url":"https:\/\/i0.wp.com\/cdnoticias.com\/wp-content\/uploads\/2023\/10\/necrologicas-390-x-240.jpg?fit=390%2C240&ssl=1","jetpack_sharing_enabled":true,"_links":{"self":[{"href":"https:\/\/cdnoticias.com\/index.php\/wp-json\/wp\/v2\/posts\/134862","targetHints":{"allow":["GET"]}}],"collection":[{"href":"https:\/\/cdnoticias.com\/index.php\/wp-json\/wp\/v2\/posts"}],"about":[{"href":"https:\/\/cdnoticias.com\/index.php\/wp-json\/wp\/v2\/types\/post"}],"author":[{"embeddable":true,"href":"https:\/\/cdnoticias.com\/index.php\/wp-json\/wp\/v2\/users\/5"}],"replies":[{"embeddable":true,"href":"https:\/\/cdnoticias.com\/index.php\/wp-json\/wp\/v2\/comments?post=134862"}],"version-history":[{"count":0,"href":"https:\/\/cdnoticias.com\/index.php\/wp-json\/wp\/v2\/posts\/134862\/revisions"}],"wp:featuredmedia":[{"embeddable":true,"href":"https:\/\/cdnoticias.com\/index.php\/wp-json\/wp\/v2\/media\/100390"}],"wp:attachment":[{"href":"https:\/\/cdnoticias.com\/index.php\/wp-json\/wp\/v2\/media?parent=134862"}],"wp:term":[{"taxonomy":"category","embeddable":true,"href":"https:\/\/cdnoticias.com\/index.php\/wp-json\/wp\/v2\/categories?post=134862"},{"taxonomy":"post_tag","embeddable":true,"href":"https:\/\/cdnoticias.com\/index.php\/wp-json\/wp\/v2\/tags?post=134862"}],"curies":[{"name":"wp","href":"https:\/\/api.w.org\/{rel}","templated":true}]}}