{"id":134857,"date":"2025-01-19T08:02:15","date_gmt":"2025-01-19T11:02:15","guid":{"rendered":"https:\/\/cdnoticias.com\/?p=134857"},"modified":"2025-01-19T17:45:24","modified_gmt":"2025-01-19T20:45:24","slug":"un-nino-resulto-herido-en-un-accidente-fue-trasladado-al-hospital","status":"publish","type":"post","link":"https:\/\/cdnoticias.com\/index.php\/2025\/01\/19\/un-nino-resulto-herido-en-un-accidente-fue-trasladado-al-hospital\/","title":{"rendered":"Un ni\u00f1o result\u00f3 herido en un accidente: fue trasladado al Hospital"},"content":{"rendered":"\n<p>Ocurri\u00f3 el s\u00e1bado en San Lorenzo y S\u00e1enz Pe\u00f1a. El menor de 12 a\u00f1os se trasladaba en bicicleta cuando fue embestido por un auto.<\/p>\n\n\n\n<hr class=\"wp-block-separator has-alpha-channel-opacity\"\/>\n\n\n\n<p>Alrededor de las 20:30 del s\u00e1bado se produjo un <strong>accidente en la intersecci\u00f3n de San Lorenzo y Roque S\u00e1enz Pe\u00f1a.<\/strong><\/p>\n\n\n\n<p><\/p>\n\n\n\n<p>Por causas que se tratan de establecer <strong>un auto Volkswagen Gol conducido por una mujer de 40 a\u00f1os colision\u00f3 con el menor de 12 a\u00f1os que iba a bordo de una bicicleta.<\/strong><\/p>\n\n\n\n<p><\/p>\n\n\n\n<figure class=\"wp-block-image size-full\"><img data-recalc-dims=\"1\" loading=\"lazy\" decoding=\"async\" width=\"800\" height=\"445\" src=\"https:\/\/i0.wp.com\/cdnoticias.com\/wp-content\/uploads\/2025\/01\/WhatsApp-Image-2025-01-18-at-10.33.59-PM.jpeg?resize=800%2C445&#038;ssl=1\" alt=\"\" class=\"wp-image-134860\" srcset=\"https:\/\/i0.wp.com\/cdnoticias.com\/wp-content\/uploads\/2025\/01\/WhatsApp-Image-2025-01-18-at-10.33.59-PM.jpeg?w=800&amp;ssl=1 800w, https:\/\/i0.wp.com\/cdnoticias.com\/wp-content\/uploads\/2025\/01\/WhatsApp-Image-2025-01-18-at-10.33.59-PM.jpeg?resize=300%2C167&amp;ssl=1 300w, https:\/\/i0.wp.com\/cdnoticias.com\/wp-content\/uploads\/2025\/01\/WhatsApp-Image-2025-01-18-at-10.33.59-PM.jpeg?resize=768%2C427&amp;ssl=1 768w\" sizes=\"auto, (max-width: 800px) 100vw, 800px\" \/><\/figure>\n\n\n\n<p><\/p>\n\n\n\n<p>A ra\u00edz de los golpes recibidos, <strong>el ni\u00f1o fue trasladado al Hospital Municipal \u201cDr. H\u00e9ctor Cura\u201d sin riesgo de vida.<\/strong> Seg\u00fan se inform\u00f3 posteriormente, sufri\u00f3 <strong>escoriaciones en su pierna izquierda.<\/strong><\/p>\n\n\n\n<p><\/p>\n\n\n\n<figure class=\"wp-block-image size-full\"><img data-recalc-dims=\"1\" loading=\"lazy\" decoding=\"async\" width=\"800\" height=\"445\" src=\"https:\/\/i0.wp.com\/cdnoticias.com\/wp-content\/uploads\/2025\/01\/accidente-saenpena-sanlorenzo-02.jpg?resize=800%2C445&#038;ssl=1\" alt=\"\" class=\"wp-image-134859\" srcset=\"https:\/\/i0.wp.com\/cdnoticias.com\/wp-content\/uploads\/2025\/01\/accidente-saenpena-sanlorenzo-02.jpg?w=800&amp;ssl=1 800w, https:\/\/i0.wp.com\/cdnoticias.com\/wp-content\/uploads\/2025\/01\/accidente-saenpena-sanlorenzo-02.jpg?resize=300%2C167&amp;ssl=1 300w, https:\/\/i0.wp.com\/cdnoticias.com\/wp-content\/uploads\/2025\/01\/accidente-saenpena-sanlorenzo-02.jpg?resize=768%2C427&amp;ssl=1 768w\" sizes=\"auto, (max-width: 800px) 100vw, 800px\" \/><\/figure>\n\n\n\n<p><\/p>\n\n\n\n<p>En el lugar trabaj\u00f3 personal policial para ordenar el tr\u00e1nsito y preservar el hecho.<\/p>\n","protected":false},"excerpt":{"rendered":"<p>Ocurri\u00f3 el s\u00e1bado en San Lorenzo y S\u00e1enz Pe\u00f1a. El menor de 12 a\u00f1os se trasladaba en bicicleta cuando fue<\/p>\n","protected":false},"author":5,"featured_media":134858,"comment_status":"closed","ping_status":"closed","sticky":false,"template":"","format":"standard","meta":{"_jetpack_memberships_contains_paid_content":false,"footnotes":""},"categories":[14,1],"tags":[],"class_list":["post-134857","post","type-post","status-publish","format-standard","has-post-thumbnail","hentry","category-policiales","category-portada"],"jetpack_featured_media_url":"https:\/\/i0.wp.com\/cdnoticias.com\/wp-content\/uploads\/2025\/01\/accidente-saenpena-sanlorenzo-01.jpg?fit=800%2C445&ssl=1","jetpack_sharing_enabled":true,"_links":{"self":[{"href":"https:\/\/cdnoticias.com\/index.php\/wp-json\/wp\/v2\/posts\/134857","targetHints":{"allow":["GET"]}}],"collection":[{"href":"https:\/\/cdnoticias.com\/index.php\/wp-json\/wp\/v2\/posts"}],"about":[{"href":"https:\/\/cdnoticias.com\/index.php\/wp-json\/wp\/v2\/types\/post"}],"author":[{"embeddable":true,"href":"https:\/\/cdnoticias.com\/index.php\/wp-json\/wp\/v2\/users\/5"}],"replies":[{"embeddable":true,"href":"https:\/\/cdnoticias.com\/index.php\/wp-json\/wp\/v2\/comments?post=134857"}],"version-history":[{"count":0,"href":"https:\/\/cdnoticias.com\/index.php\/wp-json\/wp\/v2\/posts\/134857\/revisions"}],"wp:featuredmedia":[{"embeddable":true,"href":"https:\/\/cdnoticias.com\/index.php\/wp-json\/wp\/v2\/media\/134858"}],"wp:attachment":[{"href":"https:\/\/cdnoticias.com\/index.php\/wp-json\/wp\/v2\/media?parent=134857"}],"wp:term":[{"taxonomy":"category","embeddable":true,"href":"https:\/\/cdnoticias.com\/index.php\/wp-json\/wp\/v2\/categories?post=134857"},{"taxonomy":"post_tag","embeddable":true,"href":"https:\/\/cdnoticias.com\/index.php\/wp-json\/wp\/v2\/tags?post=134857"}],"curies":[{"name":"wp","href":"https:\/\/api.w.org\/{rel}","templated":true}]}}