{"id":134829,"date":"2025-01-18T12:08:49","date_gmt":"2025-01-18T15:08:49","guid":{"rendered":"https:\/\/cdnoticias.com\/?p=134829"},"modified":"2025-01-18T12:08:53","modified_gmt":"2025-01-18T15:08:53","slug":"juan-jose-urdangarin-juancho-q-e-p-d","status":"publish","type":"post","link":"https:\/\/cdnoticias.com\/index.php\/2025\/01\/18\/juan-jose-urdangarin-juancho-q-e-p-d\/","title":{"rendered":"Juan Jos\u00e9 Urdangarin \u201cJuancho\u201d (Q.E.P.D.)"},"content":{"rendered":"\n<p><\/p>\n\n\n\n<p>Falleci\u00f3 en Olavarr\u00eda el 18 de enero de 2025 a los 93 a\u00f1os de edad. Su esposa Marta Sacchi &#8220;Toti&#8221;; sus hijas: Vilma y Marta Urdangarin; su hijo pol\u00edtico Alejandro Weimann; sus nietos: Emilia, Victoria y Alejandro Weimann y Nacho Bruno; su bisnieto Boris; su hermano Julio Urdangarin; sus sobrinos; sus cuidadores y dem\u00e1s deudos participan su fallecimiento.<\/p>\n\n\n\n<p><\/p>\n\n\n\n<p>Sus restos no ser\u00e1n velados y ser\u00e1n inhumados en el Cementerio Municipal de Olavarr\u00eda, el domingo a las 8:30, previo responso en el cementerio. Vecino de Hinojo. Nacido en Hinojo. Productor Agropecuario Jubilado.<\/p>\n","protected":false},"excerpt":{"rendered":"<p>Falleci\u00f3 en Olavarr\u00eda el 18 de enero de 2025 a los 93 a\u00f1os de edad. Su esposa Marta Sacchi &#8220;Toti&#8221;;<\/p>\n","protected":false},"author":5,"featured_media":100390,"comment_status":"closed","ping_status":"closed","sticky":false,"template":"","format":"standard","meta":{"_jetpack_memberships_contains_paid_content":false,"footnotes":""},"categories":[10],"tags":[],"class_list":["post-134829","post","type-post","status-publish","format-standard","has-post-thumbnail","hentry","category-necrologicas"],"jetpack_featured_media_url":"https:\/\/i0.wp.com\/cdnoticias.com\/wp-content\/uploads\/2023\/10\/necrologicas-390-x-240.jpg?fit=390%2C240&ssl=1","jetpack_sharing_enabled":true,"_links":{"self":[{"href":"https:\/\/cdnoticias.com\/index.php\/wp-json\/wp\/v2\/posts\/134829","targetHints":{"allow":["GET"]}}],"collection":[{"href":"https:\/\/cdnoticias.com\/index.php\/wp-json\/wp\/v2\/posts"}],"about":[{"href":"https:\/\/cdnoticias.com\/index.php\/wp-json\/wp\/v2\/types\/post"}],"author":[{"embeddable":true,"href":"https:\/\/cdnoticias.com\/index.php\/wp-json\/wp\/v2\/users\/5"}],"replies":[{"embeddable":true,"href":"https:\/\/cdnoticias.com\/index.php\/wp-json\/wp\/v2\/comments?post=134829"}],"version-history":[{"count":0,"href":"https:\/\/cdnoticias.com\/index.php\/wp-json\/wp\/v2\/posts\/134829\/revisions"}],"wp:featuredmedia":[{"embeddable":true,"href":"https:\/\/cdnoticias.com\/index.php\/wp-json\/wp\/v2\/media\/100390"}],"wp:attachment":[{"href":"https:\/\/cdnoticias.com\/index.php\/wp-json\/wp\/v2\/media?parent=134829"}],"wp:term":[{"taxonomy":"category","embeddable":true,"href":"https:\/\/cdnoticias.com\/index.php\/wp-json\/wp\/v2\/categories?post=134829"},{"taxonomy":"post_tag","embeddable":true,"href":"https:\/\/cdnoticias.com\/index.php\/wp-json\/wp\/v2\/tags?post=134829"}],"curies":[{"name":"wp","href":"https:\/\/api.w.org\/{rel}","templated":true}]}}