{"id":1348,"date":"2020-09-13T15:48:37","date_gmt":"2020-09-13T18:48:37","guid":{"rendered":"http:\/\/www.centraldenoticias.com.ar\/?p=1348"},"modified":"2020-09-13T17:21:23","modified_gmt":"2020-09-13T20:21:23","slug":"informe-especial-ojos-en-alerta-en-numeros","status":"publish","type":"post","link":"https:\/\/cdnoticias.com\/index.php\/2020\/09\/13\/informe-especial-ojos-en-alerta-en-numeros\/","title":{"rendered":"Informe especial: Ojos en Alerta en n\u00fameros"},"content":{"rendered":"<p>Central de Noticias accedi\u00f3 al informe de gesti\u00f3n realizado desde el Centro de Monitoreo local acerca del funcionamiento de la aplicaci\u00f3n virtual para denunciar emergencias. <strong>El promedio mensual es de 240 comunicaciones a trav\u00e9s de esta herramienta que funciona con la aplicaci\u00f3n WhatsApp.<\/strong><\/p>\n<hr \/>\n<p>&nbsp;<\/p>\n<p>Tal cual lo enfatiz\u00f3 Daniel Manuel <a href=\"https:\/\/cdnoticias.com\/index.php\/2020\/09\/13\/el-centro-de-monitoreo-municipal-cumplio-una-decada-de-labor\/\">en entrevista con este portal<\/a>, la implementaci\u00f3n de Ojos en Alerta ha incrementado el v\u00ednculo de la comunidad con el Centro de Monitoreo Municipal,<strong> una comunicaci\u00f3n que se increment\u00f3 sin dudas en tiempos de pandemia.<\/strong><\/p>\n<p>&nbsp;<\/p>\n<blockquote><p>De septiembre del 2019 a fines de julio de este a\u00f1o se recibieron 2640 alertas a trav\u00e9s de esta herramienta<\/p><\/blockquote>\n<p>&nbsp;<\/p>\n<p><strong>Central de Noticias<\/strong> accedi\u00f3 al informe de gesti\u00f3n acerca de la aplicaci\u00f3n que, particularmente, tambi\u00e9n se puso en marcha en el mes de septiembre pero de 2019. El detalle es hasta fines del mes de julio.\u00a0<strong>Se trata de una herramienta virtual que funciona en la aplicaci\u00f3n WhatsApp y permite una comunicaci\u00f3n directa con el Centro de Monitoreo<\/strong>. En la denuncia, adem\u00e1s de narrar el hecho que se est\u00e1 denunciando, tambi\u00e9n se obtiene la informaci\u00f3n de quien es el denunciante y punto de la ciudad, tanto para un mejor seguimiento del caso como para una respuesta m\u00e1s pronta.<\/p>\n<p>&nbsp;<\/p>\n<p><strong>Al d\u00eda de hoy son 3363 las personas inscriptas en esta suerte de red de prevenci\u00f3n municipal<\/strong>. De ese n\u00famero el 98%, es decir 3282 personas corresponden a Ojos en Alerta en s\u00ed, mientras que el porcentaje restante, que equivale a 81 personas, se trata de v\u00edctimas de violencia de g\u00e9nero a quienes se les provey\u00f3 de esta aplicaci\u00f3n que <strong>tambi\u00e9n tiene la particularidad de funcionar como bot\u00f3n antip\u00e1nico, una medida acordada y coordinada con el Juzgado de Familia local.<\/strong><\/p>\n<p>&nbsp;<\/p>\n<p><strong>M\u00e1s cifras<\/strong><\/p>\n<p>&nbsp;<\/p>\n<p>Sin dudas otro de los datos relevantes es que desde septiembre hasta el 31 de julio inclusive el promedio mensual de alertas a trav\u00e9s de esta v\u00eda es de 240. Analizando el detalle mes por mes se puede ver, por ejemplo, que en marzo, mes en que se puso en marcha el aislamiento social, preventivo y obligatorio se registr\u00f3 el n\u00famero m\u00e1s alto de comunicaciones, 377.<\/p>\n<p>&nbsp;<\/p>\n<p>Esa tendencia puede verse tambi\u00e9n en los meses siguientes, como lo fue en junio y julio, meses en los que se registraron 344 y 323 alertas mensuales respectivamente.<\/p>\n<p>&nbsp;<\/p>\n<p><img data-recalc-dims=\"1\" loading=\"lazy\" decoding=\"async\" class=\"alignnone size-full wp-image-1349\" src=\"https:\/\/i0.wp.com\/cdnoticias.com\/wp-content\/uploads\/2020\/09\/OEA.jpg?resize=800%2C447&#038;ssl=1\" alt=\"\" width=\"800\" height=\"447\" srcset=\"https:\/\/i0.wp.com\/cdnoticias.com\/wp-content\/uploads\/2020\/09\/OEA.jpg?w=814&amp;ssl=1 814w, https:\/\/i0.wp.com\/cdnoticias.com\/wp-content\/uploads\/2020\/09\/OEA.jpg?resize=300%2C168&amp;ssl=1 300w, https:\/\/i0.wp.com\/cdnoticias.com\/wp-content\/uploads\/2020\/09\/OEA.jpg?resize=768%2C429&amp;ssl=1 768w\" sizes=\"auto, (max-width: 800px) 100vw, 800px\" \/><\/p>\n<p>&nbsp;<\/p>\n<p>Por \u00faltimo, en ese mismo an\u00e1lisis pueden verse otra serie de datos que merecen su menci\u00f3n. Entre ellos sobresale que el tiempo de respuesta promedio a cada comunicaci\u00f3n es de 10 segundos, mientras que <strong>el arribo del m\u00f3vil policial al lugar tiene un tiempo de llegada, tambi\u00e9n promedio, de 6 minutos.<\/strong><\/p>\n<p>&nbsp;<\/p>\n<p>Con respecto a los mensajes en s\u00ed se detall\u00f3 que <strong>el 70% son v\u00eda texto<\/strong>, mientras que los restantes, claro est\u00e1, son en audios. <strong>La franja horaria de 12 a 18 es en la que se producen la mayor\u00eda de las comunicaciones.\u00a0<\/strong><\/p>\n","protected":false},"excerpt":{"rendered":"<p>Central de Noticias accedi\u00f3 al informe de gesti\u00f3n realizado desde el Centro de Monitoreo local acerca del funcionamiento de la<\/p>\n","protected":false},"author":3,"featured_media":1432,"comment_status":"closed","ping_status":"closed","sticky":false,"template":"","format":"standard","meta":{"_jetpack_memberships_contains_paid_content":false,"footnotes":""},"categories":[5,1],"tags":[],"class_list":["post-1348","post","type-post","status-publish","format-standard","has-post-thumbnail","hentry","category-informacion-general","category-portada"],"jetpack_featured_media_url":"https:\/\/i0.wp.com\/cdnoticias.com\/wp-content\/uploads\/2020\/09\/OEAAA.jpg?fit=795%2C429&ssl=1","jetpack_sharing_enabled":true,"_links":{"self":[{"href":"https:\/\/cdnoticias.com\/index.php\/wp-json\/wp\/v2\/posts\/1348","targetHints":{"allow":["GET"]}}],"collection":[{"href":"https:\/\/cdnoticias.com\/index.php\/wp-json\/wp\/v2\/posts"}],"about":[{"href":"https:\/\/cdnoticias.com\/index.php\/wp-json\/wp\/v2\/types\/post"}],"author":[{"embeddable":true,"href":"https:\/\/cdnoticias.com\/index.php\/wp-json\/wp\/v2\/users\/3"}],"replies":[{"embeddable":true,"href":"https:\/\/cdnoticias.com\/index.php\/wp-json\/wp\/v2\/comments?post=1348"}],"version-history":[{"count":0,"href":"https:\/\/cdnoticias.com\/index.php\/wp-json\/wp\/v2\/posts\/1348\/revisions"}],"wp:featuredmedia":[{"embeddable":true,"href":"https:\/\/cdnoticias.com\/index.php\/wp-json\/wp\/v2\/media\/1432"}],"wp:attachment":[{"href":"https:\/\/cdnoticias.com\/index.php\/wp-json\/wp\/v2\/media?parent=1348"}],"wp:term":[{"taxonomy":"category","embeddable":true,"href":"https:\/\/cdnoticias.com\/index.php\/wp-json\/wp\/v2\/categories?post=1348"},{"taxonomy":"post_tag","embeddable":true,"href":"https:\/\/cdnoticias.com\/index.php\/wp-json\/wp\/v2\/tags?post=1348"}],"curies":[{"name":"wp","href":"https:\/\/api.w.org\/{rel}","templated":true}]}}