{"id":134769,"date":"2025-01-17T16:32:26","date_gmt":"2025-01-17T19:32:26","guid":{"rendered":"https:\/\/cdnoticias.com\/?p=134769"},"modified":"2025-01-18T08:38:25","modified_gmt":"2025-01-18T11:38:25","slug":"wesner-recorrio-la-obra-de-100-viviendas-del-ceco-iii","status":"publish","type":"post","link":"https:\/\/cdnoticias.com\/index.php\/2025\/01\/17\/wesner-recorrio-la-obra-de-100-viviendas-del-ceco-iii\/","title":{"rendered":"Wesner recorri\u00f3 la obra de 100 viviendas del CECO III"},"content":{"rendered":"\n<p>El Intendente estuvo acompa\u00f1ado de autoridades del gremio, y recordaron las gestiones realizadas ante el Instituto de la Vivienda para que en la actualidad avancen los trabajos sin detenerse.<\/p>\n\n\n\n<hr class=\"wp-block-separator aligncenter has-alpha-channel-opacity\"\/>\n\n\n\n<p>En la ma\u00f1ana de este viernes<strong> el Intendente Municipal Maximiliano Wesner, acompa\u00f1ado por autoridades del Sindicato del Centro Empleados de Comercio Olavarr\u00eda (CECO), recorrieron el predio donde se lleva adelante la construcci\u00f3n de un centenar de viviendas,<\/strong> un sue\u00f1o conjunto que ahora se encuentra muy cerca de concretarse.<\/p>\n\n\n\n<figure class=\"wp-block-image size-large\"><img data-recalc-dims=\"1\" loading=\"lazy\" decoding=\"async\" width=\"800\" height=\"533\" src=\"https:\/\/i0.wp.com\/cdnoticias.com\/wp-content\/uploads\/2025\/01\/WhatsApp-Image-2025-01-17-at-14.01.23.jpeg?resize=800%2C533&#038;ssl=1\" alt=\"\" class=\"wp-image-134772\" srcset=\"https:\/\/i0.wp.com\/cdnoticias.com\/wp-content\/uploads\/2025\/01\/WhatsApp-Image-2025-01-17-at-14.01.23.jpeg?resize=1024%2C682&amp;ssl=1 1024w, https:\/\/i0.wp.com\/cdnoticias.com\/wp-content\/uploads\/2025\/01\/WhatsApp-Image-2025-01-17-at-14.01.23.jpeg?resize=300%2C200&amp;ssl=1 300w, https:\/\/i0.wp.com\/cdnoticias.com\/wp-content\/uploads\/2025\/01\/WhatsApp-Image-2025-01-17-at-14.01.23.jpeg?resize=768%2C512&amp;ssl=1 768w, https:\/\/i0.wp.com\/cdnoticias.com\/wp-content\/uploads\/2025\/01\/WhatsApp-Image-2025-01-17-at-14.01.23.jpeg?resize=1536%2C1023&amp;ssl=1 1536w, https:\/\/i0.wp.com\/cdnoticias.com\/wp-content\/uploads\/2025\/01\/WhatsApp-Image-2025-01-17-at-14.01.23.jpeg?resize=272%2C182&amp;ssl=1 272w, https:\/\/i0.wp.com\/cdnoticias.com\/wp-content\/uploads\/2025\/01\/WhatsApp-Image-2025-01-17-at-14.01.23.jpeg?w=1600&amp;ssl=1 1600w\" sizes=\"auto, (max-width: 800px) 100vw, 800px\" \/><\/figure>\n\n\n\n<p>En la visita Wesner dialog\u00f3 con trabajadores y responsables t\u00e9cnicos y destac\u00f3<em><strong> \u201ces muy gratificante ver este grado de avance, pronto se concretar\u00e1 el sue\u00f1o de 100 familias con viviendas de calidad, con una construcci\u00f3n s\u00f3lida y moderna\u201d.<\/strong><\/em><\/p>\n\n\n\n<p><em>\u201cAntes de asumir como Intendente, iniciamos las gestiones ante el Instituto de la Vivienda de la Provincia de Buenos Aires para conseguir los fondos para el financiamiento de este gran proyecto y desde ese momento gracias al compromiso de todos y el trabajo articulado en la actualidad del Municipio con el Instituto de la Vivienda y el CECO no dej\u00f3 de avanzar\u201d<\/em>, a\u00f1adi\u00f3 el Jefe Comunal.<\/p>\n\n\n\n<figure class=\"wp-block-image size-large\"><img data-recalc-dims=\"1\" loading=\"lazy\" decoding=\"async\" width=\"800\" height=\"517\" src=\"https:\/\/i0.wp.com\/cdnoticias.com\/wp-content\/uploads\/2025\/01\/WhatsApp-Image-2025-01-17-at-14.01.24.jpeg?resize=800%2C517&#038;ssl=1\" alt=\"\" class=\"wp-image-134774\" srcset=\"https:\/\/i0.wp.com\/cdnoticias.com\/wp-content\/uploads\/2025\/01\/WhatsApp-Image-2025-01-17-at-14.01.24.jpeg?resize=1024%2C662&amp;ssl=1 1024w, https:\/\/i0.wp.com\/cdnoticias.com\/wp-content\/uploads\/2025\/01\/WhatsApp-Image-2025-01-17-at-14.01.24.jpeg?resize=300%2C194&amp;ssl=1 300w, https:\/\/i0.wp.com\/cdnoticias.com\/wp-content\/uploads\/2025\/01\/WhatsApp-Image-2025-01-17-at-14.01.24.jpeg?resize=768%2C496&amp;ssl=1 768w, https:\/\/i0.wp.com\/cdnoticias.com\/wp-content\/uploads\/2025\/01\/WhatsApp-Image-2025-01-17-at-14.01.24.jpeg?resize=1536%2C993&amp;ssl=1 1536w, https:\/\/i0.wp.com\/cdnoticias.com\/wp-content\/uploads\/2025\/01\/WhatsApp-Image-2025-01-17-at-14.01.24.jpeg?w=1600&amp;ssl=1 1600w\" sizes=\"auto, (max-width: 800px) 100vw, 800px\" \/><\/figure>\n\n\n\n<p>Al entrar a una de las viviendas que est\u00e1 en su etapa final y apreciando la calidad de la construcci\u00f3n y de los materiales utilizados se\u00f1al\u00f3<em><strong> \u201ces importante ver el nombre de empresas locales, saber que las tres empresas que est\u00e1n trabajando y que los materiales utilizados son todos de la ciudad. Eso, en este contexto nacional muy dif\u00edcil para la obra p\u00fablica, nos permite dinamizar la econom\u00eda de la ciudad\u201d.<\/strong><\/em><\/p>\n\n\n\n<p><strong>Las viviendas cuentan con dos dormitorios y una superficie de 56 m2 y 58 m2.<\/strong> Se encuentran ubicadas en avenida Sarmiento entre las calles Guisasola, Estrada, Pourtal\u00e9, Merlo, Grimaldi y Jun\u00edn.<\/p>\n\n\n\n<figure class=\"wp-block-image size-large\"><img data-recalc-dims=\"1\" loading=\"lazy\" decoding=\"async\" width=\"800\" height=\"533\" src=\"https:\/\/i0.wp.com\/cdnoticias.com\/wp-content\/uploads\/2025\/01\/WhatsApp-Image-2025-01-17-at-14.01.22.jpeg?resize=800%2C533&#038;ssl=1\" alt=\"\" class=\"wp-image-134770\" srcset=\"https:\/\/i0.wp.com\/cdnoticias.com\/wp-content\/uploads\/2025\/01\/WhatsApp-Image-2025-01-17-at-14.01.22.jpeg?resize=1024%2C682&amp;ssl=1 1024w, https:\/\/i0.wp.com\/cdnoticias.com\/wp-content\/uploads\/2025\/01\/WhatsApp-Image-2025-01-17-at-14.01.22.jpeg?resize=300%2C200&amp;ssl=1 300w, https:\/\/i0.wp.com\/cdnoticias.com\/wp-content\/uploads\/2025\/01\/WhatsApp-Image-2025-01-17-at-14.01.22.jpeg?resize=768%2C512&amp;ssl=1 768w, https:\/\/i0.wp.com\/cdnoticias.com\/wp-content\/uploads\/2025\/01\/WhatsApp-Image-2025-01-17-at-14.01.22.jpeg?resize=1536%2C1023&amp;ssl=1 1536w, https:\/\/i0.wp.com\/cdnoticias.com\/wp-content\/uploads\/2025\/01\/WhatsApp-Image-2025-01-17-at-14.01.22.jpeg?resize=272%2C182&amp;ssl=1 272w, https:\/\/i0.wp.com\/cdnoticias.com\/wp-content\/uploads\/2025\/01\/WhatsApp-Image-2025-01-17-at-14.01.22.jpeg?w=1600&amp;ssl=1 1600w\" sizes=\"auto, (max-width: 800px) 100vw, 800px\" \/><\/figure>\n\n\n\n<p>M\u00e1s adelante, <strong>se informar\u00e1 el inicio del proceso de inscripci\u00f3n y los paso para participar del sorteo de las 100 viviendas que se encuentran en un 85% de avance.<\/strong><\/p>\n\n\n\n<figure class=\"wp-block-embed is-type-wp-embed is-provider-central-de-noticias-olavarr-a wp-block-embed-central-de-noticias-olavarr-a\"><div class=\"wp-block-embed__wrapper\">\n<blockquote class=\"wp-embedded-content\" data-secret=\"Xs5gwl2CUg\"><a href=\"https:\/\/cdnoticias.com\/index.php\/2025\/01\/16\/barrio-ceco-iii-la-prioridad-es-que-nuestros-afiliados-y-afiliadas-puedan-ingresar\/\">Barrio CECO III: \u201cla prioridad es que nuestros afiliados y afiliadas puedan ingresar\u201d<\/a><\/blockquote><iframe loading=\"lazy\" class=\"wp-embedded-content\" sandbox=\"allow-scripts\" security=\"restricted\" style=\"position: absolute; visibility: hidden;\" title=\"&#8220;Barrio CECO III: \u201cla prioridad es que nuestros afiliados y afiliadas puedan ingresar\u201d&#8221; &#8212; Central de Noticias | Olavarr\u00eda\" src=\"https:\/\/cdnoticias.com\/index.php\/2025\/01\/16\/barrio-ceco-iii-la-prioridad-es-que-nuestros-afiliados-y-afiliadas-puedan-ingresar\/embed\/#?secret=GxlOIj8VP4#?secret=Xs5gwl2CUg\" data-secret=\"Xs5gwl2CUg\" width=\"600\" height=\"338\" frameborder=\"0\" marginwidth=\"0\" marginheight=\"0\" scrolling=\"no\"><\/iframe>\n<\/div><\/figure>\n","protected":false},"excerpt":{"rendered":"<p>El Intendente estuvo acompa\u00f1ado de autoridades del gremio, y recordaron las gestiones realizadas ante el Instituto de la Vivienda para<\/p>\n","protected":false},"author":2,"featured_media":134773,"comment_status":"closed","ping_status":"closed","sticky":false,"template":"","format":"standard","meta":{"_jetpack_memberships_contains_paid_content":false,"footnotes":""},"categories":[5,1],"tags":[],"class_list":["post-134769","post","type-post","status-publish","format-standard","has-post-thumbnail","hentry","category-informacion-general","category-portada"],"jetpack_featured_media_url":"https:\/\/i0.wp.com\/cdnoticias.com\/wp-content\/uploads\/2025\/01\/WhatsApp-Image-2025-01-17-at-14.01.23-2.jpeg?fit=1600%2C1066&ssl=1","jetpack_sharing_enabled":true,"_links":{"self":[{"href":"https:\/\/cdnoticias.com\/index.php\/wp-json\/wp\/v2\/posts\/134769","targetHints":{"allow":["GET"]}}],"collection":[{"href":"https:\/\/cdnoticias.com\/index.php\/wp-json\/wp\/v2\/posts"}],"about":[{"href":"https:\/\/cdnoticias.com\/index.php\/wp-json\/wp\/v2\/types\/post"}],"author":[{"embeddable":true,"href":"https:\/\/cdnoticias.com\/index.php\/wp-json\/wp\/v2\/users\/2"}],"replies":[{"embeddable":true,"href":"https:\/\/cdnoticias.com\/index.php\/wp-json\/wp\/v2\/comments?post=134769"}],"version-history":[{"count":0,"href":"https:\/\/cdnoticias.com\/index.php\/wp-json\/wp\/v2\/posts\/134769\/revisions"}],"wp:featuredmedia":[{"embeddable":true,"href":"https:\/\/cdnoticias.com\/index.php\/wp-json\/wp\/v2\/media\/134773"}],"wp:attachment":[{"href":"https:\/\/cdnoticias.com\/index.php\/wp-json\/wp\/v2\/media?parent=134769"}],"wp:term":[{"taxonomy":"category","embeddable":true,"href":"https:\/\/cdnoticias.com\/index.php\/wp-json\/wp\/v2\/categories?post=134769"},{"taxonomy":"post_tag","embeddable":true,"href":"https:\/\/cdnoticias.com\/index.php\/wp-json\/wp\/v2\/tags?post=134769"}],"curies":[{"name":"wp","href":"https:\/\/api.w.org\/{rel}","templated":true}]}}