{"id":134763,"date":"2025-01-17T13:22:49","date_gmt":"2025-01-17T16:22:49","guid":{"rendered":"https:\/\/cdnoticias.com\/?p=134763"},"modified":"2025-01-17T13:22:53","modified_gmt":"2025-01-17T16:22:53","slug":"conoce-la-agenda-de-actividades-para-el-finde-de-olavarria-en-verano","status":"publish","type":"post","link":"https:\/\/cdnoticias.com\/index.php\/2025\/01\/17\/conoce-la-agenda-de-actividades-para-el-finde-de-olavarria-en-verano\/","title":{"rendered":"Conoc\u00e9 la agenda de actividades para el finde de \u201cOlavarr\u00eda en Verano\u201d"},"content":{"rendered":"\n<p>Las propuestas comenzar\u00e1n este viernes y se desarrollar\u00e1n en distintos espacios de todo el Partido.<\/p>\n\n\n\n<hr class=\"wp-block-separator has-alpha-channel-opacity\"\/>\n\n\n\n<p>Desde el <strong>viernes 17 al domingo 20 de enero<\/strong> se llevar\u00e1n adelante variadas propuestas culturales, art\u00edsticas, deportivas y recreativas, organizadas por el Municipio de Olavarr\u00eda junto a distintas instituciones de la comunidad, destinadas para todas las edades, de manera totalmente gratuita, en el marco del programa \u201cOlavarr\u00eda en Verano\u201d.<\/p>\n\n\n\n<p><\/p>\n\n\n\n<p>Las actividades invitan a disfrutar y poner en valor los diferentes espacios de encuentro <strong>tanto de la ciudad como en las localidades del Partido de Olavarr\u00eda, <\/strong>durante esta temporada de verano.<\/p>\n\n\n\n<p><\/p>\n\n\n\n<p>A continuaci\u00f3n, te compartimos la <strong>agenda para el finde<\/strong>, que tambi\u00e9n pod\u00e9s encontrar en redes sociales del Municipio @olavarriamunicipio y @olavarria.va, con toda la info actualizada de propuestas, horarios y sitios de inter\u00e9s.<\/p>\n\n\n\n<p><\/p>\n\n\n\n<p><strong>Viernes 17 de enero<\/strong><\/p>\n\n\n\n<p><\/p>\n\n\n\n<p>18 horas: Ajedrez en la Casa del Bicentenario.<\/p>\n\n\n\n<p><br>18:30 horas: Centro Cultural Municipal \u201cSan Jos\u00e9\u201d: Taller Dibujando a cargo del dibujante Diego Sequeira. No requiere inscripci\u00f3n.<\/p>\n\n\n\n<p><br>19 horas: Centro Cultural Municipal \u201cSan Jos\u00e9\u201d. Jimena La Torre presenta su libro \u201cPortales 2025\u201d \u00bfQu\u00e9 te toca transitar este a\u00f1o seg\u00fan tu signo?<\/p>\n\n\n\n<p><br>19 a 23 horas. Parque Mitre (Brown y Necochea). Primera fecha del a\u00f1o de la feria \u201cMercados bonaerenses\u201d, con productores locales, edici\u00f3n especial \u201cde tardecita\u201d. Se recomienda llevar bolsa para las compras.<\/p>\n\n\n\n<p><br>19 horas: Museo Municipal \u201cD\u00e1maso Arce\u201d: JAM de dibujo y estimulaci\u00f3n sonora en el marco de la muestra \u201cCierto l\u00edmite incierto\u201d. Se trata de improvisaci\u00f3n lineal al paso, donde los participantes podr\u00e1n dibujar con l\u00e1pices, barras de graffiti, tiza o pasteles.<\/p>\n\n\n\n<p><br>19 horas: Museo Municipal \u201cHermanos Emiliozzi\u201d. Taller \u201cBuscando a los Emilliozzi\u201d (para infancias de 5 a 10 a\u00f1os, sin inscripci\u00f3n previa, cupo por orden de llegada).<br>19 a 20 horas. Gimnasia en Hinojo (Parque Mitre).<\/p>\n\n\n\n<p><br>21 horas: Centro Cultural Municipal \u201cSan Jos\u00e9\u201d: \u201cCine bajo las estrellas\u201d. Una propuesta programada por Sebasti\u00e1n Magallanes, director del Festival Latinoamericano de Cine de Olavarr\u00eda (FeLCO). En esta oportunidad se proyectar\u00e1 \u00abEl fondo del Mar\u00bb, del director Dami\u00e1n Szifr\u00f3n.<\/p>\n\n\n\n<p><\/p>\n\n\n\n<p><strong>S\u00e1bado 18 de enero<\/strong><\/p>\n\n\n\n<p><\/p>\n\n\n\n<p>18 horas: Ajedrez en el Museo Municipal de las Ciencias \u201cIng. Rita Toniutti\u201d.<\/p>\n\n\n\n<p><br>20 horas: Museo Municipal \u201cD\u00e1maso Arce\u201d. Cine bajo las estrellas: \u201cRobotech: las cr\u00f3nicas de la sombra\u201d.<\/p>\n\n\n\n<p><br>20 horas: Casa del Bicentenario. Presentaci\u00f3n de las bandas: \u201c33 Grados\u201d, \u201cRazorblade\u201d y \u201cTramb\u00f3likos\u201d. Foodtrucks y cerveceros.<\/p>\n\n\n\n<p><br>20 horas: Plaza de Sierras Bayas. Presentaci\u00f3n de las bandas \u201cHalf Devils\u201d (rock) y \u201cLa nueva era\u201d (cumbia). Foodtrucks.<\/p>\n\n\n\n<p><br>20 horas: Sierra Chica: \u201cHoy mi plaza est\u00e1 de fiesta\u201d en Plaza Belgrano (Av. Legorburu e\/ Granata y av. Centenario). Actuar\u00e1 el Cuarteto Popular Municipal.<\/p>\n\n\n\n<p><\/p>\n\n\n\n<p><strong>Domingo 19 de enero<\/strong><\/p>\n\n\n\n<p><\/p>\n\n\n\n<p>Fiesta 138\u00ba Aniversario de Hinojo en Parque Mitre. 12 horas: apertura de puestos de comida, 18 horas: llegada de La Galera junto a autos cl\u00e1sicos de la Agrupaci\u00f3n Autos Cl\u00e1sicos de Olavarr\u00eda, 19 horas: acto protocolar, 20 horas: apertura del escenario con la presentaci\u00f3n de distintas bandas como Galaxis, Mart\u00edn Graff y Los Eternos. 22:30 horas: Gran show de cierre con \u201cLos del Fuego\u201d.<\/p>\n\n\n\n<p><br>19 horas: Centro Cultural Municipal \u201cSan Jos\u00e9\u201d. Taller \u201cDibujando en Familia\u201d a cargo del ilustrador Diego Sequeira.<\/p>\n\n\n\n<p><br>20 horas: Paseo Jes\u00fas Mend\u00eda. Espect\u00e1culo infantil a cargo del payaso \u201cElvira\u201d y la presentaci\u00f3n de los m\u00fasicos Alejandro Bellendier y Esteban Muia. Habr\u00e1 feria de artesanos.<\/p>\n\n\n\n<p><br>De 20 a 00 horas. Baile popular en la plaza \u201c17 de Octubre\u201d (Sierras Bayas). Presentaci\u00f3n de la Orquesta Santa Isabel, organizado por la Sub Comisi\u00f3n de Bomberos Destacamento N\u00b0 2 de Sierras Bayas.<\/p>\n","protected":false},"excerpt":{"rendered":"<p>Las propuestas comenzar\u00e1n este viernes y se desarrollar\u00e1n en distintos espacios de todo el Partido. Desde el viernes 17 al<\/p>\n","protected":false},"author":5,"featured_media":134764,"comment_status":"closed","ping_status":"closed","sticky":false,"template":"","format":"standard","meta":{"_jetpack_memberships_contains_paid_content":false,"footnotes":""},"categories":[9,1],"tags":[],"class_list":["post-134763","post","type-post","status-publish","format-standard","has-post-thumbnail","hentry","category-cultura","category-portada"],"jetpack_featured_media_url":"https:\/\/i0.wp.com\/cdnoticias.com\/wp-content\/uploads\/2025\/01\/Centro-Cultural-Musica-bajo-las-estrellas-16-scaled-1.jpg?fit=800%2C445&ssl=1","jetpack_sharing_enabled":true,"_links":{"self":[{"href":"https:\/\/cdnoticias.com\/index.php\/wp-json\/wp\/v2\/posts\/134763","targetHints":{"allow":["GET"]}}],"collection":[{"href":"https:\/\/cdnoticias.com\/index.php\/wp-json\/wp\/v2\/posts"}],"about":[{"href":"https:\/\/cdnoticias.com\/index.php\/wp-json\/wp\/v2\/types\/post"}],"author":[{"embeddable":true,"href":"https:\/\/cdnoticias.com\/index.php\/wp-json\/wp\/v2\/users\/5"}],"replies":[{"embeddable":true,"href":"https:\/\/cdnoticias.com\/index.php\/wp-json\/wp\/v2\/comments?post=134763"}],"version-history":[{"count":0,"href":"https:\/\/cdnoticias.com\/index.php\/wp-json\/wp\/v2\/posts\/134763\/revisions"}],"wp:featuredmedia":[{"embeddable":true,"href":"https:\/\/cdnoticias.com\/index.php\/wp-json\/wp\/v2\/media\/134764"}],"wp:attachment":[{"href":"https:\/\/cdnoticias.com\/index.php\/wp-json\/wp\/v2\/media?parent=134763"}],"wp:term":[{"taxonomy":"category","embeddable":true,"href":"https:\/\/cdnoticias.com\/index.php\/wp-json\/wp\/v2\/categories?post=134763"},{"taxonomy":"post_tag","embeddable":true,"href":"https:\/\/cdnoticias.com\/index.php\/wp-json\/wp\/v2\/tags?post=134763"}],"curies":[{"name":"wp","href":"https:\/\/api.w.org\/{rel}","templated":true}]}}