{"id":134750,"date":"2025-01-17T10:44:25","date_gmt":"2025-01-17T13:44:25","guid":{"rendered":"https:\/\/cdnoticias.com\/?p=134750"},"modified":"2025-01-17T16:38:52","modified_gmt":"2025-01-17T19:38:52","slug":"incendios-forestales-el-municipio-pide-incrementar-recaudos-ante-las-altas-temperaturas","status":"publish","type":"post","link":"https:\/\/cdnoticias.com\/index.php\/2025\/01\/17\/incendios-forestales-el-municipio-pide-incrementar-recaudos-ante-las-altas-temperaturas\/","title":{"rendered":"Incendios forestales: El Municipio pide incrementar recaudos ante las altas temperaturas"},"content":{"rendered":"\n<p>El riesgo de este tipo de siniestros aumenta con las altas temperaturas. Recomendaciones y el trabajo de Defensa Civil y Bomberos Voluntarios.<\/p>\n\n\n\n<hr class=\"wp-block-separator has-alpha-channel-opacity\"\/>\n\n\n\n<p>El Municipio de Olavarr\u00eda solicit\u00f3 a la comunidad de todo el Partido, como as\u00ed tambi\u00e9n de distritos vecinos, a que se incrementen los recaudos con el fin de evitar el registro de incendios forestales, <strong>un riesgo que se incrementa en jornadas de altas temperaturas. <\/strong>En ese marco, el intendente Wesner encabeza actualmente un dispositivo preventivo que se despliega de manera conjunta con la Direcci\u00f3n de Defensa Civil y Bomberos Voluntarios.<\/p>\n\n\n\n<p><\/p>\n\n\n\n<p>El llamado a la colaboraci\u00f3n surge en d\u00edas en lo que este tipo de episodios se han replicado en distintos puntos del pa\u00eds, con cuantiosas p\u00e9rdidas, y en los que Olavarr\u00eda no ha sido la excepci\u00f3n. Tal es as\u00ed que han sido necesarios servicios de extinci\u00f3n tanto en distintos sectores de la ciudad y localidades, como as\u00ed tambi\u00e9n en establecimientos rurales.<\/p>\n\n\n\n<p><\/p>\n\n\n\n<blockquote class=\"wp-block-quote is-layout-flow wp-block-quote-is-layout-flow\">\n<p>Es clave el compromiso y acompa\u00f1amiento de la comunidad, para que se adopten distintas conductas con el objetivo de reducir el riesgo de siniestros. Se aconseja mantener o colaborar con la limpieza de terrenos bald\u00edos, no solo no arrojando residuos, sino tambi\u00e9n no iniciando fuego para ahuyentar roedores o serpientes. <\/p>\n<\/blockquote>\n\n\n\n<p><\/p>\n\n\n\n<p>Estos incendios, que est\u00e1n prohibidos por afectar propiedades privadas y el medio ambiente, pueden propagarse a viviendas linderas, algunas de construcci\u00f3n precaria, autom\u00f3viles en desuso o cualquier tipo de elementos que dificultan su extinci\u00f3n y ponen inclusive en riesgo a las personas o animales. Por ello, se reitera, <strong>se recomienda mantener los terrenos libres de residuos y con pasto corto, por lo que se insta a las personas a mantener en condiciones sus lotes.<\/strong><\/p>\n\n\n\n<p><\/p>\n\n\n\n<figure class=\"wp-block-image size-full\"><img data-recalc-dims=\"1\" loading=\"lazy\" decoding=\"async\" width=\"800\" height=\"445\" src=\"https:\/\/i0.wp.com\/cdnoticias.com\/wp-content\/uploads\/2025\/01\/Wesner-Guevara-Ferreira.jpg?resize=800%2C445&#038;ssl=1\" alt=\"\" class=\"wp-image-134751\" srcset=\"https:\/\/i0.wp.com\/cdnoticias.com\/wp-content\/uploads\/2025\/01\/Wesner-Guevara-Ferreira.jpg?w=800&amp;ssl=1 800w, https:\/\/i0.wp.com\/cdnoticias.com\/wp-content\/uploads\/2025\/01\/Wesner-Guevara-Ferreira.jpg?resize=300%2C167&amp;ssl=1 300w, https:\/\/i0.wp.com\/cdnoticias.com\/wp-content\/uploads\/2025\/01\/Wesner-Guevara-Ferreira.jpg?resize=768%2C427&amp;ssl=1 768w\" sizes=\"auto, (max-width: 800px) 100vw, 800px\" \/><\/figure>\n\n\n\n<p><\/p>\n\n\n\n<p>Resaltaron que debido al actual contexto el intendente Wesner tom\u00f3 la decisi\u00f3n de<strong> incrementar los esfuerzos preventivos <\/strong>con especial \u00e9nfasis en la educaci\u00f3n e informaci\u00f3n hacia la comunidad, como as\u00ed tambi\u00e9n en <strong>promover un espacio de coordinaci\u00f3n e intercambio entre Defensa Civil y Bomberos Voluntario<\/strong>s con el objetivo de poder planificar estrategias conjuntas que permitan optimizar las herramientas disponibles, priorizando la atenci\u00f3n de emergencias que representan un riesgo directo para la vida de las personas o los inmuebles.<\/p>\n\n\n\n<p><\/p>\n\n\n\n<p>En ese sentido, se aclar\u00f3 que <strong>al no escuchar el sonido de las sirenas muchas personas quiz\u00e1s creen que la actividad del cuartel es baja, pero lo que realmente sucede es que para este tipo de servicios no se utiliza la sirena para no alarmar a la poblaci\u00f3n.<\/strong> En contrapartida a lo que se cree, bomberos concurren en reiteradas ocasiones a un mismo lugar, ya que las llamas se reinician tanto por acci\u00f3n de la naturaleza como de las personas.<\/p>\n\n\n\n<p><\/p>\n\n\n\n<blockquote class=\"wp-block-quote is-layout-flow wp-block-quote-is-layout-flow\">\n<p>Es m\u00e1s, ante determinadas situaciones en las que el incendio no reviste peligro, la dotaci\u00f3n de bomberos o el personal que verifica el incendio lo deja quemar.<\/p>\n<\/blockquote>\n\n\n\n<p><\/p>\n\n\n\n<p>Desde el Cuartel de Bomberos Voluntarios se expres\u00f3 que<strong> la cantidad de unidades que dispone son suficientes para dar respuesta a todas las emergencias<\/strong>, sean accidentes, incendios de viviendas, incendios forestales, por citar algunas. <strong>No obstante, ante la ocurrencia de incendios forestales en forma simult\u00e1nea, la capacidad se ve afectada ya que no todas las unidades sirven para un mismo fin.<\/strong> Y, a la par, en materia de personal, muchas veces los agentes de guardia est\u00e1n dispuestos para la emergencia en donde existe la posibilidad de riesgo de vida de personas o inmuebles.<\/p>\n\n\n\n<p><\/p>\n\n\n\n<p>Por \u00faltimo, se record\u00f3 que <strong>provocar un incendio por imprudencia, negligencia o desconocimiento de los reglamentos u ordenanzas es pasible de penas establecidas en los art\u00edculos 186 y 189 del C\u00f3digo Penal de la Naci\u00f3n Argentina.<\/strong><\/p>\n\n\n\n<p><\/p>\n\n\n\n<p>Ante cualquier emergencia se recomienda tener a disposici\u00f3n los siguientes n\u00fameros de emergencia <strong>Bomberos 100 y 422222, Defensa Civil 103.<\/strong><\/p>\n","protected":false},"excerpt":{"rendered":"<p>El riesgo de este tipo de siniestros aumenta con las altas temperaturas. Recomendaciones y el trabajo de Defensa Civil y<\/p>\n","protected":false},"author":5,"featured_media":101200,"comment_status":"closed","ping_status":"closed","sticky":false,"template":"","format":"standard","meta":{"_jetpack_memberships_contains_paid_content":false,"footnotes":""},"categories":[5,1],"tags":[],"class_list":["post-134750","post","type-post","status-publish","format-standard","has-post-thumbnail","hentry","category-informacion-general","category-portada"],"jetpack_featured_media_url":"https:\/\/i0.wp.com\/cdnoticias.com\/wp-content\/uploads\/2023\/11\/bomberos-incendio-forestal.jpg?fit=800%2C445&ssl=1","jetpack_sharing_enabled":true,"_links":{"self":[{"href":"https:\/\/cdnoticias.com\/index.php\/wp-json\/wp\/v2\/posts\/134750","targetHints":{"allow":["GET"]}}],"collection":[{"href":"https:\/\/cdnoticias.com\/index.php\/wp-json\/wp\/v2\/posts"}],"about":[{"href":"https:\/\/cdnoticias.com\/index.php\/wp-json\/wp\/v2\/types\/post"}],"author":[{"embeddable":true,"href":"https:\/\/cdnoticias.com\/index.php\/wp-json\/wp\/v2\/users\/5"}],"replies":[{"embeddable":true,"href":"https:\/\/cdnoticias.com\/index.php\/wp-json\/wp\/v2\/comments?post=134750"}],"version-history":[{"count":0,"href":"https:\/\/cdnoticias.com\/index.php\/wp-json\/wp\/v2\/posts\/134750\/revisions"}],"wp:featuredmedia":[{"embeddable":true,"href":"https:\/\/cdnoticias.com\/index.php\/wp-json\/wp\/v2\/media\/101200"}],"wp:attachment":[{"href":"https:\/\/cdnoticias.com\/index.php\/wp-json\/wp\/v2\/media?parent=134750"}],"wp:term":[{"taxonomy":"category","embeddable":true,"href":"https:\/\/cdnoticias.com\/index.php\/wp-json\/wp\/v2\/categories?post=134750"},{"taxonomy":"post_tag","embeddable":true,"href":"https:\/\/cdnoticias.com\/index.php\/wp-json\/wp\/v2\/tags?post=134750"}],"curies":[{"name":"wp","href":"https:\/\/api.w.org\/{rel}","templated":true}]}}