{"id":134748,"date":"2025-01-17T09:52:28","date_gmt":"2025-01-17T12:52:28","guid":{"rendered":"https:\/\/cdnoticias.com\/?p=134748"},"modified":"2025-01-17T09:52:32","modified_gmt":"2025-01-17T12:52:32","slug":"jose-alberto-ramallo-q-e-p-d","status":"publish","type":"post","link":"https:\/\/cdnoticias.com\/index.php\/2025\/01\/17\/jose-alberto-ramallo-q-e-p-d\/","title":{"rendered":"Jos\u00e9 Alberto Ramallo (Q.E.P.D.)"},"content":{"rendered":"\n<p><\/p>\n\n\n\n<p>Falleci\u00f3 el 15 de enero de 2025 a los 71 a\u00f1os en la ciudad de La Rioja.<\/p>\n\n\n\n<p><\/p>\n\n\n\n<p>Participan y comunican este triste dolor su madre Sara, sus hermanos Susana, \u00c1ngel, Horacio y Daniel. Su hija Rosa Elizabeth, Daniel, sus nietos, hijo pol\u00edtico Alejandro, sus sobrinos, cu\u00f1ado y dem\u00e1s familiares.<\/p>\n\n\n\n<p><\/p>\n\n\n\n<p>Nacido en Olavarr\u00eda.<\/p>\n","protected":false},"excerpt":{"rendered":"<p>Falleci\u00f3 el 15 de enero de 2025 a los 71 a\u00f1os en la ciudad de La Rioja. Participan y comunican<\/p>\n","protected":false},"author":5,"featured_media":100390,"comment_status":"closed","ping_status":"closed","sticky":false,"template":"","format":"standard","meta":{"_jetpack_memberships_contains_paid_content":false,"footnotes":""},"categories":[10],"tags":[],"class_list":["post-134748","post","type-post","status-publish","format-standard","has-post-thumbnail","hentry","category-necrologicas"],"jetpack_featured_media_url":"https:\/\/i0.wp.com\/cdnoticias.com\/wp-content\/uploads\/2023\/10\/necrologicas-390-x-240.jpg?fit=390%2C240&ssl=1","jetpack_sharing_enabled":true,"_links":{"self":[{"href":"https:\/\/cdnoticias.com\/index.php\/wp-json\/wp\/v2\/posts\/134748","targetHints":{"allow":["GET"]}}],"collection":[{"href":"https:\/\/cdnoticias.com\/index.php\/wp-json\/wp\/v2\/posts"}],"about":[{"href":"https:\/\/cdnoticias.com\/index.php\/wp-json\/wp\/v2\/types\/post"}],"author":[{"embeddable":true,"href":"https:\/\/cdnoticias.com\/index.php\/wp-json\/wp\/v2\/users\/5"}],"replies":[{"embeddable":true,"href":"https:\/\/cdnoticias.com\/index.php\/wp-json\/wp\/v2\/comments?post=134748"}],"version-history":[{"count":0,"href":"https:\/\/cdnoticias.com\/index.php\/wp-json\/wp\/v2\/posts\/134748\/revisions"}],"wp:featuredmedia":[{"embeddable":true,"href":"https:\/\/cdnoticias.com\/index.php\/wp-json\/wp\/v2\/media\/100390"}],"wp:attachment":[{"href":"https:\/\/cdnoticias.com\/index.php\/wp-json\/wp\/v2\/media?parent=134748"}],"wp:term":[{"taxonomy":"category","embeddable":true,"href":"https:\/\/cdnoticias.com\/index.php\/wp-json\/wp\/v2\/categories?post=134748"},{"taxonomy":"post_tag","embeddable":true,"href":"https:\/\/cdnoticias.com\/index.php\/wp-json\/wp\/v2\/tags?post=134748"}],"curies":[{"name":"wp","href":"https:\/\/api.w.org\/{rel}","templated":true}]}}