{"id":134704,"date":"2025-01-16T18:25:29","date_gmt":"2025-01-16T21:25:29","guid":{"rendered":"https:\/\/cdnoticias.com\/?p=134704"},"modified":"2025-01-17T08:02:04","modified_gmt":"2025-01-17T11:02:04","slug":"por-la-sobrecarga-de-consumo-de-energia-un-conector-de-cables-exploto-e-incendio-el-toldo-de-un-comercio","status":"publish","type":"post","link":"https:\/\/cdnoticias.com\/index.php\/2025\/01\/16\/por-la-sobrecarga-de-consumo-de-energia-un-conector-de-cables-exploto-e-incendio-el-toldo-de-un-comercio\/","title":{"rendered":"Por la sobrecarga de consumo de energ\u00eda, un conector de cables explot\u00f3 e incendi\u00f3 el toldo de un comercio"},"content":{"rendered":"\n<p>El hecho ocurri\u00f3 en Rivadavia entre Dorrego y Belgrano y se dio debido a un alto consumo de energ\u00eda que produjo que un conector colapsara.&nbsp;<\/p>\n\n\n\n<hr class=\"wp-block-separator aligncenter has-alpha-channel-opacity\"\/>\n\n\n\n<p>En la tarde de este jueves, se produjo un incendio en un local c\u00e9ntrico por un desperfecto el\u00e9ctrico.&nbsp;El hecho ocurri\u00f3 en Rivadavia entre Dorrego y Belgrano y se dio debido a un alto consumo de energ\u00eda que produjo que un conector colapsara.&nbsp;<\/p>\n\n\n\n<figure class=\"wp-block-image size-full\"><img data-recalc-dims=\"1\" loading=\"lazy\" decoding=\"async\" width=\"800\" height=\"450\" src=\"https:\/\/i0.wp.com\/cdnoticias.com\/wp-content\/uploads\/2025\/01\/incendio-fernando-v-2.jpg?resize=800%2C450&#038;ssl=1\" alt=\"\" class=\"wp-image-134709\" srcset=\"https:\/\/i0.wp.com\/cdnoticias.com\/wp-content\/uploads\/2025\/01\/incendio-fernando-v-2.jpg?w=900&amp;ssl=1 900w, https:\/\/i0.wp.com\/cdnoticias.com\/wp-content\/uploads\/2025\/01\/incendio-fernando-v-2.jpg?resize=300%2C169&amp;ssl=1 300w, https:\/\/i0.wp.com\/cdnoticias.com\/wp-content\/uploads\/2025\/01\/incendio-fernando-v-2.jpg?resize=768%2C432&amp;ssl=1 768w\" sizes=\"auto, (max-width: 800px) 100vw, 800px\" \/><\/figure>\n\n\n\n<p>A ra\u00edz del hecho, el incendio quem\u00f3 todo el toldo de la panader\u00eda \u201cFernando V\u201d. Trabaj\u00f3 en el lugar una unidad de Bomberos y una importante cuadrilla de Coopelectric que utiliz\u00f3 productos especiales para apagar el foco \u00edgneo y, minutos despu\u00e9s, comenz\u00f3 con la compleja tarea de reponer las tareas en ese sector. <\/p>\n\n\n\n<p><\/p>\n\n\n\n<p>Se estima que tardar\u00e1n entre &#8220;dos y tres horas&#8221; para arreglar el desperfecto debido a que tienen que realizar todo el recambio de cables.\u00a0La energ\u00eda el\u00e9ctrica se encuentra cortada en ese sector y unas pocas cuadras a la redonda. <\/p>\n\n\n\n<figure class=\"wp-block-image size-full\"><img data-recalc-dims=\"1\" loading=\"lazy\" decoding=\"async\" width=\"800\" height=\"450\" src=\"https:\/\/i0.wp.com\/cdnoticias.com\/wp-content\/uploads\/2025\/01\/incendio-fernando-v-1.jpg?resize=800%2C450&#038;ssl=1\" alt=\"\" class=\"wp-image-134710\" srcset=\"https:\/\/i0.wp.com\/cdnoticias.com\/wp-content\/uploads\/2025\/01\/incendio-fernando-v-1.jpg?w=900&amp;ssl=1 900w, https:\/\/i0.wp.com\/cdnoticias.com\/wp-content\/uploads\/2025\/01\/incendio-fernando-v-1.jpg?resize=300%2C169&amp;ssl=1 300w, https:\/\/i0.wp.com\/cdnoticias.com\/wp-content\/uploads\/2025\/01\/incendio-fernando-v-1.jpg?resize=768%2C432&amp;ssl=1 768w\" sizes=\"auto, (max-width: 800px) 100vw, 800px\" \/><\/figure>\n\n\n\n<p>El tr\u00e1nsito se encuentra cortado en Rivadavia y Dorrego por personal policial.<\/p>\n","protected":false},"excerpt":{"rendered":"<p>El hecho ocurri\u00f3 en Rivadavia entre Dorrego y Belgrano y se dio debido a un alto consumo de energ\u00eda que<\/p>\n","protected":false},"author":6,"featured_media":134708,"comment_status":"closed","ping_status":"closed","sticky":false,"template":"","format":"standard","meta":{"_jetpack_memberships_contains_paid_content":false,"footnotes":""},"categories":[14,1],"tags":[],"class_list":["post-134704","post","type-post","status-publish","format-standard","has-post-thumbnail","hentry","category-policiales","category-portada"],"jetpack_featured_media_url":"https:\/\/i0.wp.com\/cdnoticias.com\/wp-content\/uploads\/2025\/01\/incendio-fernando-v-3.jpg?fit=882%2C449&ssl=1","jetpack_sharing_enabled":true,"_links":{"self":[{"href":"https:\/\/cdnoticias.com\/index.php\/wp-json\/wp\/v2\/posts\/134704","targetHints":{"allow":["GET"]}}],"collection":[{"href":"https:\/\/cdnoticias.com\/index.php\/wp-json\/wp\/v2\/posts"}],"about":[{"href":"https:\/\/cdnoticias.com\/index.php\/wp-json\/wp\/v2\/types\/post"}],"author":[{"embeddable":true,"href":"https:\/\/cdnoticias.com\/index.php\/wp-json\/wp\/v2\/users\/6"}],"replies":[{"embeddable":true,"href":"https:\/\/cdnoticias.com\/index.php\/wp-json\/wp\/v2\/comments?post=134704"}],"version-history":[{"count":0,"href":"https:\/\/cdnoticias.com\/index.php\/wp-json\/wp\/v2\/posts\/134704\/revisions"}],"wp:featuredmedia":[{"embeddable":true,"href":"https:\/\/cdnoticias.com\/index.php\/wp-json\/wp\/v2\/media\/134708"}],"wp:attachment":[{"href":"https:\/\/cdnoticias.com\/index.php\/wp-json\/wp\/v2\/media?parent=134704"}],"wp:term":[{"taxonomy":"category","embeddable":true,"href":"https:\/\/cdnoticias.com\/index.php\/wp-json\/wp\/v2\/categories?post=134704"},{"taxonomy":"post_tag","embeddable":true,"href":"https:\/\/cdnoticias.com\/index.php\/wp-json\/wp\/v2\/tags?post=134704"}],"curies":[{"name":"wp","href":"https:\/\/api.w.org\/{rel}","templated":true}]}}