{"id":134684,"date":"2025-01-16T16:39:18","date_gmt":"2025-01-16T19:39:18","guid":{"rendered":"https:\/\/cdnoticias.com\/?p=134684"},"modified":"2025-01-16T16:39:23","modified_gmt":"2025-01-16T19:39:23","slug":"un-auto-radicado-en-olavarria-fue-abandonado-en-mar-del-sud","status":"publish","type":"post","link":"https:\/\/cdnoticias.com\/index.php\/2025\/01\/16\/un-auto-radicado-en-olavarria-fue-abandonado-en-mar-del-sud\/","title":{"rendered":"Un auto radicado en Olavarr\u00eda fue abandonado en Mar del Sud"},"content":{"rendered":"\n<p>Es en partido de General Alvarado. Un vecino se contact\u00f3 con Central de Noticias y pidi\u00f3 difusi\u00f3n \u201cpara encontrar a su due\u00f1o\u201d.<\/p>\n\n\n\n<hr class=\"wp-block-separator aligncenter has-alpha-channel-opacity\"\/>\n\n\n\n<p>Este jueves, <strong>un vecino de la zona del partido de General Alvarado se contact\u00f3 con Central de Noticias para dar cuenta de que un auto radicado en Olavarr\u00eda se encontraba abandonado a la vera del camino en Mar del Sud.<\/strong><\/p>\n\n\n\n<p>De hecho,<strong> es literalmente en uno de los ingresos a la localidad costera: hasta se puede ver el cartel de ingreso.<\/strong><\/p>\n\n\n\n<p><strong><em>\u201cHace unos d\u00edas dejaron un auto radicado en Olavarr\u00eda\u201d <\/em><\/strong>indic\u00f3 el vecino y dio cuenta que<strong> la patente del auto arroja como resultado que fue radicado en nuestro distrito.<\/strong><\/p>\n\n\n\n<p>Se trata de un <strong>Renault 19 color blanco <\/strong>que, seg\u00fan expresa la imagen<strong>, se encuentra a la vera del camino en Ruta Provincial N\u00b011.<\/strong><\/p>\n\n\n\n<p><\/p>\n","protected":false},"excerpt":{"rendered":"<p>Es en partido de General Alvarado. Un vecino se contact\u00f3 con Central de Noticias y pidi\u00f3 difusi\u00f3n \u201cpara encontrar a<\/p>\n","protected":false},"author":2,"featured_media":134685,"comment_status":"closed","ping_status":"closed","sticky":false,"template":"","format":"standard","meta":{"_jetpack_memberships_contains_paid_content":false,"footnotes":""},"categories":[14,1],"tags":[],"class_list":["post-134684","post","type-post","status-publish","format-standard","has-post-thumbnail","hentry","category-policiales","category-portada"],"jetpack_featured_media_url":"https:\/\/i0.wp.com\/cdnoticias.com\/wp-content\/uploads\/2025\/01\/WhatsApp-Image-2025-01-16-at-16.22.15.jpg?fit=966%2C498&ssl=1","jetpack_sharing_enabled":true,"_links":{"self":[{"href":"https:\/\/cdnoticias.com\/index.php\/wp-json\/wp\/v2\/posts\/134684","targetHints":{"allow":["GET"]}}],"collection":[{"href":"https:\/\/cdnoticias.com\/index.php\/wp-json\/wp\/v2\/posts"}],"about":[{"href":"https:\/\/cdnoticias.com\/index.php\/wp-json\/wp\/v2\/types\/post"}],"author":[{"embeddable":true,"href":"https:\/\/cdnoticias.com\/index.php\/wp-json\/wp\/v2\/users\/2"}],"replies":[{"embeddable":true,"href":"https:\/\/cdnoticias.com\/index.php\/wp-json\/wp\/v2\/comments?post=134684"}],"version-history":[{"count":0,"href":"https:\/\/cdnoticias.com\/index.php\/wp-json\/wp\/v2\/posts\/134684\/revisions"}],"wp:featuredmedia":[{"embeddable":true,"href":"https:\/\/cdnoticias.com\/index.php\/wp-json\/wp\/v2\/media\/134685"}],"wp:attachment":[{"href":"https:\/\/cdnoticias.com\/index.php\/wp-json\/wp\/v2\/media?parent=134684"}],"wp:term":[{"taxonomy":"category","embeddable":true,"href":"https:\/\/cdnoticias.com\/index.php\/wp-json\/wp\/v2\/categories?post=134684"},{"taxonomy":"post_tag","embeddable":true,"href":"https:\/\/cdnoticias.com\/index.php\/wp-json\/wp\/v2\/tags?post=134684"}],"curies":[{"name":"wp","href":"https:\/\/api.w.org\/{rel}","templated":true}]}}