{"id":134678,"date":"2025-01-18T11:47:35","date_gmt":"2025-01-18T14:47:35","guid":{"rendered":"https:\/\/cdnoticias.com\/?p=134678"},"modified":"2025-01-18T17:00:44","modified_gmt":"2025-01-18T20:00:44","slug":"el-ano-2024-con-menos-lluvia-en-olavarria-y-se-mantuvo-el-promedio-de-temperatura","status":"publish","type":"post","link":"https:\/\/cdnoticias.com\/index.php\/2025\/01\/18\/el-ano-2024-con-menos-lluvia-en-olavarria-y-se-mantuvo-el-promedio-de-temperatura\/","title":{"rendered":"El a\u00f1o 2024, con menos lluvia en Olavarr\u00eda y se mantuvo el promedio de temperatura"},"content":{"rendered":"<p>La Unidad Meteorol\u00f3gica inform\u00f3 los principales registros del tiempo del a\u00f1o pasado. En dos meses cay\u00f3 el 60% del total de precipitaciones. El d\u00eda m\u00e1s fr\u00edo y el m\u00e1s caluroso del a\u00f1o pasado, que ya se super\u00f3 en 2025.<!--more--><\/p>\n<hr \/>\n<p>El <strong>a\u00f1o 2024<\/strong> dej\u00f3 en <strong>Olavarr\u00eda<\/strong> un r<strong>egistro de lluvias menor al de 2023<\/strong>, aunque dentro del promedio hist\u00f3rico local. <strong>Central de Noticias<\/strong> consult\u00f3 a la<strong> Unidad Meteorol\u00f3gica ubicada en el aer\u00f3dromo<\/strong> desde donde se brindaron los principales datos del tiempo del a\u00f1o pasado.<\/p>\n<p>En t\u00e9rminos generales, <a href=\"https:\/\/cdnoticias.com\/index.php\/2024\/01\/02\/el-ano-2023-supero-el-promedio-de-temperatura-y-lluvias-en-olavarria\/\" target=\"_blank\" rel=\"noopener\">los registros fueron similares a los de 2023 en Olavarr\u00eda<\/a>.<\/p>\n<blockquote><p>El promedio de temperatura de 2024 se estableci\u00f3 en 15,7\u00ba, el mismo que en 2023 y superior al de 2022 cuando hab\u00eda sido de 15,2\u00ba.<\/p><\/blockquote>\n<p>La <strong>humedad promedio fue de 71%<\/strong> y la <strong>presi\u00f3n medida en mil\u00edmetros fue de 747,5 promedio anual<\/strong>. En ambos casos, los registros son apenas superiores a los del a\u00f1o anterior.<\/p>\n<p><img data-recalc-dims=\"1\" loading=\"lazy\" decoding=\"async\" class=\"aligncenter wp-image-134679\" src=\"https:\/\/i0.wp.com\/cdnoticias.com\/wp-content\/uploads\/2025\/01\/datos-del-tiempo-clima-olavarria-2024.jpg?resize=450%2C675&#038;ssl=1\" alt=\"\" width=\"450\" height=\"675\" srcset=\"https:\/\/i0.wp.com\/cdnoticias.com\/wp-content\/uploads\/2025\/01\/datos-del-tiempo-clima-olavarria-2024.jpg?resize=683%2C1024&amp;ssl=1 683w, https:\/\/i0.wp.com\/cdnoticias.com\/wp-content\/uploads\/2025\/01\/datos-del-tiempo-clima-olavarria-2024.jpg?resize=200%2C300&amp;ssl=1 200w, https:\/\/i0.wp.com\/cdnoticias.com\/wp-content\/uploads\/2025\/01\/datos-del-tiempo-clima-olavarria-2024.jpg?resize=768%2C1152&amp;ssl=1 768w, https:\/\/i0.wp.com\/cdnoticias.com\/wp-content\/uploads\/2025\/01\/datos-del-tiempo-clima-olavarria-2024.jpg?w=800&amp;ssl=1 800w\" sizes=\"auto, (max-width: 450px) 100vw, 450px\" \/><\/p>\n<p>El<strong> d\u00eda m\u00e1s fr\u00edo de 2024 fue el 5 de julio<\/strong>: ese d\u00eda la temperatura m\u00ednima marc\u00f3 <strong>6,5\u00ba grados bajo cero<\/strong>. Durante el a\u00f1o pasado se registraron <strong>43 heladas<\/strong>, la primera fue el 3 de mayo y la \u00faltima, el 3 de octubre.<\/p>\n<p>En tanto, el <strong>d\u00eda m\u00e1s caluroso<\/strong> fue el <strong>30 de enero<\/strong> cuando el term\u00f3metro marc\u00f3 <strong>35,7\u00ba<\/strong>. Durante febrero del a\u00f1o pasado la m\u00e1xima lleg\u00f3 a 30,2\u00ba el d\u00eda 28. <strong>La marca m\u00e1s alta ya fue superada en lo que va de este 2025<\/strong>: <a href=\"https:\/\/cdnoticias.com\/index.php\/2025\/01\/15\/ola-de-calor-en-olavarria-el-miercoles-marco-35-8-a-las-1630-horas\/\" target=\"_blank\" rel=\"noopener\">este mi\u00e9rcoles 15 de enero la m\u00e1xima fue de 35,8\u00ba<\/a> a las 16.30.<\/p>\n<blockquote><p>La lluvia totaliz\u00f3 1.056,4 mil\u00edmetros a lo largo de 2024. Es un registro menor al de 2023 -hab\u00eda sido 1.203 mm-, aunque se considera dentro del promedio anual de precipitaciones de Olavarr\u00eda.<\/p><\/blockquote>\n<p>Desde la Estaci\u00f3n Meteorol\u00f3gica se detall\u00f3 que los meses m\u00e1s lluviosos fueron <strong>marzo, con un registro de 350,6 mil\u00edmetros<\/strong> y <strong>noviembre, con 283,4 mil\u00edmetros<\/strong>. Esos dos meses sumaron<strong> 60% del agua ca\u00edda de todo el a\u00f1o<\/strong>. En tanto, <strong>el mes menos lluvioso fue julio<\/strong> cuando el registro indica que lleg\u00f3 a <strong>4,6 mil\u00edmetros<\/strong>.<\/p>\n","protected":false},"excerpt":{"rendered":"<p>La Unidad Meteorol\u00f3gica inform\u00f3 los principales registros del tiempo del a\u00f1o pasado. En dos meses cay\u00f3 el 60% del total<\/p>\n","protected":false},"author":4,"featured_media":111669,"comment_status":"closed","ping_status":"closed","sticky":false,"template":"","format":"standard","meta":{"_jetpack_memberships_contains_paid_content":false,"footnotes":""},"categories":[5,1],"tags":[],"class_list":["post-134678","post","type-post","status-publish","format-standard","has-post-thumbnail","hentry","category-informacion-general","category-portada"],"jetpack_featured_media_url":"https:\/\/i0.wp.com\/cdnoticias.com\/wp-content\/uploads\/2024\/03\/alerta-tormenta-lluvia-olavarria-scaled.jpg?fit=2560%2C1424&ssl=1","jetpack_sharing_enabled":true,"_links":{"self":[{"href":"https:\/\/cdnoticias.com\/index.php\/wp-json\/wp\/v2\/posts\/134678","targetHints":{"allow":["GET"]}}],"collection":[{"href":"https:\/\/cdnoticias.com\/index.php\/wp-json\/wp\/v2\/posts"}],"about":[{"href":"https:\/\/cdnoticias.com\/index.php\/wp-json\/wp\/v2\/types\/post"}],"author":[{"embeddable":true,"href":"https:\/\/cdnoticias.com\/index.php\/wp-json\/wp\/v2\/users\/4"}],"replies":[{"embeddable":true,"href":"https:\/\/cdnoticias.com\/index.php\/wp-json\/wp\/v2\/comments?post=134678"}],"version-history":[{"count":0,"href":"https:\/\/cdnoticias.com\/index.php\/wp-json\/wp\/v2\/posts\/134678\/revisions"}],"wp:featuredmedia":[{"embeddable":true,"href":"https:\/\/cdnoticias.com\/index.php\/wp-json\/wp\/v2\/media\/111669"}],"wp:attachment":[{"href":"https:\/\/cdnoticias.com\/index.php\/wp-json\/wp\/v2\/media?parent=134678"}],"wp:term":[{"taxonomy":"category","embeddable":true,"href":"https:\/\/cdnoticias.com\/index.php\/wp-json\/wp\/v2\/categories?post=134678"},{"taxonomy":"post_tag","embeddable":true,"href":"https:\/\/cdnoticias.com\/index.php\/wp-json\/wp\/v2\/tags?post=134678"}],"curies":[{"name":"wp","href":"https:\/\/api.w.org\/{rel}","templated":true}]}}