{"id":134666,"date":"2025-01-16T14:16:14","date_gmt":"2025-01-16T17:16:14","guid":{"rendered":"https:\/\/cdnoticias.com\/?p=134666"},"modified":"2025-01-16T14:16:18","modified_gmt":"2025-01-16T17:16:18","slug":"el-intendente-wesner-visito-verano-dorado-en-sierras-bayas","status":"publish","type":"post","link":"https:\/\/cdnoticias.com\/index.php\/2025\/01\/16\/el-intendente-wesner-visito-verano-dorado-en-sierras-bayas\/","title":{"rendered":"El intendente Wesner visit\u00f3 Verano Dorado en Sierras Bayas"},"content":{"rendered":"\n<p>Es la primera vez que el programa desembarca en la localidad serrana. Se lleva a cabo en el club San Mart\u00edn. Tambi\u00e9n se desarrolla en Loma Negra.<\/p>\n\n\n\n<hr class=\"wp-block-separator has-alpha-channel-opacity\"\/>\n\n\n\n<p>En la tarde del \u00faltimo mi\u00e9rcoles <strong>el intendente Maximiliano Wesner estuvo en Sierras Bayas<\/strong>, donde se acerc\u00f3 para acompa\u00f1ar a las personas que integran el <strong>Programa Municipal Verano Dorado<\/strong>, que en <strong>esta temporada arrib\u00f3 por primera vez no s\u00f3lo a esa localidad serrana, sino tambi\u00e9n a Loma Negra,<\/strong> acercando a vecinos y vecinas de esos puntos del Partido la posibilidad de acceder a propuestas recreativas no s\u00f3lo de nataci\u00f3n, sino tambi\u00e9n la pr\u00e1ctica de deportes y el desarrollo de actividades l\u00fadicas, sociales y de promoci\u00f3n de la salud.<\/p>\n\n\n\n<p><\/p>\n\n\n\n<p>En la actividad el jefe comunal estuvo acompa\u00f1ado por el subsecretario de Deportes Juan Pablo Arouxet y fueron recibidos por profesores y personal municipal que se encuentra a cargo de <strong>la propuesta que se brinda los d\u00edas lunes y mi\u00e9rcoles, de 15 a 17:30 horas, en el club San Mart\u00edn.<\/strong><\/p>\n\n\n\n<p><\/p>\n\n\n\n<blockquote class=\"wp-block-quote is-layout-flow wp-block-quote-is-layout-flow\">\n<p>Actualmente son alrededor de medio centenar las personas mayores que concurren, pero el dato a tener en cuenta es que sigue abierta la convocatoria para quienes quieran sumarse. Deber\u00e1n acercarse los d\u00edas de actividad y all\u00ed ser\u00e1n asesoradas por las personas a cargo de la actividad.<\/p>\n<\/blockquote>\n\n\n\n<p><\/p>\n\n\n\n<div class=\"wp-block-jetpack-slideshow aligncenter\" data-effect=\"slide\"><div class=\"wp-block-jetpack-slideshow_container swiper-container\"><ul class=\"wp-block-jetpack-slideshow_swiper-wrapper swiper-wrapper\"><li class=\"wp-block-jetpack-slideshow_slide swiper-slide\"><figure><img data-recalc-dims=\"1\" loading=\"lazy\" decoding=\"async\" width=\"800\" height=\"445\" alt=\"\" class=\"wp-block-jetpack-slideshow_image wp-image-134669\" data-id=\"134669\" src=\"https:\/\/i0.wp.com\/cdnoticias.com\/wp-content\/uploads\/2025\/01\/Verano-Dorado-en-Sierras-Bayas-2.jpeg?resize=800%2C445&#038;ssl=1\" srcset=\"https:\/\/i0.wp.com\/cdnoticias.com\/wp-content\/uploads\/2025\/01\/Verano-Dorado-en-Sierras-Bayas-2.jpeg?w=800&amp;ssl=1 800w, https:\/\/i0.wp.com\/cdnoticias.com\/wp-content\/uploads\/2025\/01\/Verano-Dorado-en-Sierras-Bayas-2.jpeg?resize=300%2C167&amp;ssl=1 300w, https:\/\/i0.wp.com\/cdnoticias.com\/wp-content\/uploads\/2025\/01\/Verano-Dorado-en-Sierras-Bayas-2.jpeg?resize=768%2C427&amp;ssl=1 768w\" sizes=\"(max-width: 800px) 100vw, 800px\" \/><\/figure><\/li><li class=\"wp-block-jetpack-slideshow_slide swiper-slide\"><figure><img data-recalc-dims=\"1\" loading=\"lazy\" decoding=\"async\" width=\"800\" height=\"445\" alt=\"\" class=\"wp-block-jetpack-slideshow_image wp-image-134671\" data-id=\"134671\" src=\"https:\/\/i0.wp.com\/cdnoticias.com\/wp-content\/uploads\/2025\/01\/Verano-Dorado-en-Sierras-Bayas-5.jpeg?resize=800%2C445&#038;ssl=1\" srcset=\"https:\/\/i0.wp.com\/cdnoticias.com\/wp-content\/uploads\/2025\/01\/Verano-Dorado-en-Sierras-Bayas-5.jpeg?w=800&amp;ssl=1 800w, https:\/\/i0.wp.com\/cdnoticias.com\/wp-content\/uploads\/2025\/01\/Verano-Dorado-en-Sierras-Bayas-5.jpeg?resize=300%2C167&amp;ssl=1 300w, https:\/\/i0.wp.com\/cdnoticias.com\/wp-content\/uploads\/2025\/01\/Verano-Dorado-en-Sierras-Bayas-5.jpeg?resize=768%2C427&amp;ssl=1 768w\" sizes=\"(max-width: 800px) 100vw, 800px\" \/><\/figure><\/li><li class=\"wp-block-jetpack-slideshow_slide swiper-slide\"><figure><img data-recalc-dims=\"1\" loading=\"lazy\" decoding=\"async\" width=\"800\" height=\"445\" alt=\"\" class=\"wp-block-jetpack-slideshow_image wp-image-134668\" data-id=\"134668\" src=\"https:\/\/i0.wp.com\/cdnoticias.com\/wp-content\/uploads\/2025\/01\/Verano-Dorado-en-Sierras-Bayas-1.jpeg?resize=800%2C445&#038;ssl=1\" srcset=\"https:\/\/i0.wp.com\/cdnoticias.com\/wp-content\/uploads\/2025\/01\/Verano-Dorado-en-Sierras-Bayas-1.jpeg?w=800&amp;ssl=1 800w, https:\/\/i0.wp.com\/cdnoticias.com\/wp-content\/uploads\/2025\/01\/Verano-Dorado-en-Sierras-Bayas-1.jpeg?resize=300%2C167&amp;ssl=1 300w, https:\/\/i0.wp.com\/cdnoticias.com\/wp-content\/uploads\/2025\/01\/Verano-Dorado-en-Sierras-Bayas-1.jpeg?resize=768%2C427&amp;ssl=1 768w\" sizes=\"(max-width: 800px) 100vw, 800px\" \/><\/figure><\/li><li class=\"wp-block-jetpack-slideshow_slide swiper-slide\"><figure><img data-recalc-dims=\"1\" loading=\"lazy\" decoding=\"async\" width=\"800\" height=\"445\" alt=\"\" class=\"wp-block-jetpack-slideshow_image wp-image-134670\" data-id=\"134670\" src=\"https:\/\/i0.wp.com\/cdnoticias.com\/wp-content\/uploads\/2025\/01\/Verano-Dorado-en-Sierras-Bayas-4.jpeg?resize=800%2C445&#038;ssl=1\" srcset=\"https:\/\/i0.wp.com\/cdnoticias.com\/wp-content\/uploads\/2025\/01\/Verano-Dorado-en-Sierras-Bayas-4.jpeg?w=800&amp;ssl=1 800w, https:\/\/i0.wp.com\/cdnoticias.com\/wp-content\/uploads\/2025\/01\/Verano-Dorado-en-Sierras-Bayas-4.jpeg?resize=300%2C167&amp;ssl=1 300w, https:\/\/i0.wp.com\/cdnoticias.com\/wp-content\/uploads\/2025\/01\/Verano-Dorado-en-Sierras-Bayas-4.jpeg?resize=768%2C427&amp;ssl=1 768w\" sizes=\"(max-width: 800px) 100vw, 800px\" \/><\/figure><\/li><\/ul><a class=\"wp-block-jetpack-slideshow_button-prev swiper-button-prev swiper-button-white\" role=\"button\"><\/a><a class=\"wp-block-jetpack-slideshow_button-next swiper-button-next swiper-button-white\" role=\"button\"><\/a><a aria-label=\"Pause Slideshow\" class=\"wp-block-jetpack-slideshow_button-pause\" role=\"button\"><\/a><div class=\"wp-block-jetpack-slideshow_pagination swiper-pagination swiper-pagination-white\"><\/div><\/div><\/div>\n\n\n\n<p><\/p>\n\n\n\n<p>Verano Dorado es la tradicional propuesta estival que<strong> desde hace a\u00f1os se brinda en la Base Bonino, <\/strong>pero que en la actual temporada tuvo la novedad de ser ampliada a Loma Negra y Sierras Bayas, acercando la posibilidad de disfrutar del Programa a decenas y decenas de personas mayores de esas localidades y puntos cercanos del Partido.<\/p>\n\n\n\n<p><\/p>\n\n\n\n<p>La iniciativa se enmarca en el<strong> Programa Olavarr\u00eda en Verano,<\/strong> en calendario de propuestas recreativas, deportivas, art\u00edsticas, saludables y culturales que se brindan en distintos punto de la ciudad y localidades, para que todos los olavarrienses puedan seguir disfrutando durante el receso estival. El programa de actividades puede ser consultado en redes sociales del Municipio o a trav\u00e9s de www.olavarria.gov.ar<\/p>\n","protected":false},"excerpt":{"rendered":"<p>Es la primera vez que el programa desembarca en la localidad serrana. Se lleva a cabo en el club San<\/p>\n","protected":false},"author":5,"featured_media":134673,"comment_status":"closed","ping_status":"closed","sticky":false,"template":"","format":"standard","meta":{"_jetpack_memberships_contains_paid_content":false,"footnotes":""},"categories":[5,1],"tags":[],"class_list":["post-134666","post","type-post","status-publish","format-standard","has-post-thumbnail","hentry","category-informacion-general","category-portada"],"jetpack_featured_media_url":"https:\/\/i0.wp.com\/cdnoticias.com\/wp-content\/uploads\/2025\/01\/Verano-Dorado-en-Sierras-Bayas-7.jpeg?fit=800%2C445&ssl=1","jetpack_sharing_enabled":true,"_links":{"self":[{"href":"https:\/\/cdnoticias.com\/index.php\/wp-json\/wp\/v2\/posts\/134666","targetHints":{"allow":["GET"]}}],"collection":[{"href":"https:\/\/cdnoticias.com\/index.php\/wp-json\/wp\/v2\/posts"}],"about":[{"href":"https:\/\/cdnoticias.com\/index.php\/wp-json\/wp\/v2\/types\/post"}],"author":[{"embeddable":true,"href":"https:\/\/cdnoticias.com\/index.php\/wp-json\/wp\/v2\/users\/5"}],"replies":[{"embeddable":true,"href":"https:\/\/cdnoticias.com\/index.php\/wp-json\/wp\/v2\/comments?post=134666"}],"version-history":[{"count":0,"href":"https:\/\/cdnoticias.com\/index.php\/wp-json\/wp\/v2\/posts\/134666\/revisions"}],"wp:featuredmedia":[{"embeddable":true,"href":"https:\/\/cdnoticias.com\/index.php\/wp-json\/wp\/v2\/media\/134673"}],"wp:attachment":[{"href":"https:\/\/cdnoticias.com\/index.php\/wp-json\/wp\/v2\/media?parent=134666"}],"wp:term":[{"taxonomy":"category","embeddable":true,"href":"https:\/\/cdnoticias.com\/index.php\/wp-json\/wp\/v2\/categories?post=134666"},{"taxonomy":"post_tag","embeddable":true,"href":"https:\/\/cdnoticias.com\/index.php\/wp-json\/wp\/v2\/tags?post=134666"}],"curies":[{"name":"wp","href":"https:\/\/api.w.org\/{rel}","templated":true}]}}