{"id":134655,"date":"2025-01-16T13:06:45","date_gmt":"2025-01-16T16:06:45","guid":{"rendered":"https:\/\/cdnoticias.com\/?p=134655"},"modified":"2025-01-16T18:26:17","modified_gmt":"2025-01-16T21:26:17","slug":"robaron-en-una-casa-del-centro-de-olavarria-y-los-atraparon-infraganti","status":"publish","type":"post","link":"https:\/\/cdnoticias.com\/index.php\/2025\/01\/16\/robaron-en-una-casa-del-centro-de-olavarria-y-los-atraparon-infraganti\/","title":{"rendered":"Robaron en una casa del centro de Olavarr\u00eda y los atraparon infraganti"},"content":{"rendered":"<p>El robo fue en Belgrano al 2900 y los atraparon en San Mart\u00edn y 9 de Julio. Dos hombres se hab\u00edan llevado un televisor.<!--more--><\/p>\n<hr \/>\n<p><strong>Dos hombres fueron arrestados<\/strong> este jueves en <strong>San Mart\u00edn y 9 de Julio<\/strong>, en la zona c\u00e9ntrica de Olavarr\u00eda, acusados de haber <strong>cometido un robo minutos antes.<\/strong><\/p>\n<blockquote><p>Los acusados, de 20 y 30 a\u00f1os, quedaron imputados por \u201churto infraganti agravado por escalamiento\u201d con intervenci\u00f3n de la UFI N\u00ba 10.<\/p><\/blockquote>\n<p>En cuanto a lo sucedido, desde el <strong>Comando de Patrullas de Olavarr\u00eda<\/strong> se inform\u00f3 que un llamado al 911 puso en alerta a las autoridades sobre <strong>un robo<\/strong> que se registraba en una<strong> vivienda de Belgrano al 2900.<\/strong><\/p>\n<p>Los sospechosos hab\u00edan <strong>entrado al departamento, ubicado en un primer piso, por una ventana que da a la calle<\/strong>. Salieron con un <strong>televisor 32 pulgadas.<\/strong><\/p>\n<p>A pocos metros, en San Mart\u00edn y 9 de Julio, <strong>fueron arrestados. El televisor robado estaba oculto detr\u00e1s de unos arbustos<\/strong> y fue recuperado.<\/p>\n<p>Los aprehendidos fueron alojados en la Comisar\u00eda Primera a disposici\u00f3n del Juzgado interviniente.<\/p>\n","protected":false},"excerpt":{"rendered":"<p>El robo fue en Belgrano al 2900 y los atraparon en San Mart\u00edn y 9 de Julio. Dos hombres se<\/p>\n","protected":false},"author":4,"featured_media":134657,"comment_status":"closed","ping_status":"closed","sticky":false,"template":"","format":"standard","meta":{"_jetpack_memberships_contains_paid_content":false,"footnotes":""},"categories":[14,1],"tags":[],"class_list":["post-134655","post","type-post","status-publish","format-standard","has-post-thumbnail","hentry","category-policiales","category-portada"],"jetpack_featured_media_url":"https:\/\/i0.wp.com\/cdnoticias.com\/wp-content\/uploads\/2025\/01\/belgrano-al-2900-robo.jpg?fit=1000%2C556&ssl=1","jetpack_sharing_enabled":true,"_links":{"self":[{"href":"https:\/\/cdnoticias.com\/index.php\/wp-json\/wp\/v2\/posts\/134655","targetHints":{"allow":["GET"]}}],"collection":[{"href":"https:\/\/cdnoticias.com\/index.php\/wp-json\/wp\/v2\/posts"}],"about":[{"href":"https:\/\/cdnoticias.com\/index.php\/wp-json\/wp\/v2\/types\/post"}],"author":[{"embeddable":true,"href":"https:\/\/cdnoticias.com\/index.php\/wp-json\/wp\/v2\/users\/4"}],"replies":[{"embeddable":true,"href":"https:\/\/cdnoticias.com\/index.php\/wp-json\/wp\/v2\/comments?post=134655"}],"version-history":[{"count":0,"href":"https:\/\/cdnoticias.com\/index.php\/wp-json\/wp\/v2\/posts\/134655\/revisions"}],"wp:featuredmedia":[{"embeddable":true,"href":"https:\/\/cdnoticias.com\/index.php\/wp-json\/wp\/v2\/media\/134657"}],"wp:attachment":[{"href":"https:\/\/cdnoticias.com\/index.php\/wp-json\/wp\/v2\/media?parent=134655"}],"wp:term":[{"taxonomy":"category","embeddable":true,"href":"https:\/\/cdnoticias.com\/index.php\/wp-json\/wp\/v2\/categories?post=134655"},{"taxonomy":"post_tag","embeddable":true,"href":"https:\/\/cdnoticias.com\/index.php\/wp-json\/wp\/v2\/tags?post=134655"}],"curies":[{"name":"wp","href":"https:\/\/api.w.org\/{rel}","templated":true}]}}