{"id":13457,"date":"2021-02-10T18:13:31","date_gmt":"2021-02-10T21:13:31","guid":{"rendered":"http:\/\/www.centraldenoticias.com.ar\/?p=13457"},"modified":"2021-02-10T18:13:31","modified_gmt":"2021-02-10T21:13:31","slug":"baja-considerable-de-casos-confirman-16-positivos-por-covid","status":"publish","type":"post","link":"https:\/\/cdnoticias.com\/index.php\/2021\/02\/10\/baja-considerable-de-casos-confirman-16-positivos-por-covid\/","title":{"rendered":"Baja considerable de casos: confirman 16 positivos por COVID"},"content":{"rendered":"<p>Hubo 114 testeos y descartaron 98. En paralelo, 17 personas obtuvieron el alta. Hay, tambi\u00e9n, 17 personas internadas en el Hospital.<!--more--><\/p>\n<hr \/>\n<p>Este mi\u00e9rcoles,<strong> el Municipio inform\u00f3 en su parte diario de la Emergencia Sanitaria una baja considerable de casos, confirmando 16 positivos por COVID-19.<\/strong><\/p>\n<p>&nbsp;<\/p>\n<p>&nbsp;<\/p>\n<p><img data-recalc-dims=\"1\" loading=\"lazy\" decoding=\"async\" class=\"alignnone size-full wp-image-13456\" src=\"https:\/\/i0.wp.com\/cdnoticias.com\/wp-content\/uploads\/2021\/02\/parte-7.jpg?resize=800%2C402&#038;ssl=1\" alt=\"\" width=\"800\" height=\"402\" srcset=\"https:\/\/i0.wp.com\/cdnoticias.com\/wp-content\/uploads\/2021\/02\/parte-7.jpg?w=1205&amp;ssl=1 1205w, https:\/\/i0.wp.com\/cdnoticias.com\/wp-content\/uploads\/2021\/02\/parte-7.jpg?resize=300%2C151&amp;ssl=1 300w, https:\/\/i0.wp.com\/cdnoticias.com\/wp-content\/uploads\/2021\/02\/parte-7.jpg?resize=768%2C386&amp;ssl=1 768w, https:\/\/i0.wp.com\/cdnoticias.com\/wp-content\/uploads\/2021\/02\/parte-7.jpg?resize=1024%2C515&amp;ssl=1 1024w\" sizes=\"auto, (max-width: 800px) 100vw, 800px\" \/><\/p>\n<p>&nbsp;<\/p>\n<blockquote><p>En total se realizaron 114 testeos, y se descartaron 98 muestras. En paralelo, cabe se\u00f1alar, hubo 17 altas, por lo que actualmente hay 124 casos activos de coronavirus en la ciudad.<\/p><\/blockquote>\n<p>&nbsp;<\/p>\n<p>Cabe recordar que <a href=\"https:\/\/cdnoticias.com\/index.php\/2021\/02\/10\/tercer-dia-consecutivo-con-un-fallecido-por-covid-en-olavarria\/\" target=\"_blank\" rel=\"noopener\">en paralelo se confirm\u00f3 un fallecimiento, el tercero en tres d\u00edas.<\/a><\/p>\n<p>&nbsp;<\/p>\n<p>En materia de ocupaci\u00f3n hospitalaria, <strong>hay 17 personas internadas: 8 en Terapia Intensiva, y 9 en la denominada Cl\u00ednica General o Cl\u00ednica COVID.<\/strong><\/p>\n<p>&nbsp;<\/p>\n<p><img data-recalc-dims=\"1\" loading=\"lazy\" decoding=\"async\" class=\"alignnone size-full wp-image-13455\" src=\"https:\/\/i0.wp.com\/cdnoticias.com\/wp-content\/uploads\/2021\/02\/parte02.-1.jpg?resize=800%2C406&#038;ssl=1\" alt=\"\" width=\"800\" height=\"406\" srcset=\"https:\/\/i0.wp.com\/cdnoticias.com\/wp-content\/uploads\/2021\/02\/parte02.-1.jpg?w=1193&amp;ssl=1 1193w, https:\/\/i0.wp.com\/cdnoticias.com\/wp-content\/uploads\/2021\/02\/parte02.-1.jpg?resize=300%2C152&amp;ssl=1 300w, https:\/\/i0.wp.com\/cdnoticias.com\/wp-content\/uploads\/2021\/02\/parte02.-1.jpg?resize=768%2C389&amp;ssl=1 768w, https:\/\/i0.wp.com\/cdnoticias.com\/wp-content\/uploads\/2021\/02\/parte02.-1.jpg?resize=1024%2C519&amp;ssl=1 1024w\" sizes=\"auto, (max-width: 800px) 100vw, 800px\" \/><\/p>\n<p>&nbsp;<\/p>\n<p>Tras el<strong> RTA realizado en la jornada de este mi\u00e9rcoles en el Territorial N\u00b0 6, de 23 hisopados tan s\u00f3lo 5 resultaron positivos.<\/strong> Del total de casos activos, cabe se\u00f1alar, el 82% es menor de 60 a\u00f1os.<\/p>\n","protected":false},"excerpt":{"rendered":"<p>Hubo 114 testeos y descartaron 98. En paralelo, 17 personas obtuvieron el alta. Hay, tambi\u00e9n, 17 personas internadas en el<\/p>\n","protected":false},"author":2,"featured_media":9830,"comment_status":"closed","ping_status":"closed","sticky":false,"template":"","format":"standard","meta":{"_jetpack_memberships_contains_paid_content":false,"footnotes":""},"categories":[5,1],"tags":[],"class_list":["post-13457","post","type-post","status-publish","format-standard","has-post-thumbnail","hentry","category-informacion-general","category-portada"],"jetpack_featured_media_url":"https:\/\/i0.wp.com\/cdnoticias.com\/wp-content\/uploads\/2020\/12\/rta.jpg?fit=831%2C550&ssl=1","jetpack_sharing_enabled":true,"_links":{"self":[{"href":"https:\/\/cdnoticias.com\/index.php\/wp-json\/wp\/v2\/posts\/13457","targetHints":{"allow":["GET"]}}],"collection":[{"href":"https:\/\/cdnoticias.com\/index.php\/wp-json\/wp\/v2\/posts"}],"about":[{"href":"https:\/\/cdnoticias.com\/index.php\/wp-json\/wp\/v2\/types\/post"}],"author":[{"embeddable":true,"href":"https:\/\/cdnoticias.com\/index.php\/wp-json\/wp\/v2\/users\/2"}],"replies":[{"embeddable":true,"href":"https:\/\/cdnoticias.com\/index.php\/wp-json\/wp\/v2\/comments?post=13457"}],"version-history":[{"count":0,"href":"https:\/\/cdnoticias.com\/index.php\/wp-json\/wp\/v2\/posts\/13457\/revisions"}],"wp:featuredmedia":[{"embeddable":true,"href":"https:\/\/cdnoticias.com\/index.php\/wp-json\/wp\/v2\/media\/9830"}],"wp:attachment":[{"href":"https:\/\/cdnoticias.com\/index.php\/wp-json\/wp\/v2\/media?parent=13457"}],"wp:term":[{"taxonomy":"category","embeddable":true,"href":"https:\/\/cdnoticias.com\/index.php\/wp-json\/wp\/v2\/categories?post=13457"},{"taxonomy":"post_tag","embeddable":true,"href":"https:\/\/cdnoticias.com\/index.php\/wp-json\/wp\/v2\/tags?post=13457"}],"curies":[{"name":"wp","href":"https:\/\/api.w.org\/{rel}","templated":true}]}}