{"id":134533,"date":"2025-01-14T19:45:48","date_gmt":"2025-01-14T22:45:48","guid":{"rendered":"https:\/\/cdnoticias.com\/?p=134533"},"modified":"2025-01-15T08:25:38","modified_gmt":"2025-01-15T11:25:38","slug":"olavarria-un-horno-352-fue-la-temperatura-de-las-1800-horas","status":"publish","type":"post","link":"https:\/\/cdnoticias.com\/index.php\/2025\/01\/14\/olavarria-un-horno-352-fue-la-temperatura-de-las-1800-horas\/","title":{"rendered":"Olavarr\u00eda, un horno: 35,2\u00b0 fue la temperatura de las 18:00 horas"},"content":{"rendered":"\n<p>Sigue la ola de calor en la ciudad y toda la regi\u00f3n. Se espera que el mi\u00e9rcoles sea el d\u00eda m\u00e1s complicado con m\u00e1ximas de hasta 36\u00b0. Sigue el alerta amarilla por altas temperaturas.<\/p>\n\n\n\n<hr class=\"wp-block-separator aligncenter has-alpha-channel-opacity\"\/>\n\n\n\n<p><strong>La ciudad atraviesa el verano con altas temperaturas y una ola de calor que, se estima, tendr\u00e1 un par de jornadas m\u00e1s. <\/strong>Este martes,<strong> la m\u00e1xima informada desde la Estaci\u00f3n Meteorol\u00f3gica Olavarr\u00eda fue de 35,2\u00b0 a las 18:00 horas.<\/strong><\/p>\n\n\n\n<p>Desde las 12:00 horas la temperatura super\u00f3 los 30\u00b0 para no bajar m\u00e1s de all\u00ed: <strong>en el \u00faltimo informe de las 19:00 horas, Olavarr\u00eda registr\u00f3 33.4\u00b0, ya decreciendo con el correr de los minutos y tras llegar al pico informado por el SMN a las 18:00.<\/strong><\/p>\n\n\n\n<figure class=\"wp-block-image size-large\"><img data-recalc-dims=\"1\" loading=\"lazy\" decoding=\"async\" width=\"800\" height=\"445\" src=\"https:\/\/i0.wp.com\/cdnoticias.com\/wp-content\/uploads\/2025\/01\/ola-de-calor-olavarria-9.jpg?resize=800%2C445&#038;ssl=1\" alt=\"\" class=\"wp-image-134542\" srcset=\"https:\/\/i0.wp.com\/cdnoticias.com\/wp-content\/uploads\/2025\/01\/ola-de-calor-olavarria-9.jpg?resize=1024%2C570&amp;ssl=1 1024w, https:\/\/i0.wp.com\/cdnoticias.com\/wp-content\/uploads\/2025\/01\/ola-de-calor-olavarria-9.jpg?resize=300%2C167&amp;ssl=1 300w, https:\/\/i0.wp.com\/cdnoticias.com\/wp-content\/uploads\/2025\/01\/ola-de-calor-olavarria-9.jpg?resize=768%2C428&amp;ssl=1 768w, https:\/\/i0.wp.com\/cdnoticias.com\/wp-content\/uploads\/2025\/01\/ola-de-calor-olavarria-9.jpg?resize=800%2C445&amp;ssl=1 800w, https:\/\/i0.wp.com\/cdnoticias.com\/wp-content\/uploads\/2025\/01\/ola-de-calor-olavarria-9.jpg?w=1072&amp;ssl=1 1072w\" sizes=\"auto, (max-width: 800px) 100vw, 800px\" \/><\/figure>\n\n\n\n<p>Esta ola de calor que contin\u00faa bajo alerta amarilla, por otra parte,<strong> tendr\u00e1 un cap\u00edtulo complicado durante el mi\u00e9rcoles, donde se estima que la temperatura subir\u00e1 hasta superar los 36\u00b0 de m\u00e1xima, cielo algo a parcialmente nublado y vientos leves del norte y este.<\/strong><\/p>\n\n\n\n<p><strong>El jueves a la madrugada llegar\u00eda el alivio: hay altas probabilidades de tormentas aisladas y lluvias que se extender\u00edan durante toda la jornada<\/strong>, con una m\u00e1xima de 31\u00b0. Para los d\u00edas que atravesamos, ser\u00e1 un respiro.<\/p>\n\n\n\n<figure class=\"wp-block-image size-large\"><img data-recalc-dims=\"1\" loading=\"lazy\" decoding=\"async\" width=\"800\" height=\"445\" src=\"https:\/\/i0.wp.com\/cdnoticias.com\/wp-content\/uploads\/2025\/01\/ola-de-calor-olavarria-7.jpg?resize=800%2C445&#038;ssl=1\" alt=\"\" class=\"wp-image-134540\" srcset=\"https:\/\/i0.wp.com\/cdnoticias.com\/wp-content\/uploads\/2025\/01\/ola-de-calor-olavarria-7.jpg?resize=1024%2C570&amp;ssl=1 1024w, https:\/\/i0.wp.com\/cdnoticias.com\/wp-content\/uploads\/2025\/01\/ola-de-calor-olavarria-7.jpg?resize=300%2C167&amp;ssl=1 300w, https:\/\/i0.wp.com\/cdnoticias.com\/wp-content\/uploads\/2025\/01\/ola-de-calor-olavarria-7.jpg?resize=768%2C428&amp;ssl=1 768w, https:\/\/i0.wp.com\/cdnoticias.com\/wp-content\/uploads\/2025\/01\/ola-de-calor-olavarria-7.jpg?resize=800%2C445&amp;ssl=1 800w, https:\/\/i0.wp.com\/cdnoticias.com\/wp-content\/uploads\/2025\/01\/ola-de-calor-olavarria-7.jpg?w=1072&amp;ssl=1 1072w\" sizes=\"auto, (max-width: 800px) 100vw, 800px\" \/><\/figure>\n\n\n\n<blockquote class=\"wp-block-quote is-layout-flow wp-block-quote-is-layout-flow\">\n<p>Luego se estima una baja de la temperatura que podr\u00eda alcanzar, incluso, los 26\u00b0 de m\u00e1xima el pr\u00f3ximo domingo. Pero para eso falta.<\/p>\n<\/blockquote>\n\n\n\n<p>Por ahora, <strong>queda continuar con las recomendaciones que hicieron las autoridades y los profesionales de la salud por la ola de calor, tomar mucha agua y cuidarse del fuerte sol. \u00a0<\/strong><\/p>\n\n\n\n<figure class=\"wp-block-embed is-type-wp-embed is-provider-central-de-noticias-olavarr-a wp-block-embed-central-de-noticias-olavarr-a\"><div class=\"wp-block-embed__wrapper\">\n<blockquote class=\"wp-embedded-content\" data-secret=\"qrDbq0cXtp\"><a href=\"https:\/\/cdnoticias.com\/index.php\/2025\/01\/13\/ola-de-calor-cuidados-para-prevenir-complicaciones-de-salud\/\">Ola de calor: cuidados para prevenir complicaciones de salud<\/a><\/blockquote><iframe loading=\"lazy\" class=\"wp-embedded-content\" sandbox=\"allow-scripts\" security=\"restricted\" style=\"position: absolute; visibility: hidden;\" title=\"&#8220;Ola de calor: cuidados para prevenir complicaciones de salud&#8221; &#8212; Central de Noticias | Olavarr\u00eda\" src=\"https:\/\/cdnoticias.com\/index.php\/2025\/01\/13\/ola-de-calor-cuidados-para-prevenir-complicaciones-de-salud\/embed\/#?secret=ifzdvBMylA#?secret=qrDbq0cXtp\" data-secret=\"qrDbq0cXtp\" width=\"600\" height=\"338\" frameborder=\"0\" marginwidth=\"0\" marginheight=\"0\" scrolling=\"no\"><\/iframe>\n<\/div><\/figure>\n\n\n\n<figure class=\"wp-block-embed is-type-wp-embed is-provider-central-de-noticias-olavarr-a wp-block-embed-central-de-noticias-olavarr-a\"><div class=\"wp-block-embed__wrapper\">\n<blockquote class=\"wp-embedded-content\" data-secret=\"4yMxhAmBT1\"><a href=\"https:\/\/cdnoticias.com\/index.php\/2025\/01\/13\/golpes-de-calor-en-ninos-y-bebes-el-agua-es-el-unico-liquido-de-hidratacion-que-debemos-consumir\/\">Golpes de calor en ni\u00f1os y beb\u00e9s: \u201cEl agua es el \u00fanico l\u00edquido de hidrataci\u00f3n que debemos consumir\u201d\u00a0<\/a><\/blockquote><iframe loading=\"lazy\" class=\"wp-embedded-content\" sandbox=\"allow-scripts\" security=\"restricted\" style=\"position: absolute; visibility: hidden;\" title=\"&#8220;Golpes de calor en ni\u00f1os y beb\u00e9s: \u201cEl agua es el \u00fanico l\u00edquido de hidrataci\u00f3n que debemos consumir\u201d\u00a0&#8221; &#8212; Central de Noticias | Olavarr\u00eda\" src=\"https:\/\/cdnoticias.com\/index.php\/2025\/01\/13\/golpes-de-calor-en-ninos-y-bebes-el-agua-es-el-unico-liquido-de-hidratacion-que-debemos-consumir\/embed\/#?secret=fa8SRHUMKm#?secret=4yMxhAmBT1\" data-secret=\"4yMxhAmBT1\" width=\"600\" height=\"338\" frameborder=\"0\" marginwidth=\"0\" marginheight=\"0\" scrolling=\"no\"><\/iframe>\n<\/div><\/figure>\n","protected":false},"excerpt":{"rendered":"<p>Sigue la ola de calor en la ciudad y toda la regi\u00f3n. Se espera que el mi\u00e9rcoles sea el d\u00eda<\/p>\n","protected":false},"author":2,"featured_media":134534,"comment_status":"closed","ping_status":"closed","sticky":false,"template":"","format":"standard","meta":{"_jetpack_memberships_contains_paid_content":false,"footnotes":""},"categories":[5,1],"tags":[],"class_list":["post-134533","post","type-post","status-publish","format-standard","has-post-thumbnail","hentry","category-informacion-general","category-portada"],"jetpack_featured_media_url":"https:\/\/i0.wp.com\/cdnoticias.com\/wp-content\/uploads\/2025\/01\/ola-de-calor-olavarria-1.jpg?fit=1072%2C596&ssl=1","jetpack_sharing_enabled":true,"_links":{"self":[{"href":"https:\/\/cdnoticias.com\/index.php\/wp-json\/wp\/v2\/posts\/134533","targetHints":{"allow":["GET"]}}],"collection":[{"href":"https:\/\/cdnoticias.com\/index.php\/wp-json\/wp\/v2\/posts"}],"about":[{"href":"https:\/\/cdnoticias.com\/index.php\/wp-json\/wp\/v2\/types\/post"}],"author":[{"embeddable":true,"href":"https:\/\/cdnoticias.com\/index.php\/wp-json\/wp\/v2\/users\/2"}],"replies":[{"embeddable":true,"href":"https:\/\/cdnoticias.com\/index.php\/wp-json\/wp\/v2\/comments?post=134533"}],"version-history":[{"count":0,"href":"https:\/\/cdnoticias.com\/index.php\/wp-json\/wp\/v2\/posts\/134533\/revisions"}],"wp:featuredmedia":[{"embeddable":true,"href":"https:\/\/cdnoticias.com\/index.php\/wp-json\/wp\/v2\/media\/134534"}],"wp:attachment":[{"href":"https:\/\/cdnoticias.com\/index.php\/wp-json\/wp\/v2\/media?parent=134533"}],"wp:term":[{"taxonomy":"category","embeddable":true,"href":"https:\/\/cdnoticias.com\/index.php\/wp-json\/wp\/v2\/categories?post=134533"},{"taxonomy":"post_tag","embeddable":true,"href":"https:\/\/cdnoticias.com\/index.php\/wp-json\/wp\/v2\/tags?post=134533"}],"curies":[{"name":"wp","href":"https:\/\/api.w.org\/{rel}","templated":true}]}}