{"id":134491,"date":"2025-01-15T07:58:52","date_gmt":"2025-01-15T10:58:52","guid":{"rendered":"https:\/\/cdnoticias.com\/?p=134491"},"modified":"2025-01-15T10:39:29","modified_gmt":"2025-01-15T13:39:29","slug":"prevencion-de-afecciones-de-salud-en-la-ola-de-calor-lo-primero-es-hidratarse","status":"publish","type":"post","link":"https:\/\/cdnoticias.com\/index.php\/2025\/01\/15\/prevencion-de-afecciones-de-salud-en-la-ola-de-calor-lo-primero-es-hidratarse\/","title":{"rendered":"Prevenci\u00f3n de afecciones de salud en la ola de calor: \u201cLo primero es hidratarse\u201d"},"content":{"rendered":"<p>Lo destac\u00f3 el m\u00e9dico Gustavo Rago. Las recomendaciones tambi\u00e9n sobre alimentos, ropa y actividad f\u00edsica. El golpe de calor \u201cse puede presentar sin estar expuesto al sol\u201d dijo.<!--more--><\/p>\n<hr \/>\n<p><a href=\"https:\/\/cdnoticias.com\/index.php\/2025\/01\/14\/olavarria-un-horno-352-fue-la-temperatura-de-las-1800-horas\/\" target=\"_blank\" rel=\"noopener\">En el marco de la ola de calor que afecta a Olavarr\u00eda<\/a>, <strong>el m\u00e9dico Gustavo Rago<\/strong> subray\u00f3 que<strong> \u201clo m\u00e1s importante es cuidar a los pacientes m\u00e1s fr\u00e1giles<\/strong>, los que est\u00e1n en los extremos de la vida. <strong>Los ancianos y los infantes<\/strong>\u201d. En una entrevista con el programa Levantate por Radio Sapiens repas\u00f3 las <strong>recomendaciones para evitar afecciones a la salud<\/strong> en las temperaturas extremas.<\/p>\n<p>El profesional se\u00f1al\u00f3 que los aspectos a tener en cuenta con<strong> \u201chidrataci\u00f3n, comida, vestimenta y deporte\u201d<\/strong> para una prevenci\u00f3n efectiva.<\/p>\n<p>Adem\u00e1s, repas\u00f3<strong> los s\u00edntomas que permiten detectar un \u201cgolpe de calor\u201d<\/strong>, sobre lo que remarc\u00f3 que puede tener <strong>consecuencias mortales<\/strong>, y algunas recomendaciones sobre otros aspectos que requieren cuidados especiales en una ola de calor como el <strong>uso del aire acondicionado<\/strong> y de los <strong>veh\u00edculos cerrados<\/strong>.<\/p>\n<p><img data-recalc-dims=\"1\" loading=\"lazy\" decoding=\"async\" class=\"size-large wp-image-103992 aligncenter\" src=\"https:\/\/i0.wp.com\/cdnoticias.com\/wp-content\/uploads\/2023\/12\/rago-hospital2.jpg?resize=800%2C450&#038;ssl=1\" alt=\"\" width=\"800\" height=\"450\" srcset=\"https:\/\/i0.wp.com\/cdnoticias.com\/wp-content\/uploads\/2023\/12\/rago-hospital2-scaled.jpg?resize=1024%2C576&amp;ssl=1 1024w, https:\/\/i0.wp.com\/cdnoticias.com\/wp-content\/uploads\/2023\/12\/rago-hospital2-scaled.jpg?resize=300%2C169&amp;ssl=1 300w, https:\/\/i0.wp.com\/cdnoticias.com\/wp-content\/uploads\/2023\/12\/rago-hospital2-scaled.jpg?resize=768%2C432&amp;ssl=1 768w, https:\/\/i0.wp.com\/cdnoticias.com\/wp-content\/uploads\/2023\/12\/rago-hospital2-scaled.jpg?resize=1536%2C864&amp;ssl=1 1536w, https:\/\/i0.wp.com\/cdnoticias.com\/wp-content\/uploads\/2023\/12\/rago-hospital2-scaled.jpg?resize=2048%2C1152&amp;ssl=1 2048w, https:\/\/i0.wp.com\/cdnoticias.com\/wp-content\/uploads\/2023\/12\/rago-hospital2-scaled.jpg?w=1600&amp;ssl=1 1600w, https:\/\/i0.wp.com\/cdnoticias.com\/wp-content\/uploads\/2023\/12\/rago-hospital2-scaled.jpg?w=2400&amp;ssl=1 2400w\" sizes=\"auto, (max-width: 800px) 100vw, 800px\" \/><\/p>\n<h3>Hidrataci\u00f3n<\/h3>\n<blockquote><p>\u201cLo primero es hidratarse. Tratar de evitar bebidas alcoh\u00f3licas y muy azucaradas. Es decir, hidratarse con agua. O si uno est\u00e1 trabajando al sol -que no lo deber\u00eda hacer, ni deportes- hidratarse con algunas bebidas que adem\u00e1s de agua, de l\u00edquido, tengan sodio, potasio, cloruro de sodio. Porque cuando uno transpira no solamente pierde agua, sino que pierde estos iones\u201d indic\u00f3.<\/p><\/blockquote>\n<p>Se\u00f1al\u00f3 que dentro de esas bebidas,<strong> \u201cel Gatorade es un buen l\u00edquido para hidratarse<\/strong>, aunque cuidado los hipertensos porque tiene alto contenido de sodio. Pero es lo que m\u00e1s se asemeja a una sal de rehidrataci\u00f3n oral\u201d. Las precauciones en el consumo se extienden a personas con problemas card\u00edacos, insuficiencia card\u00edaca, infarto e insuficiencia renal.<\/p>\n<p>Las personas adultas deben <strong>consumir de dos y medio a tres litros de agua por d\u00eda<\/strong> distribuidos durante una jornada.<strong> \u201cTiene que ser en forma paulatina y progresiva y a lo largo del d\u00eda\u201d<\/strong>.<\/p>\n<p>En cuanto a las infusiones, expres\u00f3 que <strong>\u201cpara el calor, mates s\u00ed y caf\u00e9 menos\u201d<\/strong>. Defini\u00f3 al marte como \u201cuna buena infusi\u00f3n para hidratarse y es algo que tenemos muy acostumbrado. Lo tenemos en nuestro ADN los argentinos. As\u00ed que <strong>el mate o el terer\u00e9 mejor<\/strong>, lo ideal es tomar bebidas fr\u00edas\u201d. Sobre el caf\u00e9, se\u00f1al\u00f3 como un problema la cafe\u00edna para personas hipertensas y apunt\u00f3 a \u201ccaf\u00e9 descafeinado o bien caf\u00e9 malta que tienen bajo contenido de cafe\u00edna. No obstante, m\u00e1s de dos caf\u00e9s por d\u00eda tratemos de evitarlo\u201d.<\/p>\n<blockquote class=\"wp-embedded-content\" data-secret=\"e8LFEj9Zve\"><p><a href=\"https:\/\/cdnoticias.com\/index.php\/2025\/01\/13\/golpes-de-calor-en-ninos-y-bebes-el-agua-es-el-unico-liquido-de-hidratacion-que-debemos-consumir\/\">Golpes de calor en ni\u00f1os y beb\u00e9s: \u201cEl agua es el \u00fanico l\u00edquido de hidrataci\u00f3n que debemos consumir\u201d\u00a0<\/a><\/p><\/blockquote>\n<p><iframe loading=\"lazy\" class=\"wp-embedded-content\" sandbox=\"allow-scripts\" security=\"restricted\" style=\"position: absolute; visibility: hidden;\" title=\"&#8220;Golpes de calor en ni\u00f1os y beb\u00e9s: \u201cEl agua es el \u00fanico l\u00edquido de hidrataci\u00f3n que debemos consumir\u201d\u00a0&#8221; &#8212; Central de Noticias | Olavarr\u00eda\" src=\"https:\/\/cdnoticias.com\/index.php\/2025\/01\/13\/golpes-de-calor-en-ninos-y-bebes-el-agua-es-el-unico-liquido-de-hidratacion-que-debemos-consumir\/embed\/#?secret=PhCkaqkGUg#?secret=e8LFEj9Zve\" data-secret=\"e8LFEj9Zve\" width=\"600\" height=\"338\" frameborder=\"0\" marginwidth=\"0\" marginheight=\"0\" scrolling=\"no\"><\/iframe><\/p>\n<h3>Alimentaci\u00f3n<\/h3>\n<p>Gustavo Rago destac\u00f3 la importancia de consumir <strong>\u201ccomidas livianas, comidas fr\u00edas, muchos vegetales. Dentro de vegetales, mucha fruta.<\/strong> Evitar las comidas con muchas calor\u00edas. Comer liviano, <strong>muchas veces en el d\u00eda, poco volumen<\/strong>\u201d.<\/p>\n<p>\u00bf<strong>Helados? S\u00ed, es un permitido. Ideal, al agua<\/strong>. No cremas heladas. \u201cLo ideal es helados de agua mucha cantidad porque es l\u00edquido. No tiene crema. Tiene bajas calor\u00edas. Hay que tratar de evitar las calor\u00edas ac\u00e1 en exceso\u201d reiter\u00f3 el m\u00e9dico.<\/p>\n<h3>Actividad f\u00edsica<\/h3>\n<blockquote><p>Rago advirti\u00f3 que \u201cest\u00e1 totalmente contraindicado\u201d hacer cualquier tipo de actividad deportiva alrededor del mediod\u00eda, ni profesional, ni amateur. \u201cEs una consulta diaria y es una pr\u00e1ctica habitual. A eso lo tenemos que desterrar\u201d dijo.<\/p><\/blockquote>\n<p>Recomend\u00f3 <strong>realizar estas actividades \u201chasta las 9 de la ma\u00f1ana y recomenzamos despu\u00e9s de las 17 o 18 horas<\/strong>, depende de la temperatura del d\u00eda. Pero en horario central, entre las 10 y las 16, no. Evitar el sol, evitar los deportes. Y si tenemos que hacer deporte, nos tenemos que hidratar muy bien previamente, intra deporte y post deporte. Es fundamental\u201d.<\/p>\n<p>Sum\u00f3 en esta parte de las recomendaciones a<strong> personas cuya actividad laboral requiere actividad f\u00edsica al aire libre<\/strong>: \u201csi un paciente tiene que estar trabajando de techista, o en una construcci\u00f3n, es alba\u00f1il y tiene que estar con la carretilla llevando bloques a las 14 en pleno sol\u201d. Reiter\u00f3 el mensaje: \u201ctratemos de evitarlo\u201d. Apunt\u00f3 en este grupo a quienes <strong>\u201ctienen m\u00e1s riesgo de tener un golpe de calor.<\/strong> Lo que estamos diciendo nosotros es para prevenir el famoso golpe de calor\u201d.<\/p>\n<p><img data-recalc-dims=\"1\" loading=\"lazy\" decoding=\"async\" class=\"aligncenter wp-image-45560\" src=\"https:\/\/i0.wp.com\/cdnoticias.com\/wp-content\/uploads\/2022\/02\/Deportes-Caminata-Yoguica-1024x682-1.jpg?resize=800%2C533&#038;ssl=1\" alt=\"\" width=\"800\" height=\"533\" srcset=\"https:\/\/i0.wp.com\/cdnoticias.com\/wp-content\/uploads\/2022\/02\/Deportes-Caminata-Yoguica-1024x682-1.jpg?w=1024&amp;ssl=1 1024w, https:\/\/i0.wp.com\/cdnoticias.com\/wp-content\/uploads\/2022\/02\/Deportes-Caminata-Yoguica-1024x682-1.jpg?resize=300%2C200&amp;ssl=1 300w, https:\/\/i0.wp.com\/cdnoticias.com\/wp-content\/uploads\/2022\/02\/Deportes-Caminata-Yoguica-1024x682-1.jpg?resize=768%2C512&amp;ssl=1 768w, https:\/\/i0.wp.com\/cdnoticias.com\/wp-content\/uploads\/2022\/02\/Deportes-Caminata-Yoguica-1024x682-1.jpg?resize=272%2C182&amp;ssl=1 272w\" sizes=\"auto, (max-width: 800px) 100vw, 800px\" \/><\/p>\n<h3>Vestimenta<\/h3>\n<p>Rago recomend\u00f3 utilizar<strong> \u201cropa holgada, blanca, suelta al cuerpo, camisa manga larga<\/strong> para tratar de no tener piel expuesta al sol. Cubrirnos el cuero cabelludo y las extremidades con ropa que repele el sol\u201d.<\/p>\n<h3>Golpe de calor<\/h3>\n<blockquote><p>El m\u00e9dico explic\u00f3 que el mayor riesgo en este contexto de temperaturas extremas es sufrir un golpe de calor. \u201cNo solamente tiene golpe de calor aquel que est\u00e1 haciendo una actividad f\u00edsica, sea recreativa, como un deporte o sea laboral, al sol. Se puede presentar sin estar expuesto al sol. Es una enfermedad que tiene mortalidad\u201d advirti\u00f3.<\/p><\/blockquote>\n<p>Para detectar esta afecci\u00f3n hay una serie de s\u00edntomas que pueden presentarse. <strong>\u201cEl primer s\u00edntoma es de deshidrataci\u00f3n<\/strong>, el paciente va a notar que orina menos o que lo orina es m\u00e1s concentrada, m\u00e1s oscura. Ese es el primer signo de alerta de que al cuerpo le falta agua. Inmediatamente hidratarnos\u201d.<\/p>\n<p>Luego tambi\u00e9n pueden presentarse <em>cansancio, dolores musculares, dolor de cabeza, palpitaciones, temblores, baja presi\u00f3n, fiebre<\/em>. <strong>\u201cPuede llegar a la convulsi\u00f3n, puede llegar al shock, puede llegar al coma\u201d<\/strong> remarc\u00f3 Gustavo Rago.<\/p>\n<p>A\u00f1adi\u00f3 que \u201cpuede dar hasta hipertermia, puede dar fiebre el golpe de calor. Y en esos casos, no se debe tratar la fiebre con antit\u00e9rmicos. <em>En estos d\u00edas de calor antes de tomar un paracetamol, consultemos al m\u00e9dico. Porque la fiebre en el golpe de calor se trata con medios f\u00edsicos: ba\u00f1o, hielo, pa\u00f1os con agua fr\u00eda\u201d<\/em>.<\/p>\n<blockquote class=\"wp-embedded-content\" data-secret=\"0hoOX6rjop\"><p><a href=\"https:\/\/cdnoticias.com\/index.php\/2024\/01\/29\/prevencion-ante-las-altas-temperaturas-el-golpe-de-calor-es-una-entidad-que-tiene-mortalidad\/\">Prevenci\u00f3n ante las altas temperaturas: \u201cel golpe de calor es una entidad que tiene mortalidad\u201d<\/a><\/p><\/blockquote>\n<p><iframe loading=\"lazy\" class=\"wp-embedded-content\" sandbox=\"allow-scripts\" security=\"restricted\" style=\"position: absolute; visibility: hidden;\" title=\"&#8220;Prevenci\u00f3n ante las altas temperaturas: \u201cel golpe de calor es una entidad que tiene mortalidad\u201d&#8221; &#8212; Central de Noticias | Olavarr\u00eda\" src=\"https:\/\/cdnoticias.com\/index.php\/2024\/01\/29\/prevencion-ante-las-altas-temperaturas-el-golpe-de-calor-es-una-entidad-que-tiene-mortalidad\/embed\/#?secret=T6ataTvUAk#?secret=0hoOX6rjop\" data-secret=\"0hoOX6rjop\" width=\"600\" height=\"338\" frameborder=\"0\" marginwidth=\"0\" marginheight=\"0\" scrolling=\"no\"><\/iframe><\/p>\n<h3>Otras recomendaciones<\/h3>\n<ul>\n<li><strong>Duchas<\/strong>: sirve para bajar la temperatura corporal y es parte de las medidas de hidrataci\u00f3n. Debe usarse agua fr\u00eda o tibia.<\/li>\n<\/ul>\n<ul>\n<li><strong>Aire acondicionado<\/strong>: debe utilizarse en 24\u00ba como m\u00e1ximo. \u201cNo pongamos el aire a 20\u00ba o 19\u00ba. Est\u00e1 totalmente contraindicado. Porque eso nos va a traer problemas de v\u00eda a\u00e9rea superiores\u201d aclar\u00f3.<\/li>\n<\/ul>\n<ul>\n<li><strong>Veh\u00edculos cerrados<\/strong>: Estacionar a la sombra. En caso de no ser posible, \u201clo ideal cuando nos subamos al auto debemos, antes de subirnos, abrir las cuatro ventanillas o las cuatro puertas. Ponerlo en marcha, poner el aire acondicionado y esperar tres o cuatro minutos para subirnos\u201d. Se\u00f1al\u00f3 que un veh\u00edculo al sol puede tener una temperatura interior de 37 \u00ba y hasta 40\u00ba de treinta y cinco.<\/li>\n<\/ul>\n","protected":false},"excerpt":{"rendered":"<p>Lo destac\u00f3 el m\u00e9dico Gustavo Rago. Las recomendaciones tambi\u00e9n sobre alimentos, ropa y actividad f\u00edsica. El golpe de calor \u201cse<\/p>\n","protected":false},"author":4,"featured_media":74756,"comment_status":"closed","ping_status":"closed","sticky":false,"template":"","format":"standard","meta":{"_jetpack_memberships_contains_paid_content":false,"footnotes":""},"categories":[5,1],"tags":[],"class_list":["post-134491","post","type-post","status-publish","format-standard","has-post-thumbnail","hentry","category-informacion-general","category-portada"],"jetpack_featured_media_url":"https:\/\/i0.wp.com\/cdnoticias.com\/wp-content\/uploads\/2023\/01\/calor.jpg?fit=696%2C464&ssl=1","jetpack_sharing_enabled":true,"_links":{"self":[{"href":"https:\/\/cdnoticias.com\/index.php\/wp-json\/wp\/v2\/posts\/134491","targetHints":{"allow":["GET"]}}],"collection":[{"href":"https:\/\/cdnoticias.com\/index.php\/wp-json\/wp\/v2\/posts"}],"about":[{"href":"https:\/\/cdnoticias.com\/index.php\/wp-json\/wp\/v2\/types\/post"}],"author":[{"embeddable":true,"href":"https:\/\/cdnoticias.com\/index.php\/wp-json\/wp\/v2\/users\/4"}],"replies":[{"embeddable":true,"href":"https:\/\/cdnoticias.com\/index.php\/wp-json\/wp\/v2\/comments?post=134491"}],"version-history":[{"count":0,"href":"https:\/\/cdnoticias.com\/index.php\/wp-json\/wp\/v2\/posts\/134491\/revisions"}],"wp:featuredmedia":[{"embeddable":true,"href":"https:\/\/cdnoticias.com\/index.php\/wp-json\/wp\/v2\/media\/74756"}],"wp:attachment":[{"href":"https:\/\/cdnoticias.com\/index.php\/wp-json\/wp\/v2\/media?parent=134491"}],"wp:term":[{"taxonomy":"category","embeddable":true,"href":"https:\/\/cdnoticias.com\/index.php\/wp-json\/wp\/v2\/categories?post=134491"},{"taxonomy":"post_tag","embeddable":true,"href":"https:\/\/cdnoticias.com\/index.php\/wp-json\/wp\/v2\/tags?post=134491"}],"curies":[{"name":"wp","href":"https:\/\/api.w.org\/{rel}","templated":true}]}}