{"id":134472,"date":"2025-01-14T13:48:32","date_gmt":"2025-01-14T16:48:32","guid":{"rendered":"https:\/\/cdnoticias.com\/?p=134472"},"modified":"2025-01-14T13:48:36","modified_gmt":"2025-01-14T16:48:36","slug":"atencion-primaria-de-la-salud-caminatas-saludables-desde-el-caps-no-18","status":"publish","type":"post","link":"https:\/\/cdnoticias.com\/index.php\/2025\/01\/14\/atencion-primaria-de-la-salud-caminatas-saludables-desde-el-caps-no-18\/","title":{"rendered":"Atenci\u00f3n Primaria de la Salud: caminatas saludables desde el CAPS N\u00ba 18"},"content":{"rendered":"\n<p>Se realizan los lunes y jueves por la ma\u00f1ana con salida desde avenida Alberdi y Coronel Su\u00e1rez hacia el Parque Eva Per\u00f3n.<\/p>\n\n\n\n<hr class=\"wp-block-separator has-alpha-channel-opacity\"\/>\n\n\n\n<p>El Municipio, a trav\u00e9s de la Subsecretar\u00eda de Atenci\u00f3n Primaria de la Salud, contin\u00faa con el ciclo de <strong>actividades saludables en CAPS de distintos puntos del Partido.<\/strong><\/p>\n\n\n\n<p><\/p>\n\n\n\n<p>En este sentido se informa que de manera semanal<strong> se desarrollan caminatas saludables desde el CAPS N\u00ba 18.<\/strong><\/p>\n\n\n\n<p><\/p>\n\n\n\n<blockquote class=\"wp-block-quote is-layout-flow wp-block-quote-is-layout-flow\">\n<p>Se llevan a cabo los d\u00edas lunes y jueves de 8.30 a 9:30 horas, con punto de partida desde avenida Alberdi y Coronel Su\u00e1rez hacia el Parque Eva Per\u00f3n.<\/p>\n<\/blockquote>\n\n\n\n<p><\/p>\n\n\n\n<p>Dicha iniciativa es impulsada por <strong>promotoras en salud comunitaria, m\u00e9dica y especialista en nutrici\u00f3n.<\/strong><\/p>\n\n\n\n<p><\/p>\n\n\n\n<p>La propuesta est\u00e1 <strong>destinada a pacientes, vecinos y vecinas <\/strong>que deseen acompa\u00f1ar con el objetivo de mejorar la calidad de vida, desde el punto de vista f\u00edsico como mental adem\u00e1s de socializar con dem\u00e1s personas en un entorno amigable, agradable y llevadero.<\/p>\n\n\n\n<p><\/p>\n\n\n\n<p>Se recomienda <strong>llevar ropa c\u00f3moda, calzado adecuado, gorra y botellita de agua.<\/strong><\/p>\n","protected":false},"excerpt":{"rendered":"<p>Se realizan los lunes y jueves por la ma\u00f1ana con salida desde avenida Alberdi y Coronel Su\u00e1rez hacia el Parque<\/p>\n","protected":false},"author":5,"featured_media":134474,"comment_status":"closed","ping_status":"closed","sticky":false,"template":"","format":"standard","meta":{"_jetpack_memberships_contains_paid_content":false,"footnotes":""},"categories":[5,1],"tags":[],"class_list":["post-134472","post","type-post","status-publish","format-standard","has-post-thumbnail","hentry","category-informacion-general","category-portada"],"jetpack_featured_media_url":"https:\/\/i0.wp.com\/cdnoticias.com\/wp-content\/uploads\/2025\/01\/Caminatas-CAPS-18-portada.jpg?fit=800%2C445&ssl=1","jetpack_sharing_enabled":true,"_links":{"self":[{"href":"https:\/\/cdnoticias.com\/index.php\/wp-json\/wp\/v2\/posts\/134472","targetHints":{"allow":["GET"]}}],"collection":[{"href":"https:\/\/cdnoticias.com\/index.php\/wp-json\/wp\/v2\/posts"}],"about":[{"href":"https:\/\/cdnoticias.com\/index.php\/wp-json\/wp\/v2\/types\/post"}],"author":[{"embeddable":true,"href":"https:\/\/cdnoticias.com\/index.php\/wp-json\/wp\/v2\/users\/5"}],"replies":[{"embeddable":true,"href":"https:\/\/cdnoticias.com\/index.php\/wp-json\/wp\/v2\/comments?post=134472"}],"version-history":[{"count":0,"href":"https:\/\/cdnoticias.com\/index.php\/wp-json\/wp\/v2\/posts\/134472\/revisions"}],"wp:featuredmedia":[{"embeddable":true,"href":"https:\/\/cdnoticias.com\/index.php\/wp-json\/wp\/v2\/media\/134474"}],"wp:attachment":[{"href":"https:\/\/cdnoticias.com\/index.php\/wp-json\/wp\/v2\/media?parent=134472"}],"wp:term":[{"taxonomy":"category","embeddable":true,"href":"https:\/\/cdnoticias.com\/index.php\/wp-json\/wp\/v2\/categories?post=134472"},{"taxonomy":"post_tag","embeddable":true,"href":"https:\/\/cdnoticias.com\/index.php\/wp-json\/wp\/v2\/tags?post=134472"}],"curies":[{"name":"wp","href":"https:\/\/api.w.org\/{rel}","templated":true}]}}