{"id":134448,"date":"2025-01-13T19:21:49","date_gmt":"2025-01-13T22:21:49","guid":{"rendered":"https:\/\/cdnoticias.com\/?p=134448"},"modified":"2025-01-14T08:13:47","modified_gmt":"2025-01-14T11:13:47","slug":"ola-de-calor-en-olavarria-el-pico-de-temperatura-de-este-lunes-fue-de-34-5","status":"publish","type":"post","link":"https:\/\/cdnoticias.com\/index.php\/2025\/01\/13\/ola-de-calor-en-olavarria-el-pico-de-temperatura-de-este-lunes-fue-de-34-5\/","title":{"rendered":"Ola de calor en Olavarr\u00eda: el pico de temperatura de este lunes fue de 34.5\u00b0"},"content":{"rendered":"\n<p>Se registr\u00f3 a las 15:30 horas, seg\u00fan lo establecido por la Estaci\u00f3n Meteorol\u00f3gica local. M\u00e1xima de 34\u00b0 para el martes y 36\u00b0 para el mi\u00e9rcoles: contin\u00faa la alerta amarilla.<\/p>\n\n\n\n<hr class=\"wp-block-separator aligncenter has-alpha-channel-opacity\"\/>\n\n\n\n<p>En el marco de la continuidad de la<strong> alerta amarilla por una ola de calor que atraviesa nuestra ciudad y la regi\u00f3n, la Estaci\u00f3n Meteorol\u00f3gica Olavarr\u00eda registr\u00f3 una m\u00e1xima de 34.5\u00b0 este lunes por la tarde.<\/strong><\/p>\n\n\n\n<p><strong>Fue a las 15:30 horas. <\/strong>Si bien con el correr de las actualizaciones se vislumbr\u00f3 una peque\u00f1a baja de la temperatura,<strong> pasadas las 19:00 contin\u00faa por encima de los 32 grados, en una jornada agobiante para la ciudad y la regi\u00f3n.<\/strong><\/p>\n\n\n\n<p>Y continuar\u00e1:<strong> seg\u00fan el pron\u00f3stico del Servicio Meteorol\u00f3gico Nacional, se prev\u00e9 que Olavarr\u00eda tenga m\u00e1xima de 34\u00b0 el martes,<\/strong> con una baja probabilidad de lluvias por la tarde, mientras que para <strong>el mi\u00e9rcoles la m\u00e1xima estar\u00eda en 36\u00b0, en lo que se presentar\u00eda como el pico de calor en el distrito.<\/strong><\/p>\n\n\n\n<p>Cabe recordar que<strong> la alerta amarilla es por posibles efectos leves a moderados en la salud, y para los grupos de riesgo puede ser peligroso.<\/strong><\/p>\n\n\n\n<p>Dicho grupo de riesgo est\u00e1 contemplado por<strong> ni\u00f1os y ni\u00f1as, adultos mayores de 65 a\u00f1os con enfermedades cr\u00f3nicas. Se pide especiales cuidados y no estar expuestos al calor durante las pr\u00f3ximas jornadas.<\/strong><\/p>\n\n<blockquote class=\"wp-embedded-content\" data-secret=\"xLdIPSN9gG\"><a href=\"https:\/\/cdnoticias.com\/index.php\/2025\/01\/13\/golpes-de-calor-en-ninos-y-bebes-el-agua-es-el-unico-liquido-de-hidratacion-que-debemos-consumir\/\">Golpes de calor en ni\u00f1os y beb\u00e9s: \u201cEl agua es el \u00fanico l\u00edquido de hidrataci\u00f3n que debemos consumir\u201d\u00a0<\/a><\/blockquote><iframe loading=\"lazy\" class=\"wp-embedded-content\" sandbox=\"allow-scripts\" security=\"restricted\" style=\"position: absolute; visibility: hidden;\" title=\"&#8220;Golpes de calor en ni\u00f1os y beb\u00e9s: \u201cEl agua es el \u00fanico l\u00edquido de hidrataci\u00f3n que debemos consumir\u201d\u00a0&#8221; &#8212; Central de Noticias | Olavarr\u00eda\" src=\"https:\/\/cdnoticias.com\/index.php\/2025\/01\/13\/golpes-de-calor-en-ninos-y-bebes-el-agua-es-el-unico-liquido-de-hidratacion-que-debemos-consumir\/embed\/#?secret=6BSvLY41ob#?secret=xLdIPSN9gG\" data-secret=\"xLdIPSN9gG\" width=\"600\" height=\"338\" frameborder=\"0\" marginwidth=\"0\" marginheight=\"0\" scrolling=\"no\"><\/iframe>\n","protected":false},"excerpt":{"rendered":"<p>Se registr\u00f3 a las 15:30 horas, seg\u00fan lo establecido por la Estaci\u00f3n Meteorol\u00f3gica local. M\u00e1xima de 34\u00b0 para el martes<\/p>\n","protected":false},"author":2,"featured_media":107927,"comment_status":"closed","ping_status":"closed","sticky":false,"template":"","format":"standard","meta":{"_jetpack_memberships_contains_paid_content":false,"footnotes":""},"categories":[5,1],"tags":[],"class_list":["post-134448","post","type-post","status-publish","format-standard","has-post-thumbnail","hentry","category-informacion-general","category-portada"],"jetpack_featured_media_url":"https:\/\/i0.wp.com\/cdnoticias.com\/wp-content\/uploads\/2024\/02\/parque-verano-calor-7-scaled.jpg?fit=2560%2C1424&ssl=1","jetpack_sharing_enabled":true,"_links":{"self":[{"href":"https:\/\/cdnoticias.com\/index.php\/wp-json\/wp\/v2\/posts\/134448","targetHints":{"allow":["GET"]}}],"collection":[{"href":"https:\/\/cdnoticias.com\/index.php\/wp-json\/wp\/v2\/posts"}],"about":[{"href":"https:\/\/cdnoticias.com\/index.php\/wp-json\/wp\/v2\/types\/post"}],"author":[{"embeddable":true,"href":"https:\/\/cdnoticias.com\/index.php\/wp-json\/wp\/v2\/users\/2"}],"replies":[{"embeddable":true,"href":"https:\/\/cdnoticias.com\/index.php\/wp-json\/wp\/v2\/comments?post=134448"}],"version-history":[{"count":0,"href":"https:\/\/cdnoticias.com\/index.php\/wp-json\/wp\/v2\/posts\/134448\/revisions"}],"wp:featuredmedia":[{"embeddable":true,"href":"https:\/\/cdnoticias.com\/index.php\/wp-json\/wp\/v2\/media\/107927"}],"wp:attachment":[{"href":"https:\/\/cdnoticias.com\/index.php\/wp-json\/wp\/v2\/media?parent=134448"}],"wp:term":[{"taxonomy":"category","embeddable":true,"href":"https:\/\/cdnoticias.com\/index.php\/wp-json\/wp\/v2\/categories?post=134448"},{"taxonomy":"post_tag","embeddable":true,"href":"https:\/\/cdnoticias.com\/index.php\/wp-json\/wp\/v2\/tags?post=134448"}],"curies":[{"name":"wp","href":"https:\/\/api.w.org\/{rel}","templated":true}]}}