{"id":134438,"date":"2025-01-13T17:52:20","date_gmt":"2025-01-13T20:52:20","guid":{"rendered":"https:\/\/cdnoticias.com\/?p=134438"},"modified":"2025-01-14T07:42:26","modified_gmt":"2025-01-14T10:42:26","slug":"un-joven-de-19-anos-fue-imputado-acusado-de-asesinar-a-un-perro","status":"publish","type":"post","link":"https:\/\/cdnoticias.com\/index.php\/2025\/01\/13\/un-joven-de-19-anos-fue-imputado-acusado-de-asesinar-a-un-perro\/","title":{"rendered":"Un joven de 19 a\u00f1os fue imputado por asesinar a un perro"},"content":{"rendered":"\n<p>El hecho gener\u00f3 una importante repercusi\u00f3n en redes sociales, con repudios de protectoras locales. Fue imputado por infraccionar la Ley Sarmiento y notificado de la imputaci\u00f3n este lunes.<\/p>\n\n\n\n<hr class=\"wp-block-separator aligncenter has-alpha-channel-opacity\"\/>\n\n\n\n<p>Este lunes, <strong>personal policial notific\u00f3 la imputaci\u00f3n a un joven de 19 a\u00f1os acusado de asesinar un perro en la zona de avenida Alberdi y General Paz.<\/strong><\/p>\n\n\n\n<p>El hecho tom\u00f3 <strong>importante repercusi\u00f3n en redes sociales, donde se daba cuenta del asesinato de un perro a pu\u00f1aladas.<\/strong><\/p>\n\n\n\n<p>En paralelo, <strong>una vecina realiz\u00f3 la denuncia en Comisar\u00eda Primera y tras ello, el gabinete de investigaci\u00f3n de la dependencia policial estableci\u00f3 la autor\u00eda del hecho en un joven de 19 a\u00f1os.<\/strong> Oficialmente se inform\u00f3 que <strong>el perro \u201cfue agredido\u201d y que producto de esa agresi\u00f3n muri\u00f3.<\/strong><\/p>\n\n\n\n<p>Es por ello que horas despu\u00e9s y<strong> tras el trabajo de la UFI N\u00b010 subrogada por el doctor Jos\u00e9 Iturralde se labraron las actuaciones administrativas correspondientes para imputar al joven de 19 a\u00f1os por infraccionar la Ley 14.346 o \u201cLey Sarmiento\u201d catalogado como \u201cesclarecido\u201d.<\/strong><\/p>\n\n\n\n<p><strong>Protectoras de animales durante este lunes realizaron fuertes reclamos por el hecho y pidieron que la Justicia act\u00fae con celeridad <\/strong>por las pruebas que demostrar\u00edan la autor\u00eda del joven en este crimen de un perro.<\/p>\n\n\n\n<p><\/p>\n","protected":false},"excerpt":{"rendered":"<p>El hecho gener\u00f3 una importante repercusi\u00f3n en redes sociales, con repudios de protectoras locales. Fue imputado por infraccionar la Ley<\/p>\n","protected":false},"author":2,"featured_media":134439,"comment_status":"closed","ping_status":"closed","sticky":false,"template":"","format":"standard","meta":{"_jetpack_memberships_contains_paid_content":false,"footnotes":""},"categories":[14,1],"tags":[],"class_list":["post-134438","post","type-post","status-publish","format-standard","has-post-thumbnail","hentry","category-policiales","category-portada"],"jetpack_featured_media_url":"https:\/\/i0.wp.com\/cdnoticias.com\/wp-content\/uploads\/2025\/01\/perro-asesinado.jpg?fit=1356%2C765&ssl=1","jetpack_sharing_enabled":true,"_links":{"self":[{"href":"https:\/\/cdnoticias.com\/index.php\/wp-json\/wp\/v2\/posts\/134438","targetHints":{"allow":["GET"]}}],"collection":[{"href":"https:\/\/cdnoticias.com\/index.php\/wp-json\/wp\/v2\/posts"}],"about":[{"href":"https:\/\/cdnoticias.com\/index.php\/wp-json\/wp\/v2\/types\/post"}],"author":[{"embeddable":true,"href":"https:\/\/cdnoticias.com\/index.php\/wp-json\/wp\/v2\/users\/2"}],"replies":[{"embeddable":true,"href":"https:\/\/cdnoticias.com\/index.php\/wp-json\/wp\/v2\/comments?post=134438"}],"version-history":[{"count":0,"href":"https:\/\/cdnoticias.com\/index.php\/wp-json\/wp\/v2\/posts\/134438\/revisions"}],"wp:featuredmedia":[{"embeddable":true,"href":"https:\/\/cdnoticias.com\/index.php\/wp-json\/wp\/v2\/media\/134439"}],"wp:attachment":[{"href":"https:\/\/cdnoticias.com\/index.php\/wp-json\/wp\/v2\/media?parent=134438"}],"wp:term":[{"taxonomy":"category","embeddable":true,"href":"https:\/\/cdnoticias.com\/index.php\/wp-json\/wp\/v2\/categories?post=134438"},{"taxonomy":"post_tag","embeddable":true,"href":"https:\/\/cdnoticias.com\/index.php\/wp-json\/wp\/v2\/tags?post=134438"}],"curies":[{"name":"wp","href":"https:\/\/api.w.org\/{rel}","templated":true}]}}