{"id":134430,"date":"2025-01-13T19:46:54","date_gmt":"2025-01-13T22:46:54","guid":{"rendered":"https:\/\/cdnoticias.com\/?p=134430"},"modified":"2025-01-14T08:11:51","modified_gmt":"2025-01-14T11:11:51","slug":"la-libertad-avanza-y-el-vacio-legal-de-las-vacaciones-de-concejales-fuera-del-periodo-ordinario","status":"publish","type":"post","link":"https:\/\/cdnoticias.com\/index.php\/2025\/01\/13\/la-libertad-avanza-y-el-vacio-legal-de-las-vacaciones-de-concejales-fuera-del-periodo-ordinario\/","title":{"rendered":"La Libertad Avanza y el \u201cvac\u00edo legal\u201d de las vacaciones de concejales fuera del periodo ordinario"},"content":{"rendered":"<p>El concejal Oliver Gamondi habl\u00f3 sobre el pedido de informe presentado en torno al viaje de Marcelo Petehs. \u201cPara nuestra interpretaci\u00f3n lo correcto ser\u00eda pedir licencia\u201d dijo. \u00bfPropondr\u00e1n cambiar el reglamento? Un a\u00f1o de Javier Milei y el 2025 electoral.<!--more--><\/p>\n<hr \/>\n<p>El <strong>bloque La Libertad Avanza<\/strong> hizo una <strong>presentaci\u00f3n en el Concejo Deliberante <\/strong>para <strong>cuestionar la ausencia del concejal Marcelo Petehs (Libertad Olavarr\u00eda)<\/strong> quien sali\u00f3 de vacaciones durante 15 d\u00edas. <strong>Central de Noticias<\/strong> habl\u00f3 con <strong>Oliver Gamondi, presidente del bloque impulsor de la nota<\/strong>, quien cont\u00f3 lo sucedido.<\/p>\n<p>Reconoci\u00f3 que si bien su bancada<strong> tom\u00f3 como ejemplo el accionar de otros ediles<\/strong>, en el <strong>Reglamento del Concejo Deliberante no est\u00e1 contemplada la situaci\u00f3n<\/strong> con lo que desde la Presidencia del HCD se le aclar\u00f3 que <strong>no es pasible de sanci\u00f3n<\/strong> el accionar del concejal Petehs.<\/p>\n<p>El pedido de informe \u201csurgi\u00f3 porque <strong>cuando fue la \u00faltima ordinaria se aprob\u00f3, aprobamos nosotros, la licencia de Miriam Mosescu que estaba por fuera del per\u00edodo ordinario<\/strong>. Creo que era del 10 al 25 de diciembre.<strong> Leyendo todo el Reglamento no ten\u00eda obligaci\u00f3n de hacerlo<\/strong>, pero ella pidi\u00f3 la licencia y autom\u00e1ticamente asumi\u00f3 Bel\u00e9n Vergel. Con lo cual <strong>es muy correcto ese planteo<\/strong> porque ella ya sab\u00eda que hab\u00eda dos extraordinarias\u201d dijo Gamondi. Se refiri\u00f3 a las sesiones preparatoria y la del 17 de diciembre en la que se vot\u00f3 el Presupuesto 2025.<\/p>\n<blockquote>\n<p>Defini\u00f3 como \u201cantecedente de importancia\u201d el pedido de licencia de Mosescu. \u201cNo pod\u00e9s dejar un cargo electivo, los 20 concejales y el intendente que no pueden quedar descubiertos nunca. Puede pasar cualquier cosa y hay que estar, dejar garantizado un reemplazo\u201d consider\u00f3 el concejal.<\/p>\n<\/blockquote>\n<p><img data-recalc-dims=\"1\" loading=\"lazy\" decoding=\"async\" class=\"aligncenter wp-image-125193\" src=\"https:\/\/i0.wp.com\/cdnoticias.com\/wp-content\/uploads\/2024\/09\/HCD-oliver-gamondi-04.jpg?resize=800%2C445&#038;ssl=1\" alt=\"\" width=\"800\" height=\"445\" srcset=\"https:\/\/i0.wp.com\/cdnoticias.com\/wp-content\/uploads\/2024\/09\/HCD-oliver-gamondi-04.jpg?w=1000&amp;ssl=1 1000w, https:\/\/i0.wp.com\/cdnoticias.com\/wp-content\/uploads\/2024\/09\/HCD-oliver-gamondi-04.jpg?resize=300%2C167&amp;ssl=1 300w, https:\/\/i0.wp.com\/cdnoticias.com\/wp-content\/uploads\/2024\/09\/HCD-oliver-gamondi-04.jpg?resize=768%2C427&amp;ssl=1 768w, https:\/\/i0.wp.com\/cdnoticias.com\/wp-content\/uploads\/2024\/09\/HCD-oliver-gamondi-04.jpg?resize=800%2C445&amp;ssl=1 800w\" sizes=\"auto, (max-width: 800px) 100vw, 800px\" \/><\/p>\n<p>\u00a0<\/p>\n<p>\u201cLo que pas\u00f3 con esta cuesti\u00f3n es que <strong>uno de los concejales. en este caso Petehs, se tom\u00f3 15 d\u00edas y sali\u00f3 fuera del pa\u00eds<\/strong>. Lo puede hacer, eso no es problema. El punto es que no dej\u00f3 a nadie a cargo.<strong> Para nuestra interpretaci\u00f3n lo correcto ser\u00eda pedir licencia y dejar un concejal a cargo<\/strong> porque puede pasar cualquier cosa. <strong>Si se necesita convocar a una sesi\u00f3n extraordinaria no est\u00e1<\/strong>, y adem\u00e1s es presidente de un bloque\u201d explic\u00f3 la postura de su bancada.<\/p>\n<p>Tras la presentaci\u00f3n en el Legislativo, La Libertad Avanza <strong>dialog\u00f3 con el presidente del HCD, Guillermo Santell\u00e1n<\/strong>. Refiri\u00f3 que <strong>\u201cestaba de acuerdo con el tema porque tiene toda la l\u00f3gica.<\/strong> Lo que pasa es que el Reglamento interno obliga a los concejales a estar en las sesiones ordinarias que terminan el 30 de noviembre. <strong>Tiene un vac\u00edo legal para el receso, fuera del periodo ordinario.<\/strong> Para nuestra interpretaci\u00f3n, as\u00ed como Miriam pidi\u00f3 licencia, o en el caso de Adela Casamayor pidi\u00f3 licencia para febrero, ser\u00eda lo l\u00f3gico\u201d.<\/p>\n<blockquote>\n<p>En conclusi\u00f3n, \u201clo que dice Santell\u00e1n es que legalmente no se puede hacer nada porque no hay nada especificado\u201d.<\/p>\n<\/blockquote>\n<p>\u00bfEl bloque libertario va a proponer una reforma del Reglamento? \u201cEs lo m\u00e1s probable. Es algo que tenemos que ver todos los concejales c\u00f3mo hacemos en esta situaci\u00f3n. <strong>No puede quedar una ciudad sin los cuerpos legislativos completos. Hay un bache legal pero que sirva de antecedente para que se tenga el reparo\u201d<\/strong> respondi\u00f3 Gamondi. En ese marco, defini\u00f3 que <strong>\u201cel receso no son vacaciones. Quien no pueda justificar que est\u00e9 disponible en las primeras 24 horas tras un llamado, dejar un reemplazo o al menos avisar\u201d<\/strong>.<\/p>\n<p><blockquote class=\"wp-embedded-content\" data-secret=\"wYL3JlTsEl\"><a href=\"https:\/\/cdnoticias.com\/index.php\/2025\/01\/12\/jugada-de-cierre-y-de-apertura\/\">Jugada de cierre y de apertura<\/a><\/blockquote><iframe loading=\"lazy\" class=\"wp-embedded-content\" sandbox=\"allow-scripts\" security=\"restricted\" style=\"position: absolute; visibility: hidden;\" title=\"&#8220;Jugada de cierre y de apertura&#8221; &#8212; Central de Noticias | Olavarr\u00eda\" src=\"https:\/\/cdnoticias.com\/index.php\/2025\/01\/12\/jugada-de-cierre-y-de-apertura\/embed\/#?secret=h6nZKoGwNB#?secret=wYL3JlTsEl\" data-secret=\"wYL3JlTsEl\" width=\"600\" height=\"338\" frameborder=\"0\" marginwidth=\"0\" marginheight=\"0\" scrolling=\"no\"><\/iframe><\/p>\n<h3>Un a\u00f1o de la presidencia de Javier Milei<\/h3>\n<p>El concejal libertario destac\u00f3 como <strong>principal logro del primer a\u00f1o del mandato presidencial de Javier Milei \u201cla estabilizaci\u00f3n de la macroeconom\u00eda.<\/strong> La inflaci\u00f3n ha dejado de ser el problema principal de los argentinos. \u00cdbamos camino a una hiperinflaci\u00f3n. Las agencias de autos cero kil\u00f3metros vend\u00edan usado porque no hab\u00eda veh\u00edculos, no hab\u00eda insumos en los hospitales, era una situaci\u00f3n cr\u00edtica. Es algo que dejan los sistemas as\u00ed socialistas, comunistas, como tuvo Argentina durante d\u00e9cadas\u201d.<\/p>\n<p>A\u00f1adi\u00f3 que<strong> \u201clo m\u00e1s importante es haber generado una proyecci\u00f3n a futuro muy positiva<\/strong> no solamente para los mercados sino para la gente en s\u00ed. Hoy en d\u00eda la gente ya no tiene miedo de mantener sus ahorros, de poder invertir, hay cierta previsibilidad y eso es palpable\u201d.<\/p>\n<p>\u201cQuedan much\u00edsimos problemas por solucionar y<strong> si bien se han resuelto algunos problemas empiezan a aparecer otros por hacer las cosas bien.<\/strong> Por ejemplo, <strong>abrir la econom\u00eda hace que te des cuenta lo ineficiente que sos, hay que bajar los precios<\/strong> para competir con lo importado. Es el problema que tiene la industria. Hay que ver c\u00f3mo podemos hacer para mejorar sin tener que devaluar, sin tener que reventar la moneda. Son desaf\u00edos\u201d plante\u00f3 sobre el escenario para el segundo a\u00f1o de presidencia libertaria.<\/p>\n<p>\u00a0<\/p>\n<p><img data-recalc-dims=\"1\" loading=\"lazy\" decoding=\"async\" class=\"size-full wp-image-129350 aligncenter\" src=\"https:\/\/i0.wp.com\/cdnoticias.com\/wp-content\/uploads\/2024\/11\/hcd-sesion-especial-calle-agua-odello-gamondi-10.jpg?resize=800%2C445&#038;ssl=1\" alt=\"\" width=\"800\" height=\"445\" srcset=\"https:\/\/i0.wp.com\/cdnoticias.com\/wp-content\/uploads\/2024\/11\/hcd-sesion-especial-calle-agua-odello-gamondi-10.jpg?w=800&amp;ssl=1 800w, https:\/\/i0.wp.com\/cdnoticias.com\/wp-content\/uploads\/2024\/11\/hcd-sesion-especial-calle-agua-odello-gamondi-10.jpg?resize=300%2C167&amp;ssl=1 300w, https:\/\/i0.wp.com\/cdnoticias.com\/wp-content\/uploads\/2024\/11\/hcd-sesion-especial-calle-agua-odello-gamondi-10.jpg?resize=768%2C427&amp;ssl=1 768w\" sizes=\"auto, (max-width: 800px) 100vw, 800px\" \/><\/p>\n<p>\u00a0<\/p>\n<h3>Las elecciones legislativas<\/h3>\n<p>En preparaci\u00f3n para este a\u00f1o, <strong>La Libertad Avanza se constituy\u00f3 como partido pol\u00edtico<\/strong> en la provincia de Buenos Aires y en los \u00faltimos d\u00edas surgi\u00f3 el <strong>rumor de una potencial candidatura de Karina Milei<\/strong> en territorio bonaerense.<\/p>\n<p>Consultado por ese \u00faltimo punto, el concejal remarc\u00f3 que <em>\u201csimplemente rumores. No te puedo confirmar m\u00e1s que lo que se dice en los medios\u201d.<\/em><\/p>\n<blockquote>\n<p>En tanto, sobre la proyecci\u00f3n para el a\u00f1o electoral \u201clas expectativas son buenas, son muy buenas, pero va a ser una elecci\u00f3n importante porque yo creo que va a ser una elecci\u00f3n de las ideas. Vamos a ver qu\u00e9 tanto han penetrado las ideas de la libertad en la sociedad argentina\u201d consider\u00f3 Oliver Gamondi.<\/p>\n<\/blockquote>\n<p>Plante\u00f3 que ser\u00e1 una instancia para el sector libertario<strong> \u201cpara poder seguir dando esta batalla cultural\u201d.<\/strong><\/p>\n<p>\u201cReconocemos que el estado argentino comandado por Javier Milei hizo<strong> un gran ajuste fiscal<\/strong>, de las cuentas p\u00fablicas. <strong>Hay estabilidad macroecon\u00f3mica<\/strong>, aunque tambi\u00e9n son desaf\u00edos que se le va generando a la econom\u00eda. <strong>Hay gente que est\u00e1 muy conforme y hay otra que no tanto. Con lo cual tambi\u00e9n veremos hasta qu\u00e9 punto la sociedad sigue acompa\u00f1ando este proyecto.<\/strong> Nosotros creemos que podemos llegar a andar bien\u201d indic\u00f3 m\u00e1s adelante. En el cierre, el concejal apunt\u00f3 a las medidas aplicadas en los \u00e1mbitos educativos y de seguridad como pol\u00edticas que tambi\u00e9n cosecharon valoraciones positivas en la ciudadan\u00eda.<\/p>\n\n\n<p><\/p>\n","protected":false},"excerpt":{"rendered":"<p>El concejal Oliver Gamondi habl\u00f3 sobre el pedido de informe presentado en torno al viaje de Marcelo Petehs. \u201cPara nuestra<\/p>\n","protected":false},"author":4,"featured_media":126872,"comment_status":"closed","ping_status":"closed","sticky":false,"template":"","format":"standard","meta":{"_jetpack_memberships_contains_paid_content":false,"footnotes":""},"categories":[4,1],"tags":[],"class_list":["post-134430","post","type-post","status-publish","format-standard","has-post-thumbnail","hentry","category-politica","category-portada"],"jetpack_featured_media_url":"https:\/\/i0.wp.com\/cdnoticias.com\/wp-content\/uploads\/2024\/10\/gamondi-oliver-01.jpg?fit=800%2C445&ssl=1","jetpack_sharing_enabled":true,"_links":{"self":[{"href":"https:\/\/cdnoticias.com\/index.php\/wp-json\/wp\/v2\/posts\/134430","targetHints":{"allow":["GET"]}}],"collection":[{"href":"https:\/\/cdnoticias.com\/index.php\/wp-json\/wp\/v2\/posts"}],"about":[{"href":"https:\/\/cdnoticias.com\/index.php\/wp-json\/wp\/v2\/types\/post"}],"author":[{"embeddable":true,"href":"https:\/\/cdnoticias.com\/index.php\/wp-json\/wp\/v2\/users\/4"}],"replies":[{"embeddable":true,"href":"https:\/\/cdnoticias.com\/index.php\/wp-json\/wp\/v2\/comments?post=134430"}],"version-history":[{"count":0,"href":"https:\/\/cdnoticias.com\/index.php\/wp-json\/wp\/v2\/posts\/134430\/revisions"}],"wp:featuredmedia":[{"embeddable":true,"href":"https:\/\/cdnoticias.com\/index.php\/wp-json\/wp\/v2\/media\/126872"}],"wp:attachment":[{"href":"https:\/\/cdnoticias.com\/index.php\/wp-json\/wp\/v2\/media?parent=134430"}],"wp:term":[{"taxonomy":"category","embeddable":true,"href":"https:\/\/cdnoticias.com\/index.php\/wp-json\/wp\/v2\/categories?post=134430"},{"taxonomy":"post_tag","embeddable":true,"href":"https:\/\/cdnoticias.com\/index.php\/wp-json\/wp\/v2\/tags?post=134430"}],"curies":[{"name":"wp","href":"https:\/\/api.w.org\/{rel}","templated":true}]}}