{"id":13443,"date":"2021-02-10T17:12:43","date_gmt":"2021-02-10T20:12:43","guid":{"rendered":"http:\/\/www.centraldenoticias.com.ar\/?p=13443"},"modified":"2021-02-10T18:04:42","modified_gmt":"2021-02-10T21:04:42","slug":"justicia-por-ursula-es-muy-clara-la-existencia-de-violencia-institucional","status":"publish","type":"post","link":"https:\/\/cdnoticias.com\/index.php\/2021\/02\/10\/justicia-por-ursula-es-muy-clara-la-existencia-de-violencia-institucional\/","title":{"rendered":"Justicia por \u00darsula: \u201ces muy clara la existencia de violencia institucional\u201d"},"content":{"rendered":"<p>La Dra. en Comunicaci\u00f3n Mar\u00eda Eugenia Iturralde, integrante del Frente Ni Una Menos di\u00e1logo con Radio Universidad (FM 90.1) tras el femicidio de \u00darsula Bahillo. \u201cEn este caso es muy clara la violencia institucional\u201d, se\u00f1al\u00f3 e invit\u00f3 a la manifestaci\u00f3n de este mi\u00e9rcoles en nuestra ciudad.<!--more--><\/p>\n<hr \/>\n<p>La Dra. en Comunicaci\u00f3n e integrante del Frente Ni una Menos Olavarr\u00eda, <strong>Mar\u00eda Eugenia Iturralde<\/strong>, habl\u00f3 con Soledad Restivo para Radio Universidad (FM 90.1) tras el femicidio de \u00darsula Bahillo, una joven de 19 a\u00f1os de la localidad bonaerense de Rojas.<\/p>\n<p>&nbsp;<\/p>\n<p><strong>\u00darsula fue asesinada por Mat\u00edas Ezequiel Mart\u00ednez de 25 a\u00f1os, su ex pareja, un polic\u00eda de la fuerza de seguridad bonaerense.<\/strong> Hab\u00eda realizado 18 denuncias contra su femicida. Nada de eso alcanzo.<\/p>\n<p>&nbsp;<\/p>\n<p><em>\u201c<strong>En este caso en particular es muy clara la existencia de violencia institucional.<\/strong>\u00a0Incluso, a la familia le dijeron que no le iban a tomar la denuncia porque era fin de semana. Justamente el fin de semana es el momento en el que m\u00e1s denuncias se realizan, porque por lo general es el momento en el que las personas est\u00e1n m\u00e1s tiempos en su hogar\u201d<\/em>, se\u00f1al\u00f3 Iturralde.<\/p>\n<p>&nbsp;<\/p>\n<p>Record\u00f3 que <em>\u201chay un ejercicio de la violencia que se da justamente en el hogar, en la mayor\u00eda de los casos\u201d<\/em>. Justamente, las cifras y an\u00e1lisis dan cuenta de que <strong>el mayor porcentaje de femicidios se comete dentro del hogar, o bien las v\u00edctimas tienen alg\u00fan tipo de v\u00ednculo con el violento.<\/strong><\/p>\n<p>&nbsp;<\/p>\n<p>Las 18 denuncias realizadas contra el femicida fueron concretadas en distintos espacios: comisar\u00eda, comisar\u00eda de la Mujer, Fiscal\u00eda. <strong><em>\u00bfC\u00f3mo sostienen en la polic\u00eda bonaerense a una persona que ten\u00eda denuncias de dos parejas y una causa de violaci\u00f3n a una chica con discapacidad?<\/em><\/strong>, se pregunt\u00f3 Iturralde.<\/p>\n<p>&nbsp;<\/p>\n<p><strong><em>\u201cEs desolador que una persona que desempe\u00f1a una funci\u00f3n publica tenga este tipo de denuncia\u201d<\/em><\/strong>, agreg\u00f3 y reflexion\u00f3 en torno a los distintos espacios institucionales: <em>\u201csi nosotras somos educadoras, periodistas, polic\u00edas, trabajamos en el Poder Judicial tenemos que empezar a compartir lo que nos pasa, a apoyarnos, a sostener la palabra de la otra\u201d.<\/em><\/p>\n<p>&nbsp;<\/p>\n<blockquote><p>Me niego a pensar que desde la primera marcha del Ni Una Menos, hace 6 a\u00f1os, no hemos avanzado nada.<\/p><\/blockquote>\n<p>&nbsp;<\/p>\n<p>Asimismo, <em>\u201c<strong>los varones deben empezar a preguntarse c\u00f3mo construyen sus v\u00ednculos entre ellos y para con las mujeres<\/strong>. Yo no veo ninguna mujer muerta a causa del feminismo, en todo caso cuando nosotras abrazamos el feminismo, la violencia se recrudece, porque es aleccionadora\u201d.<\/em><\/p>\n<p>&nbsp;<\/p>\n<p>Por otra parte, la profesional insisti\u00f3 en que si una mujer est\u00e1 siendo violentada por un integrante de la fuerza de seguridad en nuestra ciudad, puede acercarse a la <strong>fiscal\u00eda ubicada en Rufino Fal 2943, para contar con un \u00e1mbito de menor v\u00ednculo entre el violento y la persona que tenemos en frente.<\/strong> En caso de estar en peligro inminente, llamar al 144 o al 911.<\/p>\n<p>&nbsp;<\/p>\n<p>Por \u00faltimo, Iturralde record\u00f3 que las organizaciones feministas de Olavarr\u00eda convocaron a una <a href=\"https:\/\/cdnoticias.com\/index.php\/2021\/02\/09\/convocan-a-una-movilizacion-en-olavarria-por-el-femicidio-de-una-joven-en-rojas\/\" target=\"_blank\" rel=\"noopener\">marcha para pedir justicia por \u00darsula<\/a> y para seguir visibilizando la problem\u00e1tica. Se concretar\u00e1, durante este mi\u00e9rcoles desde las 18:00 en el Paseo Jes\u00fas Mend\u00eda.<\/p>\n","protected":false},"excerpt":{"rendered":"<p>La Dra. en Comunicaci\u00f3n Mar\u00eda Eugenia Iturralde, integrante del Frente Ni Una Menos di\u00e1logo con Radio Universidad (FM 90.1) tras<\/p>\n","protected":false},"author":5,"featured_media":7453,"comment_status":"closed","ping_status":"closed","sticky":false,"template":"","format":"standard","meta":{"_jetpack_memberships_contains_paid_content":false,"footnotes":""},"categories":[3,1],"tags":[],"class_list":["post-13443","post","type-post","status-publish","format-standard","has-post-thumbnail","hentry","category-genero","category-portada"],"jetpack_featured_media_url":"https:\/\/i0.wp.com\/cdnoticias.com\/wp-content\/uploads\/2020\/11\/55736568_2325973777437393_9047980334288732160_o.jpg?fit=2048%2C1365&ssl=1","jetpack_sharing_enabled":true,"_links":{"self":[{"href":"https:\/\/cdnoticias.com\/index.php\/wp-json\/wp\/v2\/posts\/13443","targetHints":{"allow":["GET"]}}],"collection":[{"href":"https:\/\/cdnoticias.com\/index.php\/wp-json\/wp\/v2\/posts"}],"about":[{"href":"https:\/\/cdnoticias.com\/index.php\/wp-json\/wp\/v2\/types\/post"}],"author":[{"embeddable":true,"href":"https:\/\/cdnoticias.com\/index.php\/wp-json\/wp\/v2\/users\/5"}],"replies":[{"embeddable":true,"href":"https:\/\/cdnoticias.com\/index.php\/wp-json\/wp\/v2\/comments?post=13443"}],"version-history":[{"count":0,"href":"https:\/\/cdnoticias.com\/index.php\/wp-json\/wp\/v2\/posts\/13443\/revisions"}],"wp:featuredmedia":[{"embeddable":true,"href":"https:\/\/cdnoticias.com\/index.php\/wp-json\/wp\/v2\/media\/7453"}],"wp:attachment":[{"href":"https:\/\/cdnoticias.com\/index.php\/wp-json\/wp\/v2\/media?parent=13443"}],"wp:term":[{"taxonomy":"category","embeddable":true,"href":"https:\/\/cdnoticias.com\/index.php\/wp-json\/wp\/v2\/categories?post=13443"},{"taxonomy":"post_tag","embeddable":true,"href":"https:\/\/cdnoticias.com\/index.php\/wp-json\/wp\/v2\/tags?post=13443"}],"curies":[{"name":"wp","href":"https:\/\/api.w.org\/{rel}","templated":true}]}}