{"id":134425,"date":"2025-01-13T12:28:00","date_gmt":"2025-01-13T15:28:00","guid":{"rendered":"https:\/\/cdnoticias.com\/?p=134425"},"modified":"2025-01-13T12:28:04","modified_gmt":"2025-01-13T15:28:04","slug":"con-gran-marco-se-realizo-el-primer-encuentro-municipal-de-natacion-del-2025","status":"publish","type":"post","link":"https:\/\/cdnoticias.com\/index.php\/2025\/01\/13\/con-gran-marco-se-realizo-el-primer-encuentro-municipal-de-natacion-del-2025\/","title":{"rendered":"Con gran marco se realiz\u00f3 el Primer Encuentro Municipal de Nataci\u00f3n del 2025"},"content":{"rendered":"\n<p>Formaron parte alrededor de una decena de colonias de verano y de vacaciones. Habr\u00e1 un segundo encuentro con otros participantes.<\/p>\n\n\n\n<hr class=\"wp-block-separator has-alpha-channel-opacity\"\/>\n\n\n\n<p>En la ma\u00f1ana del \u00faltimo s\u00e1bado un importante marco de p\u00fablico pudo verse en torno al pilet\u00f3n del Bioparque Municipal La M\u00e1xima, donde se desarroll\u00f3 e<strong>l primer encuentro municipal de nataci\u00f3n de la temporada 2024\/2025, organizado desde la Subsecretar\u00eda de Deportes.<\/strong><\/p>\n\n\n\n<p><\/p>\n\n\n\n<p>La actividad cont\u00f3 con la participaci\u00f3n de alrededor de una<strong> decena de colonias de verano y de vacaciones <\/strong>de todo el Partido de Olavarr\u00eda, <strong>una propuesta no s\u00f3lo recreativa, sino que adem\u00e1s permite comenzar a conocer y seguir de cerca a nadadores y nadadoras locales, con vistas a integrar el Programa Municipal \u201cTalentos en el Agua\u201d, de acompa\u00f1amiento y promoci\u00f3n de la disciplina.<\/strong><\/p>\n\n\n\n<p><\/p>\n\n\n\n<p>El encuentro se desarroll\u00f3 en horas de la ma\u00f1ana pero se prolong\u00f3 hasta ya transcurrido el mediod\u00eda, con la participaci\u00f3n no s\u00f3lo de un importante n\u00famero de chicos y chicas, <strong>una cifra superior a los 250<\/strong>, sino que tambi\u00e9n pudo verse a familiares, amigos y allegados. Adem\u00e1s, el clima y el atractivo espacio municipal configuraron un marco ideal para una jornada plena en deporte y diversi\u00f3n.<\/p>\n\n\n\n<p><\/p>\n\n\n\n<figure class=\"wp-block-image size-full\"><img data-recalc-dims=\"1\" loading=\"lazy\" decoding=\"async\" width=\"800\" height=\"445\" src=\"https:\/\/i0.wp.com\/cdnoticias.com\/wp-content\/uploads\/2025\/01\/Encuentro-de-Natacion-3-scaled-1.jpg?resize=800%2C445&#038;ssl=1\" alt=\"\" class=\"wp-image-134426\" srcset=\"https:\/\/i0.wp.com\/cdnoticias.com\/wp-content\/uploads\/2025\/01\/Encuentro-de-Natacion-3-scaled-1.jpg?w=800&amp;ssl=1 800w, https:\/\/i0.wp.com\/cdnoticias.com\/wp-content\/uploads\/2025\/01\/Encuentro-de-Natacion-3-scaled-1.jpg?resize=300%2C167&amp;ssl=1 300w, https:\/\/i0.wp.com\/cdnoticias.com\/wp-content\/uploads\/2025\/01\/Encuentro-de-Natacion-3-scaled-1.jpg?resize=768%2C427&amp;ssl=1 768w\" sizes=\"auto, (max-width: 800px) 100vw, 800px\" \/><\/figure>\n\n\n\n<p><\/p>\n\n\n\n<blockquote class=\"wp-block-quote is-layout-flow wp-block-quote-is-layout-flow\">\n<p>En la ocasi\u00f3n se cont\u00f3 con representantes de las Colonias de Racing, Verano Feliz, Estudiantes, Afrika, Ubatuba, Loma Negra, Sakinko, Pueblo Nuevo y Los Zainos.<\/p>\n<\/blockquote>\n\n\n\n<p><\/p>\n\n\n\n<p>Durante la jornada se realizaron diversas <strong>pruebas de velocidad y competencias <\/strong>que fueron supervisadas por profesores del staff municipal, quienes integran adem\u00e1s el Programa \u201cTalentos en el Agua\u201d, con el objetivo de comenzar a detectar y seguir a nadadores y nadadoras locales, con el objetivo de que a futuro puedan integrar dicho programa de acompa\u00f1amiento y promoci\u00f3n de la disciplina, que<strong> permite a los chicos y chicas seleccionadas continuar con la pr\u00e1ctica del deporte durante el a\u00f1o, entre otros beneficios.<\/strong><\/p>\n\n\n\n<p><\/p>\n\n\n\n<figure class=\"wp-block-image size-full\"><img data-recalc-dims=\"1\" loading=\"lazy\" decoding=\"async\" width=\"800\" height=\"445\" src=\"https:\/\/i0.wp.com\/cdnoticias.com\/wp-content\/uploads\/2025\/01\/Encuentro-de-Natacion-6-scaled-1.jpg?resize=800%2C445&#038;ssl=1\" alt=\"\" class=\"wp-image-134427\" srcset=\"https:\/\/i0.wp.com\/cdnoticias.com\/wp-content\/uploads\/2025\/01\/Encuentro-de-Natacion-6-scaled-1.jpg?w=800&amp;ssl=1 800w, https:\/\/i0.wp.com\/cdnoticias.com\/wp-content\/uploads\/2025\/01\/Encuentro-de-Natacion-6-scaled-1.jpg?resize=300%2C167&amp;ssl=1 300w, https:\/\/i0.wp.com\/cdnoticias.com\/wp-content\/uploads\/2025\/01\/Encuentro-de-Natacion-6-scaled-1.jpg?resize=768%2C427&amp;ssl=1 768w\" sizes=\"auto, (max-width: 800px) 100vw, 800px\" \/><\/figure>\n\n\n\n<p><\/p>\n\n\n\n<p>El subsecretario de Deportes Juan Pablo Arouxet acompa\u00f1\u00f3 la actividad siguieron de cerca cada una de las alternativas de la actividad.<\/p>\n\n\n\n<p><\/p>\n\n\n\n<p>En las pr\u00f3ximas semanas se desarrollar\u00e1 el <strong>segundo encuentro<\/strong>, del que ser\u00e1n parte chicos y chicas de las colonias de verano Ferro, La Docta, Pileta Gonz\u00e1lez, Verano So\u00f1ado (STMO), San Mart\u00edn de Sierras Bayas, El Socav\u00f3n, El Prado de Hinojo, Club de Sierra Chica y el Club El Fort\u00edn, como as\u00ed tambi\u00e9n del Programa de Verano del Programa Municipal de Deporte en los Barrios, Escuelas Abiertas de Verano y la Colonia Municipal para los Centros de D\u00eda.<\/p>\n","protected":false},"excerpt":{"rendered":"<p>Formaron parte alrededor de una decena de colonias de verano y de vacaciones. Habr\u00e1 un segundo encuentro con otros participantes.<\/p>\n","protected":false},"author":5,"featured_media":134428,"comment_status":"closed","ping_status":"closed","sticky":false,"template":"","format":"standard","meta":{"_jetpack_memberships_contains_paid_content":false,"footnotes":""},"categories":[5,1],"tags":[],"class_list":["post-134425","post","type-post","status-publish","format-standard","has-post-thumbnail","hentry","category-informacion-general","category-portada"],"jetpack_featured_media_url":"https:\/\/i0.wp.com\/cdnoticias.com\/wp-content\/uploads\/2025\/01\/Encuentro-de-Natacion-7-scaled-1.jpg?fit=800%2C445&ssl=1","jetpack_sharing_enabled":true,"_links":{"self":[{"href":"https:\/\/cdnoticias.com\/index.php\/wp-json\/wp\/v2\/posts\/134425","targetHints":{"allow":["GET"]}}],"collection":[{"href":"https:\/\/cdnoticias.com\/index.php\/wp-json\/wp\/v2\/posts"}],"about":[{"href":"https:\/\/cdnoticias.com\/index.php\/wp-json\/wp\/v2\/types\/post"}],"author":[{"embeddable":true,"href":"https:\/\/cdnoticias.com\/index.php\/wp-json\/wp\/v2\/users\/5"}],"replies":[{"embeddable":true,"href":"https:\/\/cdnoticias.com\/index.php\/wp-json\/wp\/v2\/comments?post=134425"}],"version-history":[{"count":0,"href":"https:\/\/cdnoticias.com\/index.php\/wp-json\/wp\/v2\/posts\/134425\/revisions"}],"wp:featuredmedia":[{"embeddable":true,"href":"https:\/\/cdnoticias.com\/index.php\/wp-json\/wp\/v2\/media\/134428"}],"wp:attachment":[{"href":"https:\/\/cdnoticias.com\/index.php\/wp-json\/wp\/v2\/media?parent=134425"}],"wp:term":[{"taxonomy":"category","embeddable":true,"href":"https:\/\/cdnoticias.com\/index.php\/wp-json\/wp\/v2\/categories?post=134425"},{"taxonomy":"post_tag","embeddable":true,"href":"https:\/\/cdnoticias.com\/index.php\/wp-json\/wp\/v2\/tags?post=134425"}],"curies":[{"name":"wp","href":"https:\/\/api.w.org\/{rel}","templated":true}]}}