{"id":134418,"date":"2025-01-19T16:56:40","date_gmt":"2025-01-19T19:56:40","guid":{"rendered":"https:\/\/cdnoticias.com\/?p=134418"},"modified":"2025-01-19T16:56:44","modified_gmt":"2025-01-19T19:56:44","slug":"se-dictara-un-taller-de-embarazo-en-loma-negra","status":"publish","type":"post","link":"https:\/\/cdnoticias.com\/index.php\/2025\/01\/19\/se-dictara-un-taller-de-embarazo-en-loma-negra\/","title":{"rendered":"Se dictar\u00e1 un Taller de embarazo en Loma Negra"},"content":{"rendered":"\n<p>Ser\u00e1 el lunes 20 de enero. Se abordaron temas como los cuidados en el embarazo, preparaci\u00f3n para el nacimiento y parto respetado.<\/p>\n\n\n\n<hr class=\"wp-block-separator has-alpha-channel-opacity\"\/>\n\n\n\n<p>El <strong>lunes 20 de enero <\/strong>se brindar\u00e1 un<strong> Taller de Embarazo en la localidad de Loma Negra<\/strong>, organizado por el Centro de Atenci\u00f3n Primaria de la Salud N\u00b0 21.<\/p>\n\n\n\n<p><\/p>\n\n\n\n<p>La jornada <strong>ser\u00e1 a las 10:00 en el sal\u00f3n de la Delegaci\u00f3n Municipal<\/strong> (1\u00ba de Mayo 1448) y estar\u00e1 a cargo de la <strong>obstetra Melisa Delgado.<\/strong><\/p>\n\n\n\n<p><\/p>\n\n\n\n<p>El taller es abierto a la comunidad y para todas aquellas mujeres que est\u00e9n transitando por dicho proceso. En la oportunidad se abordar\u00e1n temas como los <strong>cuidados en el embarazo, preparaci\u00f3n para el nacimiento y Ley de Parto Respetado.<\/strong><\/p>\n\n\n\n<p><\/p>\n","protected":false},"excerpt":{"rendered":"<p>Ser\u00e1 el lunes 20 de enero. Se abordaron temas como los cuidados en el embarazo, preparaci\u00f3n para el nacimiento y<\/p>\n","protected":false},"author":5,"featured_media":134422,"comment_status":"closed","ping_status":"closed","sticky":false,"template":"","format":"standard","meta":{"_jetpack_memberships_contains_paid_content":false,"footnotes":""},"categories":[5,1],"tags":[],"class_list":["post-134418","post","type-post","status-publish","format-standard","has-post-thumbnail","hentry","category-informacion-general","category-portada"],"jetpack_featured_media_url":"https:\/\/i0.wp.com\/cdnoticias.com\/wp-content\/uploads\/2025\/01\/Taller-Embarazo-1024x1024-1.jpeg?fit=800%2C445&ssl=1","jetpack_sharing_enabled":true,"_links":{"self":[{"href":"https:\/\/cdnoticias.com\/index.php\/wp-json\/wp\/v2\/posts\/134418","targetHints":{"allow":["GET"]}}],"collection":[{"href":"https:\/\/cdnoticias.com\/index.php\/wp-json\/wp\/v2\/posts"}],"about":[{"href":"https:\/\/cdnoticias.com\/index.php\/wp-json\/wp\/v2\/types\/post"}],"author":[{"embeddable":true,"href":"https:\/\/cdnoticias.com\/index.php\/wp-json\/wp\/v2\/users\/5"}],"replies":[{"embeddable":true,"href":"https:\/\/cdnoticias.com\/index.php\/wp-json\/wp\/v2\/comments?post=134418"}],"version-history":[{"count":0,"href":"https:\/\/cdnoticias.com\/index.php\/wp-json\/wp\/v2\/posts\/134418\/revisions"}],"wp:featuredmedia":[{"embeddable":true,"href":"https:\/\/cdnoticias.com\/index.php\/wp-json\/wp\/v2\/media\/134422"}],"wp:attachment":[{"href":"https:\/\/cdnoticias.com\/index.php\/wp-json\/wp\/v2\/media?parent=134418"}],"wp:term":[{"taxonomy":"category","embeddable":true,"href":"https:\/\/cdnoticias.com\/index.php\/wp-json\/wp\/v2\/categories?post=134418"},{"taxonomy":"post_tag","embeddable":true,"href":"https:\/\/cdnoticias.com\/index.php\/wp-json\/wp\/v2\/tags?post=134418"}],"curies":[{"name":"wp","href":"https:\/\/api.w.org\/{rel}","templated":true}]}}