{"id":134405,"date":"2025-01-13T10:01:31","date_gmt":"2025-01-13T13:01:31","guid":{"rendered":"https:\/\/cdnoticias.com\/?p=134405"},"modified":"2025-01-13T10:01:35","modified_gmt":"2025-01-13T13:01:35","slug":"aviones-f-16-en-tandil-defensa-anuncio-que-pronto-se-armara-la-unidad-25","status":"publish","type":"post","link":"https:\/\/cdnoticias.com\/index.php\/2025\/01\/13\/aviones-f-16-en-tandil-defensa-anuncio-que-pronto-se-armara-la-unidad-25\/","title":{"rendered":"Aviones F-16 en Tandil: Defensa anunci\u00f3 que pronto se armar\u00e1 la \u201cUnidad 25\u201d"},"content":{"rendered":"<p>El Ministerio nacional inform\u00f3 que traslad\u00f3 materiales. Llegaron tambi\u00e9n los t\u00e9cnicos daneses. La unidad se utilizar\u00e1 para entrenamiento en la VI Brigada A\u00e9rea.<!--more--><\/p>\n<hr \/>\n<p>Como parte del <strong>avance del Programa F-16 \u201cPeace Condor\u201d de la Fuerza A\u00e9rea Argentina<\/strong>, el <strong>Ministerio de Defensa de la Naci\u00f3n<\/strong> anunci\u00f3 a trav\u00e9s de sus redes sociales la <strong>llegada a la Base A\u00e9rea de Tandil<\/strong> del <strong>equipamiento<\/strong> y las <strong>herramientas<\/strong> para iniciar el <strong>armado del avi\u00f3n<\/strong> que ya se encuentra en esa ciudad. Tambi\u00e9n arribaron los<strong> t\u00e9cnicos daneses que ser\u00e1n responsables del ensamblado<\/strong> de la nave.<\/p>\n<p>De acuerdo a informaci\u00f3n a la que accedi\u00f3 El Eco, en el conjunto de cajas provenientes de Dinamarca se transport\u00f3 utillaje necesario para <strong>el montaje de la Unidad 25, el cual present\u00f3 a mediados de diciembre pasado el ministro Luis Petri<\/strong>. Cabe recordar, dicha unidad no formar\u00e1 parte de los 24 aviones que s\u00ed ser\u00e1n utilizados para volar por los pilotos de la Fuerza, sino que <strong>estar\u00e1 destinada al riguroso entrenamiento que tendr\u00e1n que atravesar los profesionales designados<\/strong>. Desde el pasado mi\u00e9rcoles 8, un grupo de t\u00e9cnicos daneses ya se encuentran en la ciudad trabajando junto al personal del Programa. <strong>El armado llevar\u00e1 aproximadamente un mes.<\/strong><\/p>\n<p><img data-recalc-dims=\"1\" loading=\"lazy\" decoding=\"async\" class=\"size-full wp-image-134407 aligncenter\" src=\"https:\/\/i0.wp.com\/cdnoticias.com\/wp-content\/uploads\/2025\/01\/tandil-avion-f16-00.jpg?resize=800%2C445&#038;ssl=1\" alt=\"\" width=\"800\" height=\"445\" srcset=\"https:\/\/i0.wp.com\/cdnoticias.com\/wp-content\/uploads\/2025\/01\/tandil-avion-f16-00.jpg?w=1000&amp;ssl=1 1000w, https:\/\/i0.wp.com\/cdnoticias.com\/wp-content\/uploads\/2025\/01\/tandil-avion-f16-00.jpg?resize=300%2C167&amp;ssl=1 300w, https:\/\/i0.wp.com\/cdnoticias.com\/wp-content\/uploads\/2025\/01\/tandil-avion-f16-00.jpg?resize=768%2C427&amp;ssl=1 768w, https:\/\/i0.wp.com\/cdnoticias.com\/wp-content\/uploads\/2025\/01\/tandil-avion-f16-00.jpg?resize=800%2C445&amp;ssl=1 800w\" sizes=\"auto, (max-width: 800px) 100vw, 800px\" \/><\/p>\n<blockquote><p>\u201cLlegaron los camiones con el equipamiento y herramientas necesarias para comenzar a armar el avi\u00f3n 25 de los F-16 en la VI Brigada A\u00e9rea de Tandil. Tambi\u00e9n llegar\u00e1n los t\u00e9cnicos daneses, quienes iniciar\u00e1n el ensamblaje. El primer paso ser\u00e1 colocar el avi\u00f3n sobre su tren de aterrizaje. \u00a1Pronto te compartiremos m\u00e1s detalles y fotos del proceso!\u201d, anunciaron desde el Ministerio de Defensa a trav\u00e9s de la red social X (ex Twitter).<\/p><\/blockquote>\n<p>Adem\u00e1s, se presentaron im\u00e1genes en las que pudo observarse el <strong>proceso de la llegada del material, la carga en camiones<\/strong> destinados al transporte hacia Tandil, los mismos 6 camiones estacionados frente a los hangares de la Base A\u00e9rea de la vecina ciudad, y parte de las cajas \u2013con la inscripci\u00f3n Royal Danish Airforce Fighterwing Skrydstrup-, en las que arrib\u00f3 el utillaje.<\/p>\n<p>El<strong> equipo destinado al Programa F-16<\/strong> \u2013que excede al personal de Tandil, y que est\u00e1 <strong>a cargo del vicecomodoro Juan Manuel Sosa<\/strong>&#8211; est\u00e1 trabajando con el conjunto de los efectivos designados no solo al armado sino a todos los detalles pertinentes- reacondicionamiento de la pista y otros-, para contar con la <strong>unidad de entrenamiento<\/strong> finalizada. <strong>Al acto inaugural se estima que asistir\u00e1 el presidente Javier Milei<\/strong>, de acuerdo a lo que transmiti\u00f3 en su visita el ministro Petri.<\/p>\n<blockquote class=\"twitter-tweet\">\n<p dir=\"ltr\" lang=\"es\">Llegaron los camiones con el equipamiento y herramientas necesarias para comenzar a armar el avi\u00f3n 25 de los F-16 en la VI Brigada A\u00e9rea de Tandil.<\/p>\n<p>Tambi\u00e9n llegar\u00e1n los t\u00e9cnicos daneses, quienes iniciar\u00e1n el ensamblaje. El primer paso ser\u00e1 colocar el avi\u00f3n sobre su tren de\u2026 <a href=\"https:\/\/t.co\/3Bg1WxCugr\">pic.twitter.com\/3Bg1WxCugr<\/a><\/p>\n<p>\u2014 Ministerio de Defensa (@MinDefensa_Ar) <a href=\"https:\/\/twitter.com\/MinDefensa_Ar\/status\/1878495571163701559?ref_src=twsrc%5Etfw\">January 12, 2025<\/a><\/p><\/blockquote>\n<p><script async src=\"https:\/\/platform.twitter.com\/widgets.js\" charset=\"utf-8\"><\/script><\/p>\n<h3>La base de defensa m\u00e1s importante del pa\u00eds<\/h3>\n<p>Fue el pasado 19 de diciembre cuando el <strong>ministro Luis Petri<\/strong> fue a Tandil para<strong> recorrer el hangar donde se resguarda el fuselaje de la Unidad 25<\/strong>, as\u00ed como tambi\u00e9n la zona donde<strong> ya se construye un Centro de Instrucci\u00f3n<\/strong>, el espacio donde estar\u00e1 alojado el simulador y el Centro de Pilotos, entre otras \u00e1reas reservadas.<\/p>\n<p>Entonces, Petri dijo que <strong>\u201cestamos cumpliendo con una necesidad de la sociedad argentina<\/strong>. Se perdi\u00f3 la capacidad supers\u00f3nica en 2015, por eso es tan relevante esta compra\u201d, expres\u00f3 en referencia a la adquisici\u00f3n de 24 aviones F-16 y en recuerdo de la fecha en la que culmin\u00f3 el uso de los aviones Mirage.<\/p>\n<p><strong>\u201cDentro de un a\u00f1o, cuando lleguen los primeros seis, estar\u00e1n listos los pilotos\u201d<\/strong>, sum\u00f3 el ministro de Defensa sobre los profesionales designados para tener a su cargo las naves.<\/p>\n<blockquote><p>Adem\u00e1s de anunciar la posible visita del presidente Javier Milei al momento de presentar la unidad de entrenamiento y los avances en las obras en marcha, el funcionario nacional destac\u00f3 que al establecer la Base A\u00e9rea local como centro del Programa F-16, \u201cTandil se convertir\u00e1 en la base a\u00e9rea m\u00e1s importante del pa\u00eds\u201d.<\/p><\/blockquote>\n<p>La compra por parte del gobierno nacional de los aviones fue descripta <strong>no solo como un salto para la VI Brigada A\u00e9rea de Tandil sino para el conjunto de la Fuerza A\u00e9rea Argentina<\/strong>. \u201cLe afecta transversalmente. O sea no solamente por el <strong>salto tecnol\u00f3gico<\/strong> y la capacidad que tiene que adquirir el personal de pilotos, sino que lleva asociado mec\u00e1nicos, personal de seguridad, ciber defensa de inform\u00e1tica de los sistemas de radar. La Fuerza A\u00e9rea \u00edntegra est\u00e1 atravesada por la incorporaci\u00f3n de este sistema que recibe para <strong>cumplir su misi\u00f3n fundamental de defender el cielo argentino\u201d<\/strong>, manifest\u00f3 al respecto \u2013tambi\u00e9n durante la visita de Petri-, el <strong>jefe de la Fuerza A\u00e9rea, brigadier Gustavo Javier Valverde<\/strong>.<\/p>\n<p>Fuente: <em>El Eco<\/em><br \/>\nFotos: <em>Ministerio de Defensa de la Naci\u00f3n<\/em><\/p>\n","protected":false},"excerpt":{"rendered":"<p>El Ministerio nacional inform\u00f3 que traslad\u00f3 materiales. Llegaron tambi\u00e9n los t\u00e9cnicos daneses. La unidad se utilizar\u00e1 para entrenamiento en la<\/p>\n","protected":false},"author":4,"featured_media":134406,"comment_status":"closed","ping_status":"closed","sticky":false,"template":"","format":"standard","meta":{"_jetpack_memberships_contains_paid_content":false,"footnotes":""},"categories":[6,1],"tags":[],"class_list":["post-134405","post","type-post","status-publish","format-standard","has-post-thumbnail","hentry","category-nacionales","category-portada"],"jetpack_featured_media_url":"https:\/\/i0.wp.com\/cdnoticias.com\/wp-content\/uploads\/2025\/01\/tandil-avion-f16-01.jpg?fit=1000%2C556&ssl=1","jetpack_sharing_enabled":true,"_links":{"self":[{"href":"https:\/\/cdnoticias.com\/index.php\/wp-json\/wp\/v2\/posts\/134405","targetHints":{"allow":["GET"]}}],"collection":[{"href":"https:\/\/cdnoticias.com\/index.php\/wp-json\/wp\/v2\/posts"}],"about":[{"href":"https:\/\/cdnoticias.com\/index.php\/wp-json\/wp\/v2\/types\/post"}],"author":[{"embeddable":true,"href":"https:\/\/cdnoticias.com\/index.php\/wp-json\/wp\/v2\/users\/4"}],"replies":[{"embeddable":true,"href":"https:\/\/cdnoticias.com\/index.php\/wp-json\/wp\/v2\/comments?post=134405"}],"version-history":[{"count":0,"href":"https:\/\/cdnoticias.com\/index.php\/wp-json\/wp\/v2\/posts\/134405\/revisions"}],"wp:featuredmedia":[{"embeddable":true,"href":"https:\/\/cdnoticias.com\/index.php\/wp-json\/wp\/v2\/media\/134406"}],"wp:attachment":[{"href":"https:\/\/cdnoticias.com\/index.php\/wp-json\/wp\/v2\/media?parent=134405"}],"wp:term":[{"taxonomy":"category","embeddable":true,"href":"https:\/\/cdnoticias.com\/index.php\/wp-json\/wp\/v2\/categories?post=134405"},{"taxonomy":"post_tag","embeddable":true,"href":"https:\/\/cdnoticias.com\/index.php\/wp-json\/wp\/v2\/tags?post=134405"}],"curies":[{"name":"wp","href":"https:\/\/api.w.org\/{rel}","templated":true}]}}