{"id":134403,"date":"2025-01-13T09:11:13","date_gmt":"2025-01-13T12:11:13","guid":{"rendered":"https:\/\/cdnoticias.com\/?p=134403"},"modified":"2025-01-13T13:45:16","modified_gmt":"2025-01-13T16:45:16","slug":"verano-2025-mar-del-plata-con-ocupacion-constante-del-70-y-estadias-de-cuatro-o-cinco-dias","status":"publish","type":"post","link":"https:\/\/cdnoticias.com\/index.php\/2025\/01\/13\/verano-2025-mar-del-plata-con-ocupacion-constante-del-70-y-estadias-de-cuatro-o-cinco-dias\/","title":{"rendered":"Verano 2025: Mar del Plata con ocupaci\u00f3n constante del 70% y estad\u00edas de cuatro o cinco d\u00edas"},"content":{"rendered":"\n<p>La temporada \u201cno es un boom\u201d, pero \u201ctampoco es mala\u201d: \u201cregular\u201d o \u201cbuena\u201d, la definen algunos operadores tur\u00edsticos.<\/p>\n\n\n\n<hr class=\"wp-block-separator has-alpha-channel-opacity\"\/>\n\n\n\n<p>Mar del Plata sostiene en estos d\u00edas de enero un movimiento tur\u00edstico que demanda, de manera constante, a<strong>lrededor del 70% de las plazas hoteleras y extrahoteleras, con turistas que, en promedio, permanecen entre cuatro y cinco d\u00edas <\/strong>en la ciudad.<\/p>\n\n\n\n<p><\/p>\n\n\n\n<p>Este segundo fin de semana de 2025 se registr\u00f3 un incesante nivel de arribos a Mar del Plata (el viernes circulaban m\u00e1s de 2.500 autos por hora hacia la Costa por las rutas 2 y 11), y el movimiento coincidi\u00f3 con la mejora del tiempo, de acuerdo con el diario La Capital. Entre los operadores tur\u00edsticos locales contin\u00faa el optimismo. <strong>La temporada \u201cno es un boom\u201d, pero \u201ctampoco es mala\u201d: \u201cregular\u201d o \u201cbuena\u201d, la definen algunos.<\/strong><\/p>\n\n\n\n<p><\/p>\n\n\n\n<p>Las familias que eligen Mar del Plata se quedan entre cuatro y cinco d\u00edas, de acuerdo con la estad\u00eda promedio registrada en la primera quincena de enero, seg\u00fan el sector hotelero, como as\u00ed tambi\u00e9n en lo que hace a la demanda de departamentos. <strong>Se advierte un \u201crecambio constante\u201d<\/strong>, consigna La Capital.<\/p>\n\n\n\n<p><\/p>\n\n\n\n<p>Desde la<strong> Asociaci\u00f3n Empresaria Hotelera y Gastron\u00f3mica<\/strong> detallaron que la ciudad registra<strong> \u201cun 70% de ocupaci\u00f3n promedio\u201d<\/strong>, una cifra que \u201cse viene manteniendo\u201d a lo largo de la primera quincena del mes enero. \u201cTenemos un promedio de reservas del 70%, un n\u00famero que se mantiene de manera constante. Hay diferencias en algunas categor\u00edas de acuerdo al formato y con el tipo de grupo que trabajan\u201d, le dijo Hern\u00e1n Szkrohal, uno de los referentes de la Asociaci\u00f3n, a La Capital.<\/p>\n\n\n\n<p><\/p>\n\n\n\n<blockquote class=\"wp-block-quote is-layout-flow wp-block-quote-is-layout-flow\">\n<p>En el sector extrahotelero sucede algo similar: \u201cest\u00e1n cumpli\u00e9ndose las expectativas que ven\u00edamos teniendo, que despu\u00e9s de Reyes iba a incrementarse el turismo. Estamos en un fin de semana que est\u00e1 superando el 70%\u201d, analiz\u00f3 Guillermo Rossi, presidente del Colegio de Martilleros y Corredores P\u00fablicos.<\/p>\n<\/blockquote>\n\n\n\n<p><\/p>\n\n\n\n<p><strong>Quienes superan la barrera del 70% de ocupaci\u00f3n son los balnearios.<\/strong> Al respecto, el concesionario Juan Salvi, responsable de varios balnearios, destac\u00f3: \u201ceste fin de semana estamos con un 85% de ocupaci\u00f3n en promedio y con un pico que se va a dar el domingo. El clima ha mejorado y comenzaron a verse nuevamente las postales de playas con much\u00edsima gente\u201d.<\/p>\n\n\n\n<p><\/p>\n\n\n\n<p><em>Fuente: DIB.<\/em><\/p>\n","protected":false},"excerpt":{"rendered":"<p>La temporada \u201cno es un boom\u201d, pero \u201ctampoco es mala\u201d: \u201cregular\u201d o \u201cbuena\u201d, la definen algunos operadores tur\u00edsticos. Mar del<\/p>\n","protected":false},"author":5,"featured_media":100046,"comment_status":"closed","ping_status":"closed","sticky":false,"template":"","format":"standard","meta":{"_jetpack_memberships_contains_paid_content":false,"footnotes":""},"categories":[6],"tags":[],"class_list":["post-134403","post","type-post","status-publish","format-standard","has-post-thumbnail","hentry","category-nacionales"],"jetpack_featured_media_url":"https:\/\/i0.wp.com\/cdnoticias.com\/wp-content\/uploads\/2023\/10\/mar-del-plata-696x479-1.jpg?fit=696%2C479&ssl=1","jetpack_sharing_enabled":true,"_links":{"self":[{"href":"https:\/\/cdnoticias.com\/index.php\/wp-json\/wp\/v2\/posts\/134403","targetHints":{"allow":["GET"]}}],"collection":[{"href":"https:\/\/cdnoticias.com\/index.php\/wp-json\/wp\/v2\/posts"}],"about":[{"href":"https:\/\/cdnoticias.com\/index.php\/wp-json\/wp\/v2\/types\/post"}],"author":[{"embeddable":true,"href":"https:\/\/cdnoticias.com\/index.php\/wp-json\/wp\/v2\/users\/5"}],"replies":[{"embeddable":true,"href":"https:\/\/cdnoticias.com\/index.php\/wp-json\/wp\/v2\/comments?post=134403"}],"version-history":[{"count":0,"href":"https:\/\/cdnoticias.com\/index.php\/wp-json\/wp\/v2\/posts\/134403\/revisions"}],"wp:featuredmedia":[{"embeddable":true,"href":"https:\/\/cdnoticias.com\/index.php\/wp-json\/wp\/v2\/media\/100046"}],"wp:attachment":[{"href":"https:\/\/cdnoticias.com\/index.php\/wp-json\/wp\/v2\/media?parent=134403"}],"wp:term":[{"taxonomy":"category","embeddable":true,"href":"https:\/\/cdnoticias.com\/index.php\/wp-json\/wp\/v2\/categories?post=134403"},{"taxonomy":"post_tag","embeddable":true,"href":"https:\/\/cdnoticias.com\/index.php\/wp-json\/wp\/v2\/tags?post=134403"}],"curies":[{"name":"wp","href":"https:\/\/api.w.org\/{rel}","templated":true}]}}