{"id":134344,"date":"2025-01-12T17:08:45","date_gmt":"2025-01-12T20:08:45","guid":{"rendered":"https:\/\/cdnoticias.com\/?p=134344"},"modified":"2025-01-12T21:12:49","modified_gmt":"2025-01-13T00:12:49","slug":"jugada-de-cierre-y-de-apertura","status":"publish","type":"post","link":"https:\/\/cdnoticias.com\/index.php\/2025\/01\/12\/jugada-de-cierre-y-de-apertura\/","title":{"rendered":"Jugada de cierre y de apertura"},"content":{"rendered":"\n<p>La auditor\u00eda del Ejecutivo cerr\u00f3 el 2024 y abri\u00f3 el 2025. Wesner cruz\u00f3 a Caputo. El PRO con nuevo liderazgo y quiebre en el HCD. Los libertarios con m\u00e1s figuras y una presentaci\u00f3n que subraya la interna local.<\/p>\n\n\n\n<p><em>Por Volver a las Fuentes, de Josefina Bargas y Alexis Grierson<\/em><\/p>\n\n\n\n<p><\/p>\n\n\n\n<h3 class=\"wp-block-heading\"><strong>El final era el comienzo<\/strong><\/h3>\n\n\n\n<p><strong>El 31 de diciembre a la tarde el Municipio public\u00f3 la tan nombrada auditor\u00eda<\/strong> de gesti\u00f3n que hizo a lo largo del a\u00f1o.<em> \u201cUn proceso de revisi\u00f3n y ordenamiento interno, irregularidades con diferentes niveles de gravedad, como as\u00ed tambi\u00e9n la falta de procedimientos e inadecuado accionar en desmedro del patrimonio, la recaudaci\u00f3n y la eficiencia del Municipio de Olavarr\u00eda\u201d<\/em>\u00a0<a href=\"https:\/\/www.olavarria.gov.ar\/auditoria-exhaustivo-diagnostico-de-gestion-marcadas-irregularidades-y-4-causas-que-debera-investigar-la-justicia\/%C2%A0\" target=\"_blank\" rel=\"noreferrer noopener\">se present\u00f3<\/a>.<br><br>Son 165 p\u00e1ginas de <strong>repaso por todas las secretar\u00edas<\/strong> en las que se hizo esta r<strong>evisi\u00f3n y ordenamiento interno<\/strong>. All\u00ed se exponen <strong>cuatro situaciones por las que en el Ejecutivo esperan definiciones de la Justicia<\/strong> entre las que se cuentan el\u00a0<a href=\"https:\/\/cdnoticias.com\/index.php\/2025\/01\/02\/fue-denunciado-un-empleado-municipal-por-uso-indebido-de-tarjetas-de-programas-sociales\/\" target=\"_blank\" rel=\"noreferrer noopener\">uso indebido de tarjetas por parte de una autoridad municipal<\/a>\u00a0(eran fondos asignados a adolescentes de un hogar convivencial) y la presentaci\u00f3n de un t\u00edtulo profesional falso, situaci\u00f3n que se detect\u00f3 en la investigaci\u00f3n sobre el personal que se desempe\u00f1aba para el Sindicato de Trabajadores Municipales.<br><br>Otras dos denuncias penales surgieron en el marco del caso que <a href=\"https:\/\/cdnoticias.com\/index.php\/2024\/04\/15\/gallos-de-rina-en-la-maxima-suspendieron-a-siete-trabajadores-municipales\/\" target=\"_blank\" rel=\"noreferrer noopener\">se conoci\u00f3 a principios de a\u00f1o<\/a> y que volvi\u00f3 a ser noticia en los <a href=\"https:\/\/cdnoticias.com\/index.php\/2024\/11\/28\/estamos-dispuestos-a-escuchar-debatir-a-que-nos-critiquen-y-nos-indiquen-que-estamos-haciendo-mal\/\" target=\"_blank\" rel=\"noreferrer noopener\">\u00faltimos d\u00edas de noviembre<\/a> cuando lo expuso la Jefa de Gabinete:\u00a0<a href=\"https:\/\/lu32.com.ar\/nota\/117447\/la-maxima-prestamos-y-trafico-de-animales-algunos-estan-muertos-maltrato-a-trabajadores-y-recuperacion-de-un-tractor\" target=\"_blank\" rel=\"noreferrer noopener\">se relacionan con La M\u00e1xima<\/a>. En este apartado se puntualiz\u00f3 todo lo relacionado al presunto tr\u00e1fico de animales, la presencia de los gallos de ri\u00f1a, el maltrato a trabajadores y hasta la \u201cposible comisi\u00f3n de abuso sexual\u201d.<br><br>El primer tema que se expuso en la auditor\u00eda fue el <strong>\u201cd\u00e9ficit econ\u00f3mico sin precedentes\u201d <\/strong>de m\u00e1s de 2 mil millones de pesos registrado al cierre de 2023. A eso se sumaron otros 736 millones por redeterminaciones de precios del a\u00f1o 2023 pagados durante 2024, \u201ccasi 13% de los ingresos totales\u201d si se suman las cifras. A\u00f1adieron al negativo el \u201cd\u00e9ficit oculto\u201d de ausencia de obras y atraso salarial de los trabajadores.<\/p>\n\n\n\n<p><br>A lo largo del informe se detalla el <strong>estado edilicio de las dependencias municipales<\/strong>, as\u00ed como las obras proyectadas y las concretadas para su mantenimiento. Se destacan los numerosos problemas de la Terminal, del Hospital \u201cH\u00e9ctor Cura\u201d as\u00ed como el estado en que fue encontrado el CEMO y la pormenorizada enumeraci\u00f3n de las condiciones de los CAPS y de todos los espacios culturales. Tambi\u00e9n se precis\u00f3 el <strong>estado del parque automotor,<\/strong> con especial hincapi\u00e9 en la maquinaria vial.<br><br>Sigui\u00f3 el <strong>apartado de personal <\/strong>con detalles sobre diversos incumplimientos tanto del personal y del registro de las actividades y condiciones del personal as\u00ed como la ineficiencia de los controles. Estos problemas fueron subsanados o ya se registran avances en ese sentido.<\/p>\n\n\n\n<figure class=\"wp-block-embed is-type-wp-embed is-provider-central-de-noticias-olavarr-a wp-block-embed-central-de-noticias-olavarr-a\"><div class=\"wp-block-embed__wrapper\">\n<blockquote class=\"wp-embedded-content\" data-secret=\"mbuE7pMvI7\"><a href=\"https:\/\/cdnoticias.com\/index.php\/2024\/12\/31\/auditoria-exhaustivo-diagnostico-de-gestion-irregularidades-y-cuatro-causas-que-debera-investigar-la-justicia\/\">Auditor\u00eda: exhaustivo diagn\u00f3stico de gesti\u00f3n, irregularidades y cuatro causas que deber\u00e1 investigar la justicia<\/a><\/blockquote><iframe loading=\"lazy\" class=\"wp-embedded-content\" sandbox=\"allow-scripts\" security=\"restricted\" style=\"position: absolute; visibility: hidden;\" title=\"&#8220;Auditor\u00eda: exhaustivo diagn\u00f3stico de gesti\u00f3n, irregularidades y cuatro causas que deber\u00e1 investigar la justicia&#8221; &#8212; Central de Noticias | Olavarr\u00eda\" src=\"https:\/\/cdnoticias.com\/index.php\/2024\/12\/31\/auditoria-exhaustivo-diagnostico-de-gestion-irregularidades-y-cuatro-causas-que-debera-investigar-la-justicia\/embed\/#?secret=SS3rGbJk6G#?secret=mbuE7pMvI7\" data-secret=\"mbuE7pMvI7\" width=\"600\" height=\"338\" frameborder=\"0\" marginwidth=\"0\" marginheight=\"0\" scrolling=\"no\"><\/iframe>\n<\/div><\/figure>\n\n\n\n<p><br>En el detalle se mencion\u00f3 el hallazgo de<strong> \u201crecategorizaciones y reconocimientos otorgados sin iniciar expediente y resueltos en tiempo r\u00e9cord. En su mayor\u00eda eran de funcionarios de la gesti\u00f3n saliente\u201d<\/strong>. En el apartado sobre el tema se expusieron dos situaciones, si se quiere, contrarias. \u201cRetrasos de m\u00e1s de 10 a\u00f1os en recategorizaciones y pases a planta\u201d y que en diciembre de 2023 \u201cse llev\u00f3 a cabo el pase a planta permanente de 6 funcionarios y se decidi\u00f3 recategorizar, antes de los plazos correspondientes, a 19 funcionarios\u201d, adem\u00e1s de \u201crecategorizar a 21 trabajadores sin respetar la antig\u00fcedad ni los procesos establecidos\u201d.<br><br>En el mismo apartado se plante\u00f3<strong> lo sucedido con el Fondo de Responsabilidad Patrimonial <\/strong>durante la gesti\u00f3n, la cual se suspendi\u00f3 desde el inicio de la actual gesti\u00f3n. Los fondos retenidos a funcionarios para afrontar solidariamente posibles sanciones del Tribunal de Cuentas -61 millones de pesos en 8 a\u00f1os- no fueron devueltos a los aportantes. <em>Se sugiere que podr\u00edan haberse derivado a un partido pol\u00edtico.<\/em><br><br>Adem\u00e1s, se expusieron numerosas <strong>irregularidades que hacen al funcionamiento del Sindicato de Trabajadores Municipales<\/strong> y las actividades de sus integrantes. Se relacionan con los permisos gremiales, licencias y todo lo sucedido en torno al personal asignado a la entidad gremial que <a href=\"https:\/\/cdnoticias.com\/index.php\/2024\/11\/07\/mas-de-42-empleados-cedidos-por-la-gestion-anterior-al-sindicato-de-municipales-deberan-regularizar-su-situacion\/\">hace unos meses el Ejecutivo hizo conocer<\/a>. Una de las novedades fue que<strong> los consumos de dos medidores de luz ubicados en el complejo recreativo del STMO eran pagados por la Municipalidad: m\u00e1s de 17 millones de pesos gastados este a\u00f1o<\/strong>. Fueron dados de baja.<br><br>El<strong> \u00e1rea de Hacienda<\/strong> expuso tambi\u00e9n numerosas situaciones llamativas que ten\u00edan como consecuencia <strong>menos recaudaci\u00f3n<\/strong>. El caso ya expuesto a mediados de a\u00f1o de los&nbsp;<a href=\"https:\/\/cdnoticias.com\/index.php\/2025\/01\/03\/empleados-municipales-hacian-trampa-para-no-pagar-tasas-y-renovar-la-licencia-de-conducir-con-deuda\/\" target=\"_blank\" rel=\"noreferrer noopener\">trabajadores de Catastro que modificaban su condici\u00f3n tributaria<\/a>&nbsp;o la de sus conocidos para evadir pagos:<strong> 4 empleados fueron cesanteados<\/strong>. As\u00ed como la de otro empleado que presuntamente cambiaba la condici\u00f3n de deudor de quienes deb\u00edan tramitar la licencia de conducir.<\/p>\n\n\n\n<figure class=\"wp-block-embed is-type-wp-embed is-provider-central-de-noticias-olavarr-a wp-block-embed-central-de-noticias-olavarr-a\"><div class=\"wp-block-embed__wrapper\">\n<blockquote class=\"wp-embedded-content\" data-secret=\"5KUMy4f4vl\"><a href=\"https:\/\/cdnoticias.com\/index.php\/2024\/07\/22\/tras-una-auditoria-interna-desplazaron-al-delegado-de-espigas\/\">Tras una \u201cauditor\u00eda interna\u201d, desplazaron al delegado de Espigas<\/a><\/blockquote><iframe loading=\"lazy\" class=\"wp-embedded-content\" sandbox=\"allow-scripts\" security=\"restricted\" style=\"position: absolute; visibility: hidden;\" title=\"&#8220;Tras una \u201cauditor\u00eda interna\u201d, desplazaron al delegado de Espigas&#8221; &#8212; Central de Noticias | Olavarr\u00eda\" src=\"https:\/\/cdnoticias.com\/index.php\/2024\/07\/22\/tras-una-auditoria-interna-desplazaron-al-delegado-de-espigas\/embed\/#?secret=dQK9yAMNwp#?secret=5KUMy4f4vl\" data-secret=\"5KUMy4f4vl\" width=\"600\" height=\"338\" frameborder=\"0\" marginwidth=\"0\" marginheight=\"0\" scrolling=\"no\"><\/iframe>\n<\/div><\/figure>\n\n\n\n<p><br><br>Entre las irregularidades m\u00e1s contundentes se relevaron<strong> incumplimientos en relaci\u00f3n al cobro de tasas municipales vinculadas al uso del espacio p\u00fablico<\/strong> por parte de empresas prestadoras de servicios por un total de 315 millones de pesos anuales. No se cobraba el uso del espacio subterr\u00e1neo y a\u00e9reo a empresas prestadoras de servicios de internet, cable, telefon\u00eda, gas. Tambi\u00e9n se encontr\u00f3 una<strong> falla en el cobro de Derecho de Construcci\u00f3n a Parques E\u00f3licos<\/strong>: \u201cla al\u00edcuota aplicada por la gesti\u00f3n anterior no era la correcta generando una p\u00e9rdida millonaria. Esta gesti\u00f3n luego de un an\u00e1lisis exhaustivo corrigi\u00f3 la base imponible y pas\u00f3 de cobrarle una al\u00edcuota del 1% al 1,5%\u201d se inform\u00f3. Signific\u00f3 un aumento del 178% en lo percibido. Detalle a tener en cuenta: <strong>en materia de Hacienda, la anterior y la actual gesti\u00f3n tiene a la misma titular, la secretaria es Eugenia Bezzoni.<\/strong><br><br>Por otro lado, se hallaron<strong> 39 infracciones a locales nocturnos cuyas multas no se hab\u00edan cobrado en 2022<\/strong>. Hoy suman 14,5 millones de pesos. Pero no podr\u00e1n reclamarse, porque las multas de ese tipo prescriben al a\u00f1o.<br><br><strong>Obras P\u00fablicas <\/strong>tambi\u00e9n present\u00f3 informaci\u00f3n en esta auditor\u00eda. El <strong>programa TUVI <\/strong>con las viviendas de construcci\u00f3n industrializada<strong> (p\u00e9rdidas por 168,4 millones de pesos, m\u00e1s contrataciones para arreglos pos-entrega, m\u00e1s quita de cuotas)<\/strong> conllev\u00f3 por parte de los adjudicatarios \u201cfuertes reclamos ante la calidad de las viviendas entregadas\u201d. Se expusieron las gestiones realizadas para acordar con los adjudicatarios quienes <em>\u201creconocieron que el gobierno municipal logr\u00f3 resolver (las deficiencias) satisfactoriamente a pesar de que no era un problema propio de este periodo de gobierno\u201d<\/em>.<br><br>Respecto de <strong>caminos rurales<\/strong> se conoci\u00f3 que el <a href=\"https:\/\/cdnoticias.com\/index.php\/2024\/04\/10\/el-municipio-avanza-con-un-plan-de-contingencia-en-caminos-rurales\/\" data-type=\"post\" data-id=\"113452\" target=\"_blank\" rel=\"noreferrer noopener\">Plan de Contingencia<\/a> iniciado en la segunda mitad de marzo tuvo que detener las obras porque las empresas adjudicatarias <strong>pasaron \u201cprecios de hora m\u00e1quina m\u00e1s elevados que los que hab\u00edan ofertado 20 d\u00edas antes en la licitaci\u00f3n de mantenimiento\u201d.<\/strong> Eran de 6 a 9% por hora m\u00e1s elevados. Los trabajos ya hab\u00edan dado inicio pero se detuvieron para renegociar los contratos ya que <strong>\u201cel director responsable no control\u00f3 adecuadamente los costos\u201d<\/strong>. \u00bfTe acord\u00e1s que en mayo se conoci\u00f3 la <a href=\"https:\/\/cdnoticias.com\/index.php\/2024\/05\/12\/raro-y-desconectado\/\" target=\"_blank\" rel=\"noreferrer noopener\">destituci\u00f3n del director del \u00e1rea y la designaci\u00f3n de un reemplazante<\/a>?<\/p>\n\n\n\n<figure class=\"wp-block-image size-full\"><img data-recalc-dims=\"1\" loading=\"lazy\" decoding=\"async\" width=\"800\" height=\"445\" src=\"https:\/\/i0.wp.com\/cdnoticias.com\/wp-content\/uploads\/2024\/03\/lluvia-calles-anegadas3.jpg?resize=800%2C445&#038;ssl=1\" alt=\"\" class=\"wp-image-111249\" srcset=\"https:\/\/i0.wp.com\/cdnoticias.com\/wp-content\/uploads\/2024\/03\/lluvia-calles-anegadas3.jpg?w=800&amp;ssl=1 800w, https:\/\/i0.wp.com\/cdnoticias.com\/wp-content\/uploads\/2024\/03\/lluvia-calles-anegadas3.jpg?resize=300%2C167&amp;ssl=1 300w, https:\/\/i0.wp.com\/cdnoticias.com\/wp-content\/uploads\/2024\/03\/lluvia-calles-anegadas3.jpg?resize=768%2C427&amp;ssl=1 768w\" sizes=\"auto, (max-width: 800px) 100vw, 800px\" \/><\/figure>\n\n\n\n<p><br><br>Se constataron <strong>graves faltas en las obras hidr\u00e1ulicas en barrio Carlos Pellegrini<\/strong>, en la <strong>pavimentaci\u00f3n de avenida Eva Per\u00f3n<\/strong> (Circunvalaci\u00f3n) y de <strong>calle Avellaneda<\/strong>. Tambi\u00e9n se detallaron gestiones para reducir el <strong>contrato con la empresa Transportes Malvinas<\/strong> que tendr\u00e1n impacto este a\u00f1o. \u201cSe observ\u00f3 que hab\u00eda una <strong>falta de control de los servicios municipales tercerizados o concesionados<\/strong>: por ejemplo la empresa de Malvinas y Coopelectric, que se encuentran entre los principales contratos de servicios de la Municipalidad. No se corroboraba el servicio prestado, se abonaba sin una previa evaluaci\u00f3n. Se generaron reuniones mensuales para organizar un esquema de trabajo conjunto, se revisaron y ajustaron las prestaciones brindadas por la empresa, se empezaron a realizar \u00f3rdenes de servicio por incumplimiento y por observaciones\u201d.<br><br>La <strong>subsecretar\u00eda de Protecci\u00f3n Ciudadana<\/strong> relev\u00f3 que hay 217 c\u00e1maras activas de 290 instaladas en la ciudad. En las localidades hay 56 c\u00e1maras instaladas, pero funcionan 17.<br><br>El <strong>\u00e1rea de Salud<\/strong> expuso notables problemas edilicios y de falta de mantenimiento o reparaci\u00f3n de aparatolog\u00eda m\u00e9dica. Entre los planes de trabajo para las mejoras se inform\u00f3 <strong>la adquisici\u00f3n de un equipo en 2022 el cual nunca fue entregado<\/strong>: una torre de videoendoscopia adquirida por 88 mil d\u00f3lares en septiembre de 2022. Hasta noviembre de 2023 no hubo registros oficiales de reclamos por parte de la gesti\u00f3n anterior. En la actualidad, desde el Municipio se intim\u00f3 a la empresa para que haga efectiva la entrega.&nbsp;Desde la firma se comprometieron a cumplir el 15 de enero, se indic\u00f3.<br><br>La <strong>Subsecretar\u00eda de Cultura<\/strong> tambi\u00e9n present\u00f3 un pormenorizado informe del estado edilicio de las distintas sedes. La novedad m\u00e1s resonante se relacion\u00f3 con el caso de una persona que&nbsp;<a href=\"https:\/\/cdnoticias.com\/index.php\/2025\/01\/02\/usaba-la-casa-del-bicentenario-como-su-casa-y-tuvieron-que-cambiar-las-cerraduras\/\" target=\"_blank\" rel=\"noreferrer noopener\">\u201cse encontraba viviendo desde el a\u00f1o 2020 en uno de los dormitorios de la Casa del Bicentenario<\/a>, es decir haciendo uso particular de un espacio p\u00fablico\u201d.&nbsp; Adem\u00e1s, se expuso el faltante de algunos elementos de distintas dependencias y la regularizaci\u00f3n del cobro de cuotas en las escuelas art\u00edsticas.&nbsp;<br><br><strong>El \u00faltimo tramo de la auditor\u00eda fue referido a tierras y tr\u00e1mites sobre inmuebles<\/strong>. Uno de los puntos expuso sobre el <strong>convenio urban\u00edstico Los Palmares<\/strong> que quiere generar 892 lotes, aunque es un sector que no fue declarado urbano. Se remarc\u00f3 que el loteo qued\u00f3 habilitado por Ezequiel Galli dos semanas antes de finalizar el mandato. \u201cAlgunos de los datos m\u00e1s llamativos de la operaci\u00f3n son la fecha de la firma, el cambio de titularidad y preventas de lotes sin su correcta subdivisi\u00f3n\u201d se indic\u00f3.&nbsp;<a href=\"https:\/\/cdnoticias.com\/index.php\/2025\/01\/03\/auditoria-municipal-los-polemicos-senalamientos-al-proyecto-de-tierras-los-palmares\/\" target=\"_blank\" rel=\"noreferrer noopener\">Ac\u00e1 m\u00e1s datos<\/a>.<br><br><br><strong>Y termina que continuar\u00e1<\/strong><br><br><br>La presentaci\u00f3n de la auditor\u00eda fue <strong>una especie de repaso del primer a\u00f1o de gesti\u00f3n a cargo de Maximiliano Wesner<\/strong> y algunos <strong>adelantos de lo que viene para 2025<\/strong> en materia de obras, inversiones y gastos.<br><br>El 2024 fue -a la luz de lo informado- una especie de puesta a punto de la administraci\u00f3n, especialmente en materia de procesos internos, mientras iniciaba el mandato.<br><br>Pero no es todo. No solo fue una revisi\u00f3n de la gesti\u00f3n anterior. El cierre del informe adelanta que <strong>\u201ces el comienzo de un mecanismo de revisi\u00f3n permanente\u201d <\/strong>que se va a sostener para el mejor funcionamiento de la Municipalidad. As\u00ed que <strong>esperamos la segunda temporada de esta serie<\/strong>. \u00bfAvanzar\u00e1n las denuncias penales? \u00bfLlegar\u00e1 el equipo de salud reclamado? \u00bfFuncionar\u00e1n m\u00e1s c\u00e1maras? Insert\u00e1 qu\u00e9 personaje de la auditor\u00eda 2024 quer\u00e9s que siga en la pr\u00f3xima edici\u00f3n.<br><br>Hubo algunas declaraciones de quienes estuvieron en la gesti\u00f3n de Galli despu\u00e9s de la presentaci\u00f3n. <strong>Guillermina Amespil<\/strong>, quien fue secretaria en los \u00faltimos meses de 2023,<strong> dijo que no hab\u00eda le\u00eddo la auditor\u00eda<\/strong> y que solo conoc\u00eda lo que los medios hab\u00edan dado a conocer. \u201cTodo lo que est\u00e1 manifestado con semejante grave irregularidad, uno no ten\u00eda conocimiento, al menos yo no tuve conocimiento, porque de haberlo tenido, obviamente hubi\u00e9ramos tenido que hacer la denuncia, penal si correspond\u00eda y administrativa, siempre\u201d afirm\u00f3. Agreg\u00f3 que <em>\u201cnormalmente uno no toma conocimiento, y mucho menos cuando est\u00e1 en funciones\u201d.<\/em><\/p>\n\n\n\n<figure class=\"wp-block-image size-full\"><img data-recalc-dims=\"1\" loading=\"lazy\" decoding=\"async\" width=\"800\" height=\"445\" src=\"https:\/\/i0.wp.com\/cdnoticias.com\/wp-content\/uploads\/2024\/11\/HCD-sesion-28-de-noviembre-2024-guillermina-amespil.jpg?resize=800%2C445&#038;ssl=1\" alt=\"\" class=\"wp-image-131446\" srcset=\"https:\/\/i0.wp.com\/cdnoticias.com\/wp-content\/uploads\/2024\/11\/HCD-sesion-28-de-noviembre-2024-guillermina-amespil.jpg?w=1000&amp;ssl=1 1000w, https:\/\/i0.wp.com\/cdnoticias.com\/wp-content\/uploads\/2024\/11\/HCD-sesion-28-de-noviembre-2024-guillermina-amespil.jpg?resize=300%2C167&amp;ssl=1 300w, https:\/\/i0.wp.com\/cdnoticias.com\/wp-content\/uploads\/2024\/11\/HCD-sesion-28-de-noviembre-2024-guillermina-amespil.jpg?resize=768%2C427&amp;ssl=1 768w, https:\/\/i0.wp.com\/cdnoticias.com\/wp-content\/uploads\/2024\/11\/HCD-sesion-28-de-noviembre-2024-guillermina-amespil.jpg?resize=800%2C445&amp;ssl=1 800w\" sizes=\"auto, (max-width: 800px) 100vw, 800px\" \/><\/figure>\n\n\n\n<p><br><br>Adem\u00e1s apunt\u00f3 a una especie de contradicci\u00f3n en la actual gesti\u00f3n. Se refiri\u00f3 a que la auditor\u00eda presentada es interna, es decir, realizada por los funcionarios e integrantes del Municipio. Mientras record\u00f3 que en 2023, durante las denuncias por irregularidades en el \u00e1rea de Desarrollo Social por el manejo del programa alimentario, el hoy oficialismo cuestionaba a la gesti\u00f3n de Ezequiel Galli por hacer una auditor\u00eda de las mismas caracter\u00edsticas, sin convocar a veedores externos.<br><br><a href=\"https:\/\/cdnoticias.com\/index.php\/2025\/01\/06\/hilario-galli-en-nuestra-gestion-ha-habido-errores-no-esos-solamente-de-la-auditoria\/\" target=\"_blank\" rel=\"noreferrer noopener\">Distinta postura mostr\u00f3<\/a><strong><a href=\"https:\/\/cdnoticias.com\/index.php\/2025\/01\/06\/hilario-galli-en-nuestra-gestion-ha-habido-errores-no-esos-solamente-de-la-auditoria\/\" target=\"_blank\" rel=\"noreferrer noopener\"> Hilario Galli<\/a>: \u201cen nuestra gesti\u00f3n ha habido errores, no esos solamente de la auditor\u00eda\u201d <\/strong>dijo. Valor\u00f3 positivamente la realizaci\u00f3n de la auditor\u00eda y adem\u00e1s inform\u00f3 que en 2015, cuando Ezequiel Galli inici\u00f3 su primer mandato, tambi\u00e9n ellos hicieron una evaluaci\u00f3n similar. No generamos un documento, pero pudimos corregir cuestiones que estaban mal y esa es la forma que tiene para iniciar la gesti\u00f3n\u201d explic\u00f3.<br><br>\u201cEn todas las gestiones siempre hay errores, es una cuesti\u00f3n l\u00f3gica por estar personas delante de las \u00e1reas. Es imposible plantear una gesti\u00f3n en la que no existan errores y en la que no existan ineficiencias\u201d argument\u00f3 el concejal y ex secretario de Gobierno durante casi 8 a\u00f1os. Puntualiz\u00f3 con lo sucedido respecto del cobro de derechos por la construcci\u00f3n de parques e\u00f3licos: &#8220;Hay gestiones que van m\u00e1s all\u00e1 de quien sea el Intendente, como la recaudaci\u00f3n. Se basa espec\u00edficamente en la Ordenanza Fiscal e Impositiva. Y quien se ocupa de llevar adelante todas las recaudaciones es Rentas y Hacienda. Y es la misma Directora y la misma Secretaria que tuvimos nosotros\u201d se\u00f1al\u00f3 en referencia a Bezzoni. Respecto de la funcionaria consider\u00f3 que \u201cencontr\u00f3 un error propio, porque fue funcionaria de las dos gestiones. Si lo consideran que fue algo adrede, que me parecer\u00eda muy grave, tendr\u00edan que tomar una sanci\u00f3n espec\u00edfica sobre los funcionarios que cumplieron ese rol. Pero no lo han considerado adrede\u201d estim\u00f3.<br><br>En esa l\u00ednea argumental respondi\u00f3 a consultas sobre seguridad, salud y los pagos de servicio el\u00e9ctrico para el STMO. Por otro lado, apunt\u00f3 a que algunas irregularidades se\u00f1aladas en el informe sucedieron en 2024 y por lo tanto ya fuera de la gesti\u00f3n del Pro. En resumen, dej\u00f3 en claro que<strong> las responsabilidades pol\u00edticas iban por fuera de la gesti\u00f3n<\/strong>. Y que en el \u00e1mbito de una gesti\u00f3n municipal normalmente suceden y se detectan errores, &#8220;se han omitido procesos involuntariamente en el af\u00e1n de hacer, se ha podido corregir, seguir y as\u00ed son las Municipalidades\u201d defini\u00f3 Hilario Galli.<br><br><br><strong>Mucho subrayado y una sorpresa<\/strong><br><br><br>La auditor\u00eda del Ejecutivo sobrevol\u00f3 todo el a\u00f1o 2024 <a href=\"https:\/\/cdnoticias.com\/index.php\/2024\/02\/25\/auditoria-de-wesner-en-la-municipalidad-observo-contratos-de-servicios-y-de-asesores-en-la-gestion-galli\/\" target=\"_blank\" rel=\"noreferrer noopener\">desde que el intendente Wesner dijo que se hab\u00eda puesto en marcha<\/a>. La falta de precisiones y las pocas \u201cmigajas\u201d que se iban conociendo generaban expectativa sobre el contenido con la promesa de presentaci\u00f3n que hab\u00eda hecho el Ejecutivo.<br><br>Lo cierto es que<strong> la elecci\u00f3n del \u00faltimo d\u00eda del a\u00f1o para publicarla es tambi\u00e9n la decisi\u00f3n de que su an\u00e1lisis<\/strong> -o al menos su lectura- <strong>se destaque en el inicio de este a\u00f1o<\/strong>.<br><br>Entendemos que eso es lo que el oficialismo eligi\u00f3:<strong> abrir el a\u00f1o electoral con su labor en primer plano y con la intenci\u00f3n de dejar resaltados errores de la gesti\u00f3n anterior<\/strong>. Imprimir esas sensaciones en el cruce de umbral que es el cambio de a\u00f1o. As\u00ed de simb\u00f3lico, as\u00ed de importante. \u00bfSer\u00e1 efectivo?<\/p>\n\n\n\n<figure class=\"wp-block-embed is-type-wp-embed is-provider-central-de-noticias-olavarr-a wp-block-embed-central-de-noticias-olavarr-a\"><div class=\"wp-block-embed__wrapper\">\n<blockquote class=\"wp-embedded-content\" data-secret=\"Ls5ZaJdohX\"><a href=\"https:\/\/cdnoticias.com\/index.php\/2025\/01\/09\/de-wesner-a-toto-caputo-termina-las-tres-obras-que-hace-mas-de-un-ano-estan-paradas-en-olavarria\/\">De Wesner a \u201cToto\u201d Caputo: \u201cTermin\u00e1 las tres obras que hace m\u00e1s de un a\u00f1o est\u00e1n paradas en Olavarr\u00eda\u201d<\/a><\/blockquote><iframe loading=\"lazy\" class=\"wp-embedded-content\" sandbox=\"allow-scripts\" security=\"restricted\" style=\"position: absolute; visibility: hidden;\" title=\"&#8220;De Wesner a \u201cToto\u201d Caputo: \u201cTermin\u00e1 las tres obras que hace m\u00e1s de un a\u00f1o est\u00e1n paradas en Olavarr\u00eda\u201d&#8221; &#8212; Central de Noticias | Olavarr\u00eda\" src=\"https:\/\/cdnoticias.com\/index.php\/2025\/01\/09\/de-wesner-a-toto-caputo-termina-las-tres-obras-que-hace-mas-de-un-ano-estan-paradas-en-olavarria\/embed\/#?secret=Nqt06YpiTc#?secret=Ls5ZaJdohX\" data-secret=\"Ls5ZaJdohX\" width=\"600\" height=\"338\" frameborder=\"0\" marginwidth=\"0\" marginheight=\"0\" scrolling=\"no\"><\/iframe>\n<\/div><\/figure>\n\n\n\n<p><br><br>En estos pocos d\u00edas, <strong>vimos al Ejecutivo entrar al 2025 con demarcaciones y subrayados<\/strong>. El propio <strong>Wesner<\/strong> fue protagonista de un evento que podemos encuadrar ah\u00ed: <strong>cruz\u00f3 al ministro Luis Caputo por la red X<\/strong>.<br><br>Luis Caputo, quien dijo estar \u201cdando la batalla\u201d contra \u201cel atropello de los intendentes que abusan de sus vecinos\u201d por una readecuaci\u00f3n de tasas que pidi\u00f3 que realicen. Se refiri\u00f3 a una nota que envi\u00f3 el Ministerio de Econom\u00eda a las Provincias. <a href=\"https:\/\/cdnoticias.com\/index.php\/2025\/01\/09\/de-wesner-a-toto-caputo-termina-las-tres-obras-que-hace-mas-de-un-ano-estan-paradas-en-olavarria\/\" target=\"_blank\" rel=\"noreferrer noopener\">Wesner cit\u00f3 la publicaci\u00f3n para responderle directamente<\/a>: <strong>le pidi\u00f3 que termine \u201clas tres obras que hace m\u00e1s de un a\u00f1o est\u00e1n paradas en Olavarr\u00eda\u201d.<\/strong><br><br>En la misma l\u00ednea de pedido por obras fueron varios intendentes opositores a la LLA en la provincia de Buenos Aires, mientras que otros m\u00e1s apuntaron a cuestionar otros aspectos de la gesti\u00f3n de Caputo.<\/p>\n\n\n\n<p><br>M\u00e1s all\u00e1 del tema,<strong> fue sorpresivo ver al intendente de Olavarr\u00eda en este cruce p\u00fablico con un funcionario nacional.<\/strong><br><br><br><strong>Durlock al por mayor<\/strong><br><br><br>El <strong>Concejo Deliberante<\/strong> tuvo <strong>un movimiento m\u00e1s que inusual a fin de a\u00f1o<\/strong>. Tan inusual, que casi que como efecto mariposa gener\u00f3 un domin\u00f3 de decisiones que llegaron hasta hoy. Pero para eso es momento de repasarlas en orden y sin dejar de lado los detalles.<br><br>\u00bfSabremos alg\u00fan d\u00eda si el oficialismo aprovech\u00f3 <a href=\"https:\/\/cdnoticias.com\/index.php\/2024\/12\/17\/por-unanimidad-se-aprobo-el-presupuesto-2025-en-el-hcd\/\" target=\"_blank\" rel=\"noreferrer noopener\">los dichos de Marcelo Petehs en el debate del Presupuesto<\/a> para hacer el recorte? Algunos dicen que no, que estaba contemplado, pero <strong>es muy dif\u00edcil no establecer una relaci\u00f3n de los dichos con la acci\u00f3n. Sobre todo porque fue consecuente al 100%<\/strong>.&nbsp;<br><br>Si bien <strong>Guillermo Santell\u00e1n<\/strong> <a href=\"https:\/\/cdnoticias.com\/index.php\/2025\/01\/01\/para-santellan-los-bloques-opositores-terminan-enredados-en-sus-propias-disquisiciones\/\" target=\"_blank\" rel=\"noreferrer noopener\">dej\u00f3 expresamente dicho<\/a> (en di\u00e1logo con Radio Olavarr\u00eda) que <strong>\u201cel Concejo Deliberante tiene muy pocos empleados\u201d<\/strong> y que es \u201cm\u00ednima la cantidad de empleados que tiene, en relaci\u00f3n a la representatividad que ejerce (con m\u00e1s de 40 personas)\u201d el HCD pasar\u00eda, seg\u00fan se inform\u00f3 esos d\u00edas, por un momento de reestructuraci\u00f3n y recortes: <strong>dejar\u00eda de contar con tres cargos de funcionarios de administraci\u00f3n <\/strong>(los tres pertenecen al espacio de Ezequiel Galli) y habr\u00eda un recorte en las asesor\u00edas \u201cexcesivas\u201d de los bloques pol\u00edticos: todas las miradas se posaban sobre el Pro, que ten\u00eda tres asesores para seis concejales. Petehs hab\u00eda se\u00f1alado a su anterior bloque, La Libertad Avanza, que ten\u00eda tambi\u00e9n seis asesores para dos concejales.<br><br><strong>Vamos al ex oficialismo: perder\u00eda cuatro lugares pol\u00edticos dentro del \u00e1mbito deliberativo<\/strong>, en consonancia con un recrudecimiento de los cruces y con la Auditor\u00eda Municipal en gateras, a punto de salir por esos d\u00edas.&nbsp;<\/p>\n\n\n\n<figure class=\"wp-block-image size-full\"><img data-recalc-dims=\"1\" loading=\"lazy\" decoding=\"async\" width=\"800\" height=\"445\" src=\"https:\/\/i0.wp.com\/cdnoticias.com\/wp-content\/uploads\/2024\/06\/HCD-bloque-PRO-01.jpg?resize=800%2C445&#038;ssl=1\" alt=\"\" class=\"wp-image-118196\" srcset=\"https:\/\/i0.wp.com\/cdnoticias.com\/wp-content\/uploads\/2024\/06\/HCD-bloque-PRO-01.jpg?w=1000&amp;ssl=1 1000w, https:\/\/i0.wp.com\/cdnoticias.com\/wp-content\/uploads\/2024\/06\/HCD-bloque-PRO-01.jpg?resize=300%2C167&amp;ssl=1 300w, https:\/\/i0.wp.com\/cdnoticias.com\/wp-content\/uploads\/2024\/06\/HCD-bloque-PRO-01.jpg?resize=768%2C427&amp;ssl=1 768w, https:\/\/i0.wp.com\/cdnoticias.com\/wp-content\/uploads\/2024\/06\/HCD-bloque-PRO-01.jpg?resize=800%2C445&amp;ssl=1 800w\" sizes=\"auto, (max-width: 800px) 100vw, 800px\" \/><\/figure>\n\n\n\n<p><br><br><a href=\"https:\/\/cdnoticias.com\/index.php\/2024\/12\/31\/hcd-quiebre-del-bloque-pro\/\" data-type=\"post\" data-id=\"133620\" target=\"_blank\" rel=\"noreferrer noopener\">La decisi\u00f3n, archiconocida ya, es de m\u00ednima desprolija<\/a>: son\u00f3, como la mayor\u00eda lo interpret\u00f3, a<strong> un salvataje de asesores mientras el gallismo se acerca a un espacio no obra con esa impronta<\/strong>. De hecho, fue lo primero que se indic\u00f3 como cr\u00edtica de la decisi\u00f3n de dividir el bloque en dos. Lo concreto es que <strong>desde febrero habr\u00e1 dos espacios independientes<\/strong> uno de otro (en teor\u00eda) <strong>PRO y Juntos por Olavarr\u00eda<\/strong>. Incluso d\u00edas despu\u00e9s el propio Hilario Galli (presidente de uno de los dos bloques) dijo que no ten\u00eda mucho sentido hacer ese salvataje siendo que los trabajadores que permanecieron como asesores tienen planta permanente en la comuna. Pero en el medio hubo varias versiones, cruzadas por momentos.&nbsp;<br><br>El nombre del t\u00e9cnicamente nuevo bloque, Juntos por Olavarr\u00eda, no es casual y tiene un correlato directo con lo que expusimos en este newsletter en sus \u00faltimas ediciones de 2024. <strong>Ezequiel Galli no ve con malos ojos incursionar en el <a href=\"https:\/\/cdnoticias.com\/index.php\/2024\/11\/29\/ezequiel-galli-hoy-mas-que-nunca-somos-un-vecinalismo-con-intenciones-de-volver-a-ser-gobierno-en-la-ciudad\/\" data-type=\"post\" data-id=\"131548\" target=\"_blank\" rel=\"noreferrer noopener\">vecinalismo<\/a><\/strong> si es que el acercamiento a La Libertad Avanza no da frutos. Pues bien, ya tiene representaci\u00f3n en el HCD.<br><br>Vale decir que<strong> antecedentes tan expl\u00edcitos de una decisi\u00f3n as\u00ed no hay <\/strong>al menos desde el regreso a la democracia. Nobleza obliga, siempre se especul\u00f3 con ciertos movimientos o divisiones de bloques para sostener cargos de asesores o secretarios, pero con una base de independencia partidaria: siempre hab\u00eda una representaci\u00f3n de ideas detr\u00e1s, concreta, que justificaba la decisi\u00f3n. En el momento y sobre el tema que hablamos no se puso como motivante. Con el correr de los d\u00edas \u2026 otro fue el cantar. Pero <strong>fue una determinaci\u00f3n que desde su construcci\u00f3n hasta hoy estuvo lleno de trampas y contradicciones<\/strong>. Un error pol\u00edtico que se subsan\u00f3, pero que evidenci\u00f3 una contradicci\u00f3n de lo que busca el gallismo con su horizonte pol\u00edtico.&nbsp;<a href=\"https:\/\/enlineanoticias.com.ar\/columnas-opinion\/la-casta-no-se-puso-colorada\/%C2%A0%C2%A0\" target=\"_blank\" rel=\"noreferrer noopener\">Ac\u00e1 les dejamos una editorial de En L\u00ednea Noticias que expuso esta situaci\u00f3n el 31 de diciembre&nbsp;<\/a><br><br><strong>Guillermina Amespil (Presidenta del bloque Juntos por Olavarr\u00eda)<\/strong> se\u00f1al\u00f3 que la decisi\u00f3n fue para <strong>\u201ccuidar la estructura\u201d <\/strong>y que sostener los asesores \u201ces un dato anecd\u00f3tico pr\u00e1cticamente. Lo importante para nosotros es cuidar a nuestro equipo, cuidar nuestra estructura. Y como les digo, <strong>el vecinalismo ven\u00eda siendo un tema muy importante para nosotros\u201d<\/strong> indic\u00f3 sobre el rol que pretender\u00e1n darle al nuevo bloque. La explicaci\u00f3n, como venimos explayando, tuvo gusto a poco.<br><br><strong>Santell\u00e1n<\/strong>, mientras explicaba los cambios tambi\u00e9n en di\u00e1logo con Radio Olavarr\u00eda, se\u00f1al\u00f3 que \u201clas contradicciones que tiene la oposici\u00f3n, sobre todo en Olavarr\u00eda, no encuentra espacio para discutir los temas pol\u00edticos en profundidad, <strong>terminan enredados en sus propias disquisiciones\u201d<\/strong>. De hecho, hizo menci\u00f3n a la contradicci\u00f3n de \u201cpor un lado est\u00e1n diciendo o pidiendo ciertas actitudes, y por otro, no terminan de conformar eso que realmente est\u00e1n evocando o enunciando\u201d.&nbsp;<\/p>\n\n\n\n<figure class=\"wp-block-embed is-type-wp-embed is-provider-central-de-noticias-olavarr-a wp-block-embed-central-de-noticias-olavarr-a\"><div class=\"wp-block-embed__wrapper\">\n<blockquote class=\"wp-embedded-content\" data-secret=\"fjxRH8kBPk\"><a href=\"https:\/\/cdnoticias.com\/index.php\/2024\/12\/29\/el-concejo-deliberante-en-reorganizacion\/\">El Concejo Deliberante, en \u201creorganizaci\u00f3n\u201d<\/a><\/blockquote><iframe loading=\"lazy\" class=\"wp-embedded-content\" sandbox=\"allow-scripts\" security=\"restricted\" style=\"position: absolute; visibility: hidden;\" title=\"&#8220;El Concejo Deliberante, en \u201creorganizaci\u00f3n\u201d&#8221; &#8212; Central de Noticias | Olavarr\u00eda\" src=\"https:\/\/cdnoticias.com\/index.php\/2024\/12\/29\/el-concejo-deliberante-en-reorganizacion\/embed\/#?secret=Rj66w4CUyT#?secret=fjxRH8kBPk\" data-secret=\"fjxRH8kBPk\" width=\"600\" height=\"338\" frameborder=\"0\" marginwidth=\"0\" marginheight=\"0\" scrolling=\"no\"><\/iframe>\n<\/div><\/figure>\n\n\n\n<p><br><br>\u201cM\u00e1s all\u00e1 de los comentarios, de las cosas que se digan, <strong>hay una definici\u00f3n pol\u00edtica, porque dividir un bloque de seis concejales es una definici\u00f3n pol\u00edtica\u201d<\/strong>.<br><br><strong>Mercedes Land\u00edvar<\/strong>, quien sostiene desde su exposici\u00f3n en el Concejo Deliberante que el gallismo ya est\u00e1 en La Libertad Avanza, fue en la misma sinton\u00eda que Santell\u00e1n: \u201cme preocupa mucho que el espacio pol\u00edtico que integra el espacio que gobierna Naci\u00f3n por un lado hable de la casta o de que hay que achicar el Estado y por el otro lado <strong>haga ciertas maniobras a los efectos de tener m\u00e1s personal. Ese tipo de maniobras me preocupa mucho\u201d<\/strong> expres\u00f3 a Claudia Bilbao.<br><br><strong>Hilario Galli<\/strong> fue uno de los \u00faltimos que habl\u00f3 del tema: admiti\u00f3 que tuvieron un a\u00f1o \u201cbastante raro\u201d y que fue dif\u00edcil pasar de ser oficialistas a opositores. <strong>\u201cEn el medio, empiezan las conversaciones ya desde hace bastante tiempo entre el PRO y la Libertad de Avanza. Distintos dirigentes del PRO tambi\u00e9n empezaron a tomar sus propios caminos<\/strong> con otro tipo de acercamiento\u201d. Esta frase tendr\u00e1 un significado distinto con lo que se conoci\u00f3 despu\u00e9s.<br><br><strong>\u201cEzequiel ya hace bastante tiempo viene revalorizando el rol del partido vecinalista.<\/strong> En el medio de todas esas discusiones, empezamos nosotros a diagramar lo que va a ser nuestro 2025 y en ese contexto es donde, tomamos la decisi\u00f3n de desdoblar el bloque para tener un poco m\u00e1s de margen de cara al a\u00f1o que viene\u201d, afirm\u00f3, dando la raz\u00f3n final del desdoblamiento. Una curiosidad: <strong>Hilario Galli ser\u00e1 presidente del bloque PRO, pero pondera el vecinalismo <\/strong>que representar\u00e1 Juntos por Olavarr\u00eda, el otro bloque.&nbsp;<br><br><br><strong>Una de cuclillo<\/strong><br><br><br>\u00bfPor qu\u00e9 repasamos todo el l\u00edo de los cambios del PRO en el HCD? Porque la secretaria de uno de los bloques, <strong>la ex concejal Maite Salerno, anunci\u00f3 esta semana la creaci\u00f3n de <a href=\"https:\/\/cdnoticias.com\/index.php\/2025\/01\/09\/encabezada-por-maite-salerno-aparece-una-nueva-linea-del-pro-en-olavarria\/\" target=\"_blank\" rel=\"noreferrer noopener\">una nueva \u201cl\u00ednea del PRO\u201d<\/a> en Olavarr\u00eda<\/strong>, en reorganizaci\u00f3n a lo ya existente y<strong> \u201ca ra\u00edz del acercamiento del ex intendente Ezequiel Galli a La Libertad Avanza\u201d<\/strong>. (NdeR: esta novedad fue la que le puso la frutilla a la motivaci\u00f3n para la edici\u00f3n de emergencia).<br><br>El cuclillo es un ave que pone huevos impostores para que otros cr\u00eden los polluelos. \u00bfNo les suena a eso? El PRO, un espacio consolidado en Olavarr\u00eda hace al menos 16 a\u00f1os y que el propio Ezequiel Galli dio el \u201csalto de calidad\u201d para llegar a la intendencia en 2015 estaba, <strong>aparentemente, ac\u00e9falo<\/strong>. En di\u00e1logo con este newsletter, se aclar\u00f3 que lo indicado por Salerno es<strong> una especie de \u201cl\u00ednea interna\u201d que no confronta con la l\u00ednea que conocemos hasta hoy en Olavarr\u00eda, pero que tampoco coincide al 100%<\/strong>.&nbsp;<\/p>\n\n\n\n<figure class=\"wp-block-image size-full\"><img data-recalc-dims=\"1\" loading=\"lazy\" decoding=\"async\" width=\"800\" height=\"480\" src=\"https:\/\/i0.wp.com\/cdnoticias.com\/wp-content\/uploads\/2025\/01\/maite-salerno2-pro.jpg?resize=800%2C480&#038;ssl=1\" alt=\"\" class=\"wp-image-134169\" srcset=\"https:\/\/i0.wp.com\/cdnoticias.com\/wp-content\/uploads\/2025\/01\/maite-salerno2-pro.jpg?w=1000&amp;ssl=1 1000w, https:\/\/i0.wp.com\/cdnoticias.com\/wp-content\/uploads\/2025\/01\/maite-salerno2-pro.jpg?resize=300%2C180&amp;ssl=1 300w, https:\/\/i0.wp.com\/cdnoticias.com\/wp-content\/uploads\/2025\/01\/maite-salerno2-pro.jpg?resize=768%2C461&amp;ssl=1 768w\" sizes=\"auto, (max-width: 800px) 100vw, 800px\" \/><\/figure>\n\n\n\n<p><br><br>Lo concreto es que <strong>Salerno se reuni\u00f3 con dirigentes de peso en el PRO en la Provincia: secretar\u00eda de Juventud del PRO en la Provincia, armadores provinciales del ritondismo y Gabriel S\u00e1nchez Zinny, actual jefe de Gabinete porte\u00f1o<\/strong>, en gesti\u00f3n de Jorge Macri.<br><br>Pero vamos al an\u00e1lisis m\u00e1s puro de lo interpretado y sus dichos: en todas las reuniones <strong>\u201cacordaron empezar a trabajar en conjunto para que Olavarr\u00eda siga manteniendo el espacio del PRO, como todos estos a\u00f1os\u201d<\/strong>. \u00bfEl PRO iba camino a desaparecer en la ciudad? Al menos as\u00ed lo desliza la ex edil en su comunicaci\u00f3n.&nbsp;<br><br>\u00bfM\u00e1s? S\u00e1nchez Zinny \u201cdemostr\u00f3 gran inter\u00e9s para que Salerno trabaje intensivamente en la reestructuraci\u00f3n del espacio en Olavarr\u00eda\u201d, seg\u00fan se inform\u00f3.<br><br>A ver. Las comparaciones son odiosas, pero<em> es inevitable relacionar este proceso del gallismo con el anterior movimiento que fue oficialismo durante 8 a\u00f1os y pas\u00f3 a ser oposici\u00f3n: el eseverrismo<\/em>. Si bien las razones de las derrotas son distintas y no tienen una relaci\u00f3n estricta, es cierto que la sensaci\u00f3n de rareza expresada por Hilario Galli es expl\u00edcita en las acciones de lo que pas\u00f3 en 2024 y en 2016\/17 con el eseverrismo.&nbsp;<br><br>A hoy, <strong>Ezequiel Galli se encuentra cerca de La Libertad Avanza<\/strong>, en una l\u00ednea m\u00e1s cercana a la de Diego Santilli que se conoci\u00f3 hace unas horas sobre una posible candidatura siempre y cuando el PRO y La Libertad Avanza se fusionen. <strong>Despu\u00e9s est\u00e1 el proyecto de vecinalismo, que tambi\u00e9n deja al PRO afuera<\/strong> pero contiene la esencia m\u00e1s local de lo que fue la dirigencia gallista, y esta situaci\u00f3n particular con el PRO, que amaga con irse a LLA, no fusionan, Macri no quiere, y todo es confusi\u00f3n. <em>\u201cLos lugares est\u00e1n para ocuparse\u201d habr\u00e1 pensado Salerno, quien dio un paso adelante<\/em>.&nbsp;<br><br>El tema es que Maite Salerno habl\u00f3. Y explic\u00f3 todo esto mucho mejor. Habl\u00f3 de su buena relaci\u00f3n con S\u00e1nchez Zinny y <a href=\"https:\/\/cdnoticias.com\/index.php\/2025\/01\/10\/maite-salerno-diferencias-hoy-no-tenemos-no-se-que-puede-pasar-en-el-transcurso-del-ano\/\" target=\"_blank\" rel=\"noreferrer noopener\">confirm\u00f3 en Radio Sapiens que Ezequiel Galli se fue del PRO<\/a>: <strong>\u201cEzequiel tom\u00f3 su camino hacia La Libertad y uno elige en qu\u00e9 camino quedarse. Yo me siento representada por el Pro\u201d<\/strong>.&nbsp;<\/p>\n\n\n\n<figure class=\"wp-block-image size-large\"><img data-recalc-dims=\"1\" loading=\"lazy\" decoding=\"async\" width=\"800\" height=\"534\" src=\"https:\/\/i0.wp.com\/cdnoticias.com\/wp-content\/uploads\/2023\/09\/Maite-Salerno.jpg?resize=800%2C534&#038;ssl=1\" alt=\"\" class=\"wp-image-97095\" srcset=\"https:\/\/i0.wp.com\/cdnoticias.com\/wp-content\/uploads\/2023\/09\/Maite-Salerno.jpg?resize=1024%2C684&amp;ssl=1 1024w, https:\/\/i0.wp.com\/cdnoticias.com\/wp-content\/uploads\/2023\/09\/Maite-Salerno.jpg?resize=300%2C200&amp;ssl=1 300w, https:\/\/i0.wp.com\/cdnoticias.com\/wp-content\/uploads\/2023\/09\/Maite-Salerno.jpg?resize=768%2C513&amp;ssl=1 768w, https:\/\/i0.wp.com\/cdnoticias.com\/wp-content\/uploads\/2023\/09\/Maite-Salerno.jpg?resize=272%2C182&amp;ssl=1 272w, https:\/\/i0.wp.com\/cdnoticias.com\/wp-content\/uploads\/2023\/09\/Maite-Salerno.jpg?w=1280&amp;ssl=1 1280w\" sizes=\"auto, (max-width: 800px) 100vw, 800px\" \/><\/figure>\n\n\n\n<p><br><br>Pero adem\u00e1s expuso una separaci\u00f3n mayor en t\u00e9rminos hist\u00f3ricos en la ciudad. En la versi\u00f3n de Salerno, quienes corren caminos separados en lo ideol\u00f3gico son Ezequiel e Hilario Galli.<strong> \u201cEstamos trabajando en conjunto con Hilario. A Ezequiel obviamente no puedo decirle m\u00e1s que gracias <\/strong>porque fue una persona que me dio muchas oportunidades y lo he hablado tambi\u00e9n. Todo el camino pol\u00edtico que he hecho, lo he hecho tambi\u00e9n gracias a \u00e9l. Pero bueno, hoy nos toca pensar distinto algunas cosas y estar en distintos lugares\u201d.<br><br>Blanque\u00f3 que, m\u00e1s all\u00e1 de tener una l\u00ednea interna con distintos referentes, no busca separaciones, sino que el Pro Olavarr\u00eda sea uno. <strong>Pero tambi\u00e9n aboga por la unidad entre el PRO y La Libertad Avanza.<\/strong> \u00bfHay tantas gamas de gris? Pareciera: \u201cYo creo que tendr\u00edamos que ir a un acuerdo y a una unidad. Porque bien o mal en muchas cosas pensamos lo mismo. Tenemos el mismo proyecto del pa\u00eds y para la ciudad. Son decisiones que no van a depender de lo que yo diga, pero igual en lo personal voy a seguir siempre atr\u00e1s de Pro\u201d dijo Salerno.<\/p>\n\n\n\n<p><br><em>Final abierto<\/em> para una situaci\u00f3n confusa, ahora dos bloques, un vecinalismo que busca cerrar con La Libertad Avanza y un PRO que \u2026 tambi\u00e9n. Pareciera que se siguen buscando, a\u00fan sin encontrarse.<br><br><br><strong>Luz verde, luz roja<\/strong><br><br><br>Con esta nueva marea del Juego del Calamar, vale hablar de La Libertad Avanza, que acepta a algunos, resiste a otros, pero otros aceptan a los que resisten y resisten a los que aceptan. Ni Les Luthiers podr\u00eda explicarlo mejor.&nbsp;<br><br>En las \u00faltimas semanas se vio un <strong>crecimiento en visibilidad de Carola Patan\u00e9<\/strong>, una dirigente que ha sido muy clara con sus ideas y sus acciones: manifest\u00f3 acuerdo con LLA, se desafili\u00f3 el PRO (partido incluso que pr\u00e1cticamente fund\u00f3 en Olavarr\u00eda junto a otros dirigentes y que adem\u00e1s fue su primera concejal) y se afili\u00f3 al movimiento libertario. Y en silencio, trabaja en gesti\u00f3n junto a Alejandro Speroni, quien ya la cuenta como \u201calguien de confianza\u201d en la Secci\u00f3n.<br><br>De hecho, Patan\u00e9 fue noticia por<strong> reunirse y acercarse a los clubes de la Secci\u00f3n <\/strong>potenciando dos programas del Gobierno Nacional vinculados a descuentos en tarifas de servicios y, tambi\u00e9n, de dinero para obras de infraestructura.<\/p>\n\n\n\n<figure class=\"wp-block-image size-full\"><img data-recalc-dims=\"1\" loading=\"lazy\" decoding=\"async\" width=\"800\" height=\"445\" src=\"https:\/\/i0.wp.com\/cdnoticias.com\/wp-content\/uploads\/2024\/08\/Andrea-Coronel-Juan-Godoy-Alejandro-Speroni.jpg?resize=800%2C445&#038;ssl=1\" alt=\"\" class=\"wp-image-123531\" srcset=\"https:\/\/i0.wp.com\/cdnoticias.com\/wp-content\/uploads\/2024\/08\/Andrea-Coronel-Juan-Godoy-Alejandro-Speroni.jpg?w=1000&amp;ssl=1 1000w, https:\/\/i0.wp.com\/cdnoticias.com\/wp-content\/uploads\/2024\/08\/Andrea-Coronel-Juan-Godoy-Alejandro-Speroni.jpg?resize=300%2C167&amp;ssl=1 300w, https:\/\/i0.wp.com\/cdnoticias.com\/wp-content\/uploads\/2024\/08\/Andrea-Coronel-Juan-Godoy-Alejandro-Speroni.jpg?resize=768%2C427&amp;ssl=1 768w, https:\/\/i0.wp.com\/cdnoticias.com\/wp-content\/uploads\/2024\/08\/Andrea-Coronel-Juan-Godoy-Alejandro-Speroni.jpg?resize=800%2C445&amp;ssl=1 800w\" sizes=\"auto, (max-width: 800px) 100vw, 800px\" \/><\/figure>\n\n\n\n<p><br><br>Pero vamos a lo pol\u00edtico. <strong>Patan\u00e9 reconoci\u00f3 el trabajo a la par con Speroni<\/strong> \u2013a quien todo el mundo lo erige como referente indiscutido en la Secci\u00f3n- pero mencion\u00f3 que hace un complemento \u201ca las salidas por la secci\u00f3n que ya comenzaron a realizar <a href=\"https:\/\/cdnoticias.com\/index.php\/2025\/01\/10\/reunion-de-referentes-libertarios-de-la-septima\/\" target=\"_blank\" rel=\"noreferrer noopener\">la referente de La P\u00farpura, la doctora Daiana Musa y Andrea Coronel\u201d<\/a>.&nbsp;<br><br><strong>A Musa hay que prestarle atenci\u00f3n: ha ganado relevancia interna<\/strong> dentro de LLA mediante la agrupaci\u00f3n de profesionales libertaria, mientras que <strong>Coronel profundiz\u00f3 su trabajo con Patricia Bullrich<\/strong> y sigue la labor seccional.<br><br>Tambi\u00e9n dej\u00f3 en claro dos cuestiones: \u201ca m\u00ed me interes\u00f3 sumar un espacio donde yo pueda aportar desde el lugar que me pidan lo que sea y lo que me gusta, que es gestionar, pero<strong> yo no tengo ning\u00fan cargo, eso que quede claro, no tengo ning\u00fan contrato, no tengo nada. Lo hago porque a m\u00ed me gusta la gesti\u00f3n<\/strong> y estoy c\u00f3moda en este espacio, me dejan trabajar, conf\u00edan en m\u00ed y delegan, como en este caso, poder llevar adelante estos programas\u201d dijo Carola. Adem\u00e1s indic\u00f3 que <strong>hasta hoy no tuvo una reuni\u00f3n con Celeste Arouxet ni Guillermo Lascano<\/strong>, los referentes de LLA en Olavarr\u00eda. S\u00ed, admiti\u00f3, tener una <strong>muy buena relaci\u00f3n con Marcelo Petehs.&nbsp;<\/strong><br><br>Pero, ya que hablamos de <strong>Celeste Arouxet<\/strong>, dio una muestra de que a pesar de las dudas y los cuestionamientos de fin de a\u00f1o sobre su<strong> liderazgo, lo tiene y lo sostiene<\/strong>. Es que <strong>trascendi\u00f3 una reuni\u00f3n que tuvo con Sebasti\u00e1n Pareja<\/strong>, <a href=\"https:\/\/cdnoticias.com\/index.php\/2025\/01\/09\/celeste-arouxet-con-sebastian-pareja-en-el-armado-electoral\/\" data-type=\"post\" data-id=\"134162\" target=\"_blank\" rel=\"noreferrer noopener\">funcionario nacional y armador bonaerense, quiz\u00e1s uno de los m\u00e1s importantes de La Libertad Avanza<\/a>.&nbsp;<\/p>\n\n\n\n<figure class=\"wp-block-image size-full\"><img data-recalc-dims=\"1\" loading=\"lazy\" decoding=\"async\" width=\"800\" height=\"445\" src=\"https:\/\/i0.wp.com\/cdnoticias.com\/wp-content\/uploads\/2025\/01\/celeste-arouxet-sebastian-pareja.jpg?resize=800%2C445&#038;ssl=1\" alt=\"\" class=\"wp-image-134163\" srcset=\"https:\/\/i0.wp.com\/cdnoticias.com\/wp-content\/uploads\/2025\/01\/celeste-arouxet-sebastian-pareja.jpg?w=900&amp;ssl=1 900w, https:\/\/i0.wp.com\/cdnoticias.com\/wp-content\/uploads\/2025\/01\/celeste-arouxet-sebastian-pareja.jpg?resize=300%2C167&amp;ssl=1 300w, https:\/\/i0.wp.com\/cdnoticias.com\/wp-content\/uploads\/2025\/01\/celeste-arouxet-sebastian-pareja.jpg?resize=768%2C428&amp;ssl=1 768w, https:\/\/i0.wp.com\/cdnoticias.com\/wp-content\/uploads\/2025\/01\/celeste-arouxet-sebastian-pareja.jpg?resize=800%2C445&amp;ssl=1 800w\" sizes=\"auto, (max-width: 800px) 100vw, 800px\" \/><\/figure>\n\n\n\n<p><br><br>Si bien mencionaron que buscan estrategias para librar \u201cla madre de las batallas\u201d en las legislativas de la Provincia,<strong> Arouxet \u201clleva adelante el armado local y meses atr\u00e1s se la vio movilizada y en continuas reuniones con diferentes dirigentes y actores pol\u00edticos del partido de Olavarr\u00eda\u201d<\/strong>. Ya sabemos con qui\u00e9n no se reuni\u00f3. Pero s\u00ed sabemos con quien s\u00ed se viene reuniendo \u2026<br><br>Ezequiel Galli, v\u00eda propios o ajenos, ya no oculta su intenci\u00f3n de terminar en las filas de La Libertad Avanza. Reuniones con Arouxet, Lascano, <a href=\"https:\/\/cdnoticias.com\/index.php\/2024\/12\/14\/ezequiel-galli-se-reunio-con-alejandro-carrancio-y-geraldine-calvella\/\">y con Alejandro Carrancio<\/a>, armador bonaerense y apoderado del Partido junto con Pareja. Es una v\u00eda que<strong> le podr\u00eda dar ingreso a Galli con una estructura <\/strong>que como repasamos hace un rato, est\u00e1 en dudas varias sobre c\u00f3mo continuar, si v\u00eda el vecinalismo (que parece lo m\u00e1s viable) o dentro del PRO.<br><br>Siguiendo bajo la premisa del vecinalismo, con<strong> Juntos por Olavarr\u00eda Galli podr\u00eda adherir y sumarse a La Libertad Avanza<\/strong>. \u00bfEso alcanzar\u00e1 para tener una lista pura y sumar colectora a LLA? No les vamos a mentir: no deja de ser una opci\u00f3n pero las reglas electorales est\u00e1n tan poco claras a\u00fan que no sabemos c\u00f3mo va a terminar el asunto.<br><br>Lo concreto es que l<strong>a relaci\u00f3n Galli-Arouxet-Carrancio<\/strong> \u2013que por momentos puede ser Galli-Carrancio nada m\u00e1s-<strong> tiene un escollo grande, que parece que ser\u00e1 un problema de cara al futuro:<\/strong> Alejandro Speroni.<\/p>\n\n\n\n<figure class=\"wp-block-image size-full\"><img data-recalc-dims=\"1\" loading=\"lazy\" decoding=\"async\" width=\"800\" height=\"445\" src=\"https:\/\/i0.wp.com\/cdnoticias.com\/wp-content\/uploads\/2024\/12\/ezequiel-galli-carrancio-calvella.jpg?resize=800%2C445&#038;ssl=1\" alt=\"\" class=\"wp-image-132560\" srcset=\"https:\/\/i0.wp.com\/cdnoticias.com\/wp-content\/uploads\/2024\/12\/ezequiel-galli-carrancio-calvella.jpg?w=1000&amp;ssl=1 1000w, https:\/\/i0.wp.com\/cdnoticias.com\/wp-content\/uploads\/2024\/12\/ezequiel-galli-carrancio-calvella.jpg?resize=300%2C167&amp;ssl=1 300w, https:\/\/i0.wp.com\/cdnoticias.com\/wp-content\/uploads\/2024\/12\/ezequiel-galli-carrancio-calvella.jpg?resize=768%2C427&amp;ssl=1 768w, https:\/\/i0.wp.com\/cdnoticias.com\/wp-content\/uploads\/2024\/12\/ezequiel-galli-carrancio-calvella.jpg?resize=800%2C445&amp;ssl=1 800w\" sizes=\"auto, (max-width: 800px) 100vw, 800px\" \/><\/figure>\n\n\n\n<p><br><br>Speroni eligi\u00f3 En L\u00ednea Noticias para explicitar, de todas las formas y met\u00e1foras posibles, que no avalar\u00eda un acuerdo para que Ezequiel Galli llegue a LLA.<strong> \u201cNo es santo de mi devoci\u00f3n, desaconsejo cualquier tipo de acuerdo con Galli. Es la \u00faltima persona que tomar\u00edamos como interlocutor v\u00e1lido\u201d<\/strong> comenz\u00f3 el armador seccional y subsecretario de Legal y T\u00e9cnica del Ministerio de Econom\u00eda nacional.&nbsp;<br><br>Dijo que Galli<strong> \u201cno hizo una buena gesti\u00f3n y por eso perdi\u00f3 el Municipio<\/strong>, qued\u00f3 desacreditado. No tiene representatividad en la Secci\u00f3n y tampoco en Olavarr\u00eda\u201d. De hecho, catalog\u00f3 de \u201ccosa vergonzosa\u201d la divisi\u00f3n de bloques del PRO en el HCD. \u201cNosotros no queremos usar la Legislatura como bolsa de trabajo\u201d.<br><br>Expres\u00f3 que en caso de que haya una alianza electoral con el vecinalismo de Galli \u201cSebasti\u00e1n Pareja me dar\u00eda instrucciones y no las hay. Somos un partido pol\u00edtico, no tenemos apuros en hacer alianzas\u201d.<br><br>Todo esto pas\u00f3 en 10 d\u00edas de lo que va del a\u00f1o. Va a ser largo.<br><br><br><strong>Un curioso pedido<\/strong><br><br><br>Pero adem\u00e1s, en el \u00e1mbito legislativo \u2013a\u00fan en vacaciones- pasaron cosas tambi\u00e9n en el \u00e1mbito libertario, que otra vez explicitaron las <strong>profundas diferencias e internas que tienen los bloques libertarios<\/strong>. Es que Verte dio cuenta de un <strong>pedido de informes emitido por La Libertad Avanza en el que piden que el concejal Marcelo Petehs<\/strong> \u201cinforme acerca de <strong>si se ausent\u00f3 fuera del pa\u00eds los d\u00edas 21\/12\/24 al 2\/1\/25<\/strong>, adjunt\u00e1ndose los registros de la Oficina de Migraciones\u201d.<br><br>De ser as\u00ed, y sin pedir licencia, seg\u00fan la interpretaci\u00f3n del bloque<strong> \u201csolicitamos que se apliquen las sanciones correspondientes<\/strong>, atento haber (SIC) quedado incompleto el cuerpo legislativo por el plazo que dur\u00f3 la ausencia del mencionado concejal, habiendo sido reemplazado durante dicho plazo por el concejal titular que le procede (SIC) en la lista\u201d.<\/p>\n\n\n\n<figure class=\"wp-block-image size-full\"><img data-recalc-dims=\"1\" loading=\"lazy\" decoding=\"async\" width=\"800\" height=\"445\" src=\"https:\/\/i0.wp.com\/cdnoticias.com\/wp-content\/uploads\/2024\/12\/HCD-marcelo-petehs-2.jpg?resize=800%2C445&#038;ssl=1\" alt=\"\" class=\"wp-image-132803\" srcset=\"https:\/\/i0.wp.com\/cdnoticias.com\/wp-content\/uploads\/2024\/12\/HCD-marcelo-petehs-2.jpg?w=1000&amp;ssl=1 1000w, https:\/\/i0.wp.com\/cdnoticias.com\/wp-content\/uploads\/2024\/12\/HCD-marcelo-petehs-2.jpg?resize=300%2C167&amp;ssl=1 300w, https:\/\/i0.wp.com\/cdnoticias.com\/wp-content\/uploads\/2024\/12\/HCD-marcelo-petehs-2.jpg?resize=768%2C427&amp;ssl=1 768w, https:\/\/i0.wp.com\/cdnoticias.com\/wp-content\/uploads\/2024\/12\/HCD-marcelo-petehs-2.jpg?resize=800%2C445&amp;ssl=1 800w\" sizes=\"auto, (max-width: 800px) 100vw, 800px\" \/><\/figure>\n\n\n\n<p><br><br>Se trataba de una denuncia fuerte, con consecuencias presuntamente graves \u2026<strong> si el hecho hubiese sucedido durante el periodo ordinario<\/strong>. Si bien por razones similares la edil Miriam Mosescu se pidi\u00f3 licencia \u2013Bel\u00e9n Vergel la reemplaz\u00f3 en dos sesiones extraordinarias- no es necesario pedir autorizaci\u00f3n para viajar al exterior por fuera de las sesiones ordinarias.<br><br><strong>\u201cLos concejales est\u00e1n obligados a asistir a todas las sesiones del Concejo y de las comisiones que formen parte\u201d <\/strong>dice la normativa. Entonces, \u00bfpor qu\u00e9 Mosescu sac\u00f3 licencia? Porque era sabido que durante ese plazo se tratar\u00eda, de m\u00ednima, una Asamblea de Mayores Contribuyentes y el Presupuesto y all\u00ed s\u00ed avisar para llevar adelante el reemplazo necesario. Pero <strong>en caso de no estar prevista ninguna sesi\u00f3n <\/strong>(tal como aconteci\u00f3 en este caso)<strong> s\u00f3lo se aplica el reglamento interno si \u201cdurante el Per\u00edodo Ordinario de Sesiones<\/strong> ning\u00fan concejal podr\u00e1 ausentarse el Partido por m\u00e1s de 8 d\u00edas sin previo aviso al Presidente\u201d.<br><br>Lo que explicit\u00f3 es que <strong>la interna est\u00e1 m\u00e1s fuerte que nunca<\/strong> y, lejos de atenuarse, se profundiza y en a\u00f1o electivo. Con la particularidad de que <strong>Petehs construye con Musa, Coronel, y ahora Carola Patan\u00e9 y tiene la validaci\u00f3n de Alejandro Speroni<\/strong>. Los bandos parecen cada vez m\u00e1s claros \u2026 resta esperar el devenir de un a\u00f1o de definiciones importantes.&nbsp;<\/p>\n\n\n\n<h2 class=\"wp-block-heading\"><strong>El newsletter<\/strong><\/h2>\n\n\n\n<p>Esta publicaci\u00f3n es la edici\u00f3n de este domingo del newsletter Volver a las Fuentes que escriben Alexis Grierson y Josefina Bargas. <a href=\"https:\/\/mailchi.mp\/8ef0d071aad0\/edicin-de-emergencia-recalculando?e=e4ffb04d40\">Aqu\u00ed la edici\u00f3n completa<\/a>. Tiene un sistema de suscripci\u00f3n econ\u00f3mica y aportes \u00fanicos al que se puede <a href=\"https:\/\/linktr.ee\/volveralasfuentes\" data-type=\"link\" data-id=\"https:\/\/linktr.ee\/volveralasfuentes\">acceder desde este link.<\/a><\/p>\n\n\n\n<p><\/p>\n","protected":false},"excerpt":{"rendered":"<p>La auditor\u00eda del Ejecutivo cerr\u00f3 el 2024 y abri\u00f3 el 2025. Wesner cruz\u00f3 a Caputo. El PRO con nuevo liderazgo<\/p>\n","protected":false},"author":4,"featured_media":134346,"comment_status":"closed","ping_status":"closed","sticky":false,"template":"","format":"standard","meta":{"_jetpack_memberships_contains_paid_content":false,"footnotes":""},"categories":[4,1],"tags":[],"class_list":["post-134344","post","type-post","status-publish","format-standard","has-post-thumbnail","hentry","category-politica","category-portada"],"jetpack_featured_media_url":"https:\/\/i0.wp.com\/cdnoticias.com\/wp-content\/uploads\/2025\/01\/wesner-modo-verano-00.jpg?fit=1200%2C668&ssl=1","jetpack_sharing_enabled":true,"_links":{"self":[{"href":"https:\/\/cdnoticias.com\/index.php\/wp-json\/wp\/v2\/posts\/134344","targetHints":{"allow":["GET"]}}],"collection":[{"href":"https:\/\/cdnoticias.com\/index.php\/wp-json\/wp\/v2\/posts"}],"about":[{"href":"https:\/\/cdnoticias.com\/index.php\/wp-json\/wp\/v2\/types\/post"}],"author":[{"embeddable":true,"href":"https:\/\/cdnoticias.com\/index.php\/wp-json\/wp\/v2\/users\/4"}],"replies":[{"embeddable":true,"href":"https:\/\/cdnoticias.com\/index.php\/wp-json\/wp\/v2\/comments?post=134344"}],"version-history":[{"count":0,"href":"https:\/\/cdnoticias.com\/index.php\/wp-json\/wp\/v2\/posts\/134344\/revisions"}],"wp:featuredmedia":[{"embeddable":true,"href":"https:\/\/cdnoticias.com\/index.php\/wp-json\/wp\/v2\/media\/134346"}],"wp:attachment":[{"href":"https:\/\/cdnoticias.com\/index.php\/wp-json\/wp\/v2\/media?parent=134344"}],"wp:term":[{"taxonomy":"category","embeddable":true,"href":"https:\/\/cdnoticias.com\/index.php\/wp-json\/wp\/v2\/categories?post=134344"},{"taxonomy":"post_tag","embeddable":true,"href":"https:\/\/cdnoticias.com\/index.php\/wp-json\/wp\/v2\/tags?post=134344"}],"curies":[{"name":"wp","href":"https:\/\/api.w.org\/{rel}","templated":true}]}}