{"id":134338,"date":"2025-01-12T19:19:17","date_gmt":"2025-01-12T22:19:17","guid":{"rendered":"https:\/\/cdnoticias.com\/?p=134338"},"modified":"2025-01-12T19:19:21","modified_gmt":"2025-01-12T22:19:21","slug":"los-versos-venden","status":"publish","type":"post","link":"https:\/\/cdnoticias.com\/index.php\/2025\/01\/12\/los-versos-venden\/","title":{"rendered":"\u00bfLos versos venden?"},"content":{"rendered":"<p>Poes\u00eda: \u00bfpara qu\u00e9? \u00bfpor qu\u00e9? \u00bfpara qui\u00e9n? Ediciones delaltillo no tiene respuestas seguras, pero tiene libros y eso es lo importante.<!--more--><\/p>\n<hr \/>\n<p><em>Por ediciones delaltillo<\/em><\/p>\n<p><strong>Con la poes\u00eda siempre hay problemas<\/strong>. Esa es la idea. Quiz\u00e1s sea bueno diferenciar las dos m\u00e1s notorias malas interpretaciones: por un lado la de los <strong>lectores de no-poes\u00eda<\/strong>, esos que dicen que <strong>no la entienden<\/strong>; y por el otro la de los <strong>analistas del mercado<\/strong>, esos que dicen que <strong>no vende<\/strong>.<\/p>\n<p>Las preguntas (y respuestas) para los lectores de no-poes\u00eda son infinitas. <strong>Luis Alberto Spinetta<\/strong>, que logr\u00f3 esa gran claridad que es hacer decir a varios \u201cno lo entiendo\u201d, como si en ese no entender se negara la poes\u00eda cuando en realidad es lo que forma su esencia. \u00bfQu\u00e9 poes\u00eda puede haber en algo que \u201cse entiende\u201d? El por entonces adolescente Spinetta dec\u00eda <em>\u201csi no canto lo que siento me voy a morir por dentro, \u00bfbarro tal vez?\u201d<\/em>. Dudando de su propio hallazgo. <strong>La poes\u00eda entonces hace dudar de nuestras dudas<\/strong>. <strong>Mar\u00eda Julia Magistratti<\/strong> en su poemario \u201cPueblo\u201d dice: <em>\u201cmi legado\/es un papel, un mapa,\/con el que atravesar los caminos\/para que nunca te alcancen\u201d<\/em>. Obtener el premio Nobel de Literatura por escribir poes\u00eda no deber\u00eda ser en vano. Dejemos entonces que <strong>Wislawa Szymborska<\/strong> lo diga tambi\u00e9n: <em>\u201cLa poes\u00eda,\/pero qu\u00e9 es la poes\u00eda.\/M\u00e1s de una insegura respuesta\/se ha dado a esta pregunta.\/Y yo no s\u00e9, y sigo sin saber, y a esto me aferro\/como a un oportuno pasamanos\u201d<\/em>.<\/p>\n<p>Podr\u00edamos seguir mostrando ensayos para los lectores. Pero hablemos ahora para los analistas del mercado: <strong>\u00bfla poes\u00eda no se vende? Claro que no<\/strong>. La poes\u00eda no es una obra vendida, porque como ya lo dijo Rilke, no sirve para nada. Y lo que no es utilitario se hace eterno. Pero hay gente para la poes\u00eda (para leerla, para comprarla, para robarla). Entonces surgir\u00eda otro an\u00e1lisis (para otra columna): \u00bfhace falta la poes\u00eda?<\/p>\n<p><img data-recalc-dims=\"1\" loading=\"lazy\" decoding=\"async\" class=\"size-full wp-image-134339 aligncenter\" src=\"https:\/\/i0.wp.com\/cdnoticias.com\/wp-content\/uploads\/2025\/01\/Poesia-del-altillo-01.jpg?resize=800%2C445&#038;ssl=1\" alt=\"\" width=\"800\" height=\"445\" srcset=\"https:\/\/i0.wp.com\/cdnoticias.com\/wp-content\/uploads\/2025\/01\/Poesia-del-altillo-01.jpg?w=800&amp;ssl=1 800w, https:\/\/i0.wp.com\/cdnoticias.com\/wp-content\/uploads\/2025\/01\/Poesia-del-altillo-01.jpg?resize=300%2C167&amp;ssl=1 300w, https:\/\/i0.wp.com\/cdnoticias.com\/wp-content\/uploads\/2025\/01\/Poesia-del-altillo-01.jpg?resize=768%2C427&amp;ssl=1 768w\" sizes=\"auto, (max-width: 800px) 100vw, 800px\" \/><\/p>\n<p><strong>Tal vez la poes\u00eda \u201cvende\u201d eso de que no vende para as\u00ed poder vender (algo).<\/strong><\/p>\n<p>Sin respuestas seguras,<strong> desde editorial delaltillo editamos poes\u00eda<\/strong> a la par de otros g\u00e9neros. La colecci\u00f3n abarca<strong> \u201cEl \u00e1spero crepitar de la luz\u201d de Edgardo Zouza<\/strong>. Un poemario que recoge la obra de un joven poeta enamorado de la naturaleza y de su tiempo, donde los versos respiran vida propia. Tambi\u00e9n est\u00e1 <strong>\u201cQuinto Elemento\u201d, libro de Alberto S\u00e1nchez Graf<\/strong> que se suma a sus anteriores obras para dar testimonio de una madurez y seguridad en lo que ya se confirma como una voz muy propia.<\/p>\n<p>Recientemente fueron editados:<strong> \u201cC\u00e1liz para laicos\u201d, de Guillermo Del Zotto<\/strong>, donde re\u00fane lo mejor de sus tres libros de poes\u00eda y con el agregado de la traducci\u00f3n en ruso de todos esos poemas. Tambi\u00e9n edit\u00f3 su propia antolog\u00eda la poeta <strong>Claudia Carrizo, quien en \u201cAlgo parecido a la cordura\u201d<\/strong> mezcla sus poemas nuevos con los que realiz\u00f3 en la juventud. Ambos autores fueron alumnos de Jos\u00e9 Sbarra.<\/p>\n","protected":false},"excerpt":{"rendered":"<p>Poes\u00eda: \u00bfpara qu\u00e9? \u00bfpor qu\u00e9? \u00bfpara qui\u00e9n? Ediciones delaltillo no tiene respuestas seguras, pero tiene libros y eso es lo<\/p>\n","protected":false},"author":4,"featured_media":134340,"comment_status":"closed","ping_status":"closed","sticky":false,"template":"","format":"standard","meta":{"_jetpack_memberships_contains_paid_content":false,"footnotes":""},"categories":[9,1],"tags":[],"class_list":["post-134338","post","type-post","status-publish","format-standard","has-post-thumbnail","hentry","category-cultura","category-portada"],"jetpack_featured_media_url":"https:\/\/i0.wp.com\/cdnoticias.com\/wp-content\/uploads\/2025\/01\/Poesia-del-altillo-00.jpg?fit=800%2C445&ssl=1","jetpack_sharing_enabled":true,"_links":{"self":[{"href":"https:\/\/cdnoticias.com\/index.php\/wp-json\/wp\/v2\/posts\/134338","targetHints":{"allow":["GET"]}}],"collection":[{"href":"https:\/\/cdnoticias.com\/index.php\/wp-json\/wp\/v2\/posts"}],"about":[{"href":"https:\/\/cdnoticias.com\/index.php\/wp-json\/wp\/v2\/types\/post"}],"author":[{"embeddable":true,"href":"https:\/\/cdnoticias.com\/index.php\/wp-json\/wp\/v2\/users\/4"}],"replies":[{"embeddable":true,"href":"https:\/\/cdnoticias.com\/index.php\/wp-json\/wp\/v2\/comments?post=134338"}],"version-history":[{"count":0,"href":"https:\/\/cdnoticias.com\/index.php\/wp-json\/wp\/v2\/posts\/134338\/revisions"}],"wp:featuredmedia":[{"embeddable":true,"href":"https:\/\/cdnoticias.com\/index.php\/wp-json\/wp\/v2\/media\/134340"}],"wp:attachment":[{"href":"https:\/\/cdnoticias.com\/index.php\/wp-json\/wp\/v2\/media?parent=134338"}],"wp:term":[{"taxonomy":"category","embeddable":true,"href":"https:\/\/cdnoticias.com\/index.php\/wp-json\/wp\/v2\/categories?post=134338"},{"taxonomy":"post_tag","embeddable":true,"href":"https:\/\/cdnoticias.com\/index.php\/wp-json\/wp\/v2\/tags?post=134338"}],"curies":[{"name":"wp","href":"https:\/\/api.w.org\/{rel}","templated":true}]}}