{"id":134320,"date":"2025-01-11T20:55:18","date_gmt":"2025-01-11T23:55:18","guid":{"rendered":"https:\/\/cdnoticias.com\/?p=134320"},"modified":"2025-01-12T10:19:38","modified_gmt":"2025-01-12T13:19:38","slug":"olavarria-en-alerta-por-el-calor","status":"publish","type":"post","link":"https:\/\/cdnoticias.com\/index.php\/2025\/01\/11\/olavarria-en-alerta-por-el-calor\/","title":{"rendered":"Olavarr\u00eda, en alerta por el calor"},"content":{"rendered":"<p>El SMN incluy\u00f3 al centro de la provincia en las advertencias por \u201ctemperaturas extremas\u201d. Este s\u00e1bado la m\u00e1xima lleg\u00f3 a 30,8\u00ba y para el domingo se pronosticaron 32\u00ba.<!--more--><\/p>\n<hr \/>\n<p>Con vistas al domingo,<strong> Olavarr\u00eda entr\u00f3 en el mapa de alerta por el calor<\/strong> que elabora el <em>Servicio Meteorol\u00f3gico Nacional (SMN)<\/em>.<\/p>\n<p>Se trata de la <strong>advertencia por \u201ctemperatura extrema\u201d<\/strong> que, dadas las <strong>altas temperaturas pronosticadas<\/strong>, abarca a gran parte del<strong> centro, norte y oeste de la provincia de Buenos Aires.<\/strong><\/p>\n<p>El alerta es de <strong>nivel amarillo<\/strong>, lo que indica que las marcas t\u00e9rmicas <strong>\u201cpueden ser peligrosas, sobre todo para los grupos de riesgo, como ni\u00f1os y ni\u00f1as, personas mayores de 65 a\u00f1os, con enfermedades cr\u00f3nicas\u201d<\/strong>.<\/p>\n<blockquote><p>El pron\u00f3stico del SMN indica para este domingo que en Olavarr\u00eda se espera una m\u00ednima de 17\u00ba y una m\u00e1xima de 32\u00ba con cielo parcialmente nublado. El viento ser\u00e1 predominante del norte durante casi toda la jornada soplando de 23 a 31 km\/h. para la tarde, las r\u00e1fagas pueden llegar a entre 42 y 50 km\/h. Por la noche, el viento variar\u00e1 hacia el noreste.<\/p><\/blockquote>\n<p>La <strong>Unidad Meteorol\u00f3gica de Olavarr\u00eda<\/strong> inform\u00f3 que durante<strong> este s\u00e1bado<\/strong> se registr\u00f3 una <strong>m\u00e1xima de 30,8\u00ba<\/strong> mientras que la m\u00ednima fue de 15,9\u00ba a las 5.20.<\/p>\n<p>El mapa de \u201ctemperatura extrema\u201d por calor publicado en la tarde del s\u00e1bado por el SMN incluye a gran parte del centro del pa\u00eds, adem\u00e1s de la provincia de Buenos Aires. Regiones de las provincias de La Pampa, Entre R\u00edos, Santa Fe, C\u00f3rdoba, San Luis, Mendoza y Santiago del Estero tambi\u00e9n est\u00e1n en alerta amarillo.<\/p>\n<blockquote class=\"wp-embedded-content\" data-secret=\"fad8WG4e5k\"><p><a href=\"https:\/\/cdnoticias.com\/index.php\/2025\/01\/11\/verano-de-calor-se-encuentra-habilitado-el-balneario-de-colonia-san-miguel\/\">Verano de calor: se encuentra habilitado el Balneario de Colonia San Miguel<\/a><\/p><\/blockquote>\n<p><iframe loading=\"lazy\" class=\"wp-embedded-content\" sandbox=\"allow-scripts\" security=\"restricted\" style=\"position: absolute; visibility: hidden;\" title=\"&#8220;Verano de calor: se encuentra habilitado el Balneario de Colonia San Miguel&#8221; &#8212; Central de Noticias | Olavarr\u00eda\" src=\"https:\/\/cdnoticias.com\/index.php\/2025\/01\/11\/verano-de-calor-se-encuentra-habilitado-el-balneario-de-colonia-san-miguel\/embed\/#?secret=mLsWTrW6ox#?secret=fad8WG4e5k\" data-secret=\"fad8WG4e5k\" width=\"600\" height=\"338\" frameborder=\"0\" marginwidth=\"0\" marginheight=\"0\" scrolling=\"no\"><\/iframe><\/p>\n","protected":false},"excerpt":{"rendered":"<p>El SMN incluy\u00f3 al centro de la provincia en las advertencias por \u201ctemperaturas extremas\u201d. Este s\u00e1bado la m\u00e1xima lleg\u00f3 a<\/p>\n","protected":false},"author":4,"featured_media":134321,"comment_status":"closed","ping_status":"closed","sticky":false,"template":"","format":"standard","meta":{"_jetpack_memberships_contains_paid_content":false,"footnotes":""},"categories":[5,1],"tags":[],"class_list":["post-134320","post","type-post","status-publish","format-standard","has-post-thumbnail","hentry","category-informacion-general","category-portada"],"jetpack_featured_media_url":"https:\/\/i0.wp.com\/cdnoticias.com\/wp-content\/uploads\/2025\/01\/alerta-temperatura-calor-00.jpg?fit=1000%2C556&ssl=1","jetpack_sharing_enabled":true,"_links":{"self":[{"href":"https:\/\/cdnoticias.com\/index.php\/wp-json\/wp\/v2\/posts\/134320","targetHints":{"allow":["GET"]}}],"collection":[{"href":"https:\/\/cdnoticias.com\/index.php\/wp-json\/wp\/v2\/posts"}],"about":[{"href":"https:\/\/cdnoticias.com\/index.php\/wp-json\/wp\/v2\/types\/post"}],"author":[{"embeddable":true,"href":"https:\/\/cdnoticias.com\/index.php\/wp-json\/wp\/v2\/users\/4"}],"replies":[{"embeddable":true,"href":"https:\/\/cdnoticias.com\/index.php\/wp-json\/wp\/v2\/comments?post=134320"}],"version-history":[{"count":0,"href":"https:\/\/cdnoticias.com\/index.php\/wp-json\/wp\/v2\/posts\/134320\/revisions"}],"wp:featuredmedia":[{"embeddable":true,"href":"https:\/\/cdnoticias.com\/index.php\/wp-json\/wp\/v2\/media\/134321"}],"wp:attachment":[{"href":"https:\/\/cdnoticias.com\/index.php\/wp-json\/wp\/v2\/media?parent=134320"}],"wp:term":[{"taxonomy":"category","embeddable":true,"href":"https:\/\/cdnoticias.com\/index.php\/wp-json\/wp\/v2\/categories?post=134320"},{"taxonomy":"post_tag","embeddable":true,"href":"https:\/\/cdnoticias.com\/index.php\/wp-json\/wp\/v2\/tags?post=134320"}],"curies":[{"name":"wp","href":"https:\/\/api.w.org\/{rel}","templated":true}]}}