{"id":134304,"date":"2025-01-11T14:30:04","date_gmt":"2025-01-11T17:30:04","guid":{"rendered":"https:\/\/cdnoticias.com\/?p=134304"},"modified":"2025-01-11T14:30:08","modified_gmt":"2025-01-11T17:30:08","slug":"el-programa-forte-ya-tiene-fecha-de-inicio-para-las-escuelas-secundarias","status":"publish","type":"post","link":"https:\/\/cdnoticias.com\/index.php\/2025\/01\/11\/el-programa-forte-ya-tiene-fecha-de-inicio-para-las-escuelas-secundarias\/","title":{"rendered":"El programa FORTE ya tiene fecha de inicio para las escuelas secundarias"},"content":{"rendered":"\n<p>En aquellos establecimientos educativos donde se desarrollen tareas con docentes con m\u00f3dulos FORTE, se crear\u00e1 un suplemento no remunerativo y no bonificable mensual para el docente.<\/p>\n\n\n\n<hr class=\"wp-block-separator aligncenter has-alpha-channel-opacity\"\/>\n\n\n\n<p>El Gobierno bonaerense dio un nuevo paso para <strong>implementar los cambios que entrar\u00e1n en vigencia a partir de 2025 en los colegios secundarios<\/strong> de la provincia de Buenos Aires, y que incluyen <strong>modificaciones en los contenidos.<\/strong><\/p>\n\n\n\n<p><\/p>\n\n\n\n<p>A trav\u00e9s de su publicaci\u00f3n en el Bolet\u00edn Oficial mediante la resoluci\u00f3n N\u00b0 5507, la Direcci\u00f3n General de Cultura y Educaci\u00f3n determin\u00f3 la<strong> asignaci\u00f3n de m\u00f3dulos presenciales <\/strong>del Programa Especial para el Fortalecimiento de las Trayectorias Educativas de las y los estudiantes bonaerenses (FORTE), <strong>a partir del 14 y hasta el 27 de febrero, y del 10 al 21 de marzo.<\/strong><\/p>\n\n\n\n<p><\/p>\n\n\n\n<blockquote class=\"wp-block-quote is-layout-flow wp-block-quote-is-layout-flow\">\n<p>Seg\u00fan la resoluci\u00f3n, las acciones de acompa\u00f1amiento, fortalecimiento de las trayectorias educativas y de intensificaci\u00f3n de la ense\u00f1anza y el estudio se podr\u00e1n desarrollar de lunes a viernes (en el turno habitual del estudiante, al finalizar el turno o a contraturno) y el s\u00e1bado en forma complementaria y sin interferir con el desarrollo presencial del ciclo lectivo 2025.<\/p>\n<\/blockquote>\n\n\n\n<p><\/p>\n\n\n\n<p>En el art\u00edculo 6, en tanto, se determin\u00f3 que en aquellos establecimientos educativos donde se desarrollen tareas con docentes con m\u00f3dulos FORTE, <strong>se crear\u00e1 un suplemento no remunerativo y no bonificable mensual para el docente que desempe\u00f1e la tarea de responsable institucional de $216.000. <\/strong>Mientras que <strong>habr\u00e1 un plus de $66.000 para el personal auxiliar de la educaci\u00f3n.<\/strong><\/p>\n\n\n\n<p><\/p>\n\n\n\n<h2 class=\"wp-block-heading has-medium-font-size\"><strong>Los 10 puntos a destacar del cambio en el nivel secundario<\/strong><\/h2>\n\n\n\n<ul class=\"wp-block-list\">\n<li>Las valoraciones cualitativas que se realizar\u00e1n a mitad del cuatrimestre estar\u00e1n vinculadas a los aprendizajes logrados y a la continuidad en el trayecto educativo, y se denominar\u00e1n: Trayectoria Educativa Avanzada (TEA); Trayectoria Educativa en Proceso (TEP); y Trayectoria Educativa Discontinua (TED). Estos criterios cualitativos de valoraci\u00f3n se sumar\u00e1n al cuantitativo de la nota num\u00e9rica para cerrar la calificaci\u00f3n de cada tramo.<\/li>\n<\/ul>\n\n\n\n<ul class=\"wp-block-list\">\n<li>Las materias se aprobar\u00e1n por cuatrimestre, en dos tramos, por lo que, en caso de no aprobar uno de los cuatrimestres, podr\u00e1n promocionarse esos saberes pendientes en los tramos de intensificaci\u00f3n previstos para diciembre y marzo.<\/li>\n<\/ul>\n\n\n\n<ul class=\"wp-block-list\">\n<li>Los cuatrimestres se aprobar\u00e1n con 7 o m\u00e1s (de 7 a 10) y no se promediar\u00e1n si uno de los dos tramos no lleg\u00f3 a aprobarse. En ese caso se rendir\u00e1n los saberes pendientes en los tramos de intensificaci\u00f3n.<\/li>\n<\/ul>\n\n\n\n<ul class=\"wp-block-list\">\n<li>De no alcanzar la aprobaci\u00f3n en ninguno de los dos cuatrimestres, ni en los periodos de intensificaci\u00f3n, la materia quedar\u00e1 como no aprobada, para continuar intensificando. En los per\u00edodos de intensificaci\u00f3n se aprobar\u00e1 con una calificaci\u00f3n de 4 a 10.<\/li>\n<\/ul>\n\n\n\n<ul class=\"wp-block-list\">\n<li>No se podr\u00e1n acumular m\u00e1s de cuatro materias pendientes o para continuar intensificando. En ese caso, la instituci\u00f3n definir\u00e1 qu\u00e9 materias pueden aprobarse en periodos de intensificaci\u00f3n y cu\u00e1les deber\u00e1n recursarse. El recursado se realizar\u00e1 durante el a\u00f1o completo.<\/li>\n<\/ul>\n\n\n\n<ul class=\"wp-block-list\">\n<li>Los estudiantes que al finalizar el a\u00f1o y los periodos de intensificaci\u00f3n de diciembre y marzo tengan todas las materias pendientes de aprobaci\u00f3n, deber\u00e1n recursarlas todas. Si bien el nuevo r\u00e9gimen termina con la repitencia, en este caso el alumno deber\u00e1 recuperar los dos cuatrimestres obligatoriamente.<\/li>\n<\/ul>\n\n\n\n<ul class=\"wp-block-list\">\n<li>La escuela secundaria dejar\u00e1 de tener boletines y pasar\u00e1 a tener Registro Institucional de Trayectoria Educativa (RITE). Los estudiantes tendr\u00e1n adem\u00e1s la Libreta Digital de Estudiante del Nivel Secundario.<\/li>\n<\/ul>\n\n\n\n<ul class=\"wp-block-list\">\n<li>En cada ciclo lectivo los estudiantes no podr\u00e1n cursar o recursar m\u00e1s de doce materias en total.<\/li>\n<\/ul>\n\n\n\n<ul class=\"wp-block-list\">\n<li>Los alumnos de 6to o 7mo a\u00f1o que tengan materias pendientes de aprobaci\u00f3n, deber\u00e1n presentarse en los tramos de intensificaci\u00f3n de diciembre y marzo, y luego las Comisiones Evaluadoras definir\u00e1n en abril la acreditaci\u00f3n del nivel secundario.<\/li>\n<\/ul>\n\n\n\n<ul class=\"wp-block-list\">\n<li>En casos de enfermedad prolongada, por lo que los estudiantes cursan en hospitales o domicilios, el r\u00e9gimen de cursada y aprobaci\u00f3n seguir\u00e1 los lineamientos vigentes.<\/li>\n<\/ul>\n\n\n\n<ol class=\"wp-block-list\">\n<li><\/li>\n<\/ol>\n\n\n\n<p><em>Fuente: DIB<\/em><\/p>\n\n\n\n<p><\/p>\n","protected":false},"excerpt":{"rendered":"<p>En aquellos establecimientos educativos donde se desarrollen tareas con docentes con m\u00f3dulos FORTE, se crear\u00e1 un suplemento no remunerativo y<\/p>\n","protected":false},"author":6,"featured_media":134306,"comment_status":"closed","ping_status":"closed","sticky":false,"template":"","format":"standard","meta":{"_jetpack_memberships_contains_paid_content":false,"footnotes":""},"categories":[6,1],"tags":[],"class_list":["post-134304","post","type-post","status-publish","format-standard","has-post-thumbnail","hentry","category-nacionales","category-portada"],"jetpack_featured_media_url":"https:\/\/i0.wp.com\/cdnoticias.com\/wp-content\/uploads\/2025\/01\/alumnos-secundarios-696x391-1.jpg?fit=696%2C391&ssl=1","jetpack_sharing_enabled":true,"_links":{"self":[{"href":"https:\/\/cdnoticias.com\/index.php\/wp-json\/wp\/v2\/posts\/134304","targetHints":{"allow":["GET"]}}],"collection":[{"href":"https:\/\/cdnoticias.com\/index.php\/wp-json\/wp\/v2\/posts"}],"about":[{"href":"https:\/\/cdnoticias.com\/index.php\/wp-json\/wp\/v2\/types\/post"}],"author":[{"embeddable":true,"href":"https:\/\/cdnoticias.com\/index.php\/wp-json\/wp\/v2\/users\/6"}],"replies":[{"embeddable":true,"href":"https:\/\/cdnoticias.com\/index.php\/wp-json\/wp\/v2\/comments?post=134304"}],"version-history":[{"count":0,"href":"https:\/\/cdnoticias.com\/index.php\/wp-json\/wp\/v2\/posts\/134304\/revisions"}],"wp:featuredmedia":[{"embeddable":true,"href":"https:\/\/cdnoticias.com\/index.php\/wp-json\/wp\/v2\/media\/134306"}],"wp:attachment":[{"href":"https:\/\/cdnoticias.com\/index.php\/wp-json\/wp\/v2\/media?parent=134304"}],"wp:term":[{"taxonomy":"category","embeddable":true,"href":"https:\/\/cdnoticias.com\/index.php\/wp-json\/wp\/v2\/categories?post=134304"},{"taxonomy":"post_tag","embeddable":true,"href":"https:\/\/cdnoticias.com\/index.php\/wp-json\/wp\/v2\/tags?post=134304"}],"curies":[{"name":"wp","href":"https:\/\/api.w.org\/{rel}","templated":true}]}}