{"id":134299,"date":"2025-01-11T18:37:14","date_gmt":"2025-01-11T21:37:14","guid":{"rendered":"https:\/\/cdnoticias.com\/?p=134299"},"modified":"2025-01-11T18:37:18","modified_gmt":"2025-01-11T21:37:18","slug":"continua-la-muestra-baquets-los-inicios-del-automovilismo-deportivo","status":"publish","type":"post","link":"https:\/\/cdnoticias.com\/index.php\/2025\/01\/11\/continua-la-muestra-baquets-los-inicios-del-automovilismo-deportivo\/","title":{"rendered":"Contin\u00faa la muestra \u201cBaquets, los inicios del automovilismo deportivo&#8221;"},"content":{"rendered":"\n<p>Se trata de una exposici\u00f3n est\u00e1tica de baquets pertenecientes a vecinos de Olavarr\u00eda, que podr\u00e1 visitarse durante el verano.<\/p>\n\n\n\n<hr class=\"wp-block-separator aligncenter has-alpha-channel-opacity\"\/>\n\n\n\n<p>Contin\u00faa en el<strong> Museo Municipal \u201cHermanos Emiliozzi\u201d <\/strong>la muestra<strong> \u201cBaquets, los inicios del automovilismo deportivo<\/strong>&#8220;, en el marco del variado programa de actividades que ofrece \u201cOlavarr\u00eda en Verano\u201d.<\/p>\n\n\n\n<p><\/p>\n\n\n\n<p>Se trata de una <strong>exposici\u00f3n est\u00e1tica de baquets pertenecientes a vecinos de Olavarr\u00eda, <\/strong>que podr\u00e1 visitarse durante el verano y que <strong>rinde homenaje a los inicios de los gringos Emiliozzi<\/strong> en el automovilismo deportivo.<\/p>\n\n\n\n<p><\/p>\n\n\n\n<p>Asimismo, cuenta con <strong>material fotogr\u00e1fico de Lucrecia Meschini y repuestos alusivos,<\/strong> para recrear una \u00e9poca de artesan\u00edas y pasi\u00f3n por los fierros\u00a0 que llega hasta nuestros d\u00edas.<\/p>\n\n\n\n<p><\/p>\n\n\n\n<figure class=\"wp-block-image aligncenter size-full\"><img data-recalc-dims=\"1\" loading=\"lazy\" decoding=\"async\" width=\"800\" height=\"448\" src=\"https:\/\/i0.wp.com\/cdnoticias.com\/wp-content\/uploads\/2025\/01\/muestra-baquets-emiliozzi1.png?resize=800%2C448&#038;ssl=1\" alt=\"\" class=\"wp-image-134301\" srcset=\"https:\/\/i0.wp.com\/cdnoticias.com\/wp-content\/uploads\/2025\/01\/muestra-baquets-emiliozzi1.png?w=883&amp;ssl=1 883w, https:\/\/i0.wp.com\/cdnoticias.com\/wp-content\/uploads\/2025\/01\/muestra-baquets-emiliozzi1.png?resize=300%2C168&amp;ssl=1 300w, https:\/\/i0.wp.com\/cdnoticias.com\/wp-content\/uploads\/2025\/01\/muestra-baquets-emiliozzi1.png?resize=768%2C431&amp;ssl=1 768w\" sizes=\"auto, (max-width: 800px) 100vw, 800px\" \/><\/figure>\n\n\n\n<p><\/p>\n\n\n\n<p class=\"has-medium-font-size\"><strong>Baquets<\/strong><\/p>\n\n\n\n<p>Una baquet, as\u00ed llamada por la singularidad de sus asientos con que estos coches eran equipados, son autos concebidos para correr, chasis con carrocer\u00edas m\u00ednimas, que marcaron el inicio del automovilismo deportivo.<\/p>\n\n\n\n<p><\/p>\n\n\n\n<p>Las primeras baquets carec\u00edan de dise\u00f1o. S\u00f3lo se alivianaba\u00a0 el auto para mejorar la relaci\u00f3n peso-potencia y que entren lo mejor posible piloto y acompa\u00f1ante. Con los a\u00f1os se fue perfeccionando el dise\u00f1o, hasta llegar a las m\u00e1s lindas, estilizadas y livianas carrocer\u00edas de aluminio.<\/p>\n\n\n\n<p><\/p>\n\n\n\n<p>El Museo Emiliozzi abre sus puertas de <strong>martes a viernes de 7 a 13 horas, viernes, s\u00e1bados y domingos de 18 a 21 horas.<\/strong> El contacto es a trav\u00e9s del mail museohnosemiliozzi@olavarria.gov.ar<\/p>\n\n\n\n<p><\/p>\n","protected":false},"excerpt":{"rendered":"<p>Se trata de una exposici\u00f3n est\u00e1tica de baquets pertenecientes a vecinos de Olavarr\u00eda, que podr\u00e1 visitarse durante el verano. Contin\u00faa<\/p>\n","protected":false},"author":6,"featured_media":134302,"comment_status":"closed","ping_status":"closed","sticky":false,"template":"","format":"standard","meta":{"_jetpack_memberships_contains_paid_content":false,"footnotes":""},"categories":[9,1],"tags":[],"class_list":["post-134299","post","type-post","status-publish","format-standard","has-post-thumbnail","hentry","category-cultura","category-portada"],"jetpack_featured_media_url":"https:\/\/i0.wp.com\/cdnoticias.com\/wp-content\/uploads\/2025\/01\/muestra-baquets-emiliozzi.png?fit=872%2C496&ssl=1","jetpack_sharing_enabled":true,"_links":{"self":[{"href":"https:\/\/cdnoticias.com\/index.php\/wp-json\/wp\/v2\/posts\/134299","targetHints":{"allow":["GET"]}}],"collection":[{"href":"https:\/\/cdnoticias.com\/index.php\/wp-json\/wp\/v2\/posts"}],"about":[{"href":"https:\/\/cdnoticias.com\/index.php\/wp-json\/wp\/v2\/types\/post"}],"author":[{"embeddable":true,"href":"https:\/\/cdnoticias.com\/index.php\/wp-json\/wp\/v2\/users\/6"}],"replies":[{"embeddable":true,"href":"https:\/\/cdnoticias.com\/index.php\/wp-json\/wp\/v2\/comments?post=134299"}],"version-history":[{"count":0,"href":"https:\/\/cdnoticias.com\/index.php\/wp-json\/wp\/v2\/posts\/134299\/revisions"}],"wp:featuredmedia":[{"embeddable":true,"href":"https:\/\/cdnoticias.com\/index.php\/wp-json\/wp\/v2\/media\/134302"}],"wp:attachment":[{"href":"https:\/\/cdnoticias.com\/index.php\/wp-json\/wp\/v2\/media?parent=134299"}],"wp:term":[{"taxonomy":"category","embeddable":true,"href":"https:\/\/cdnoticias.com\/index.php\/wp-json\/wp\/v2\/categories?post=134299"},{"taxonomy":"post_tag","embeddable":true,"href":"https:\/\/cdnoticias.com\/index.php\/wp-json\/wp\/v2\/tags?post=134299"}],"curies":[{"name":"wp","href":"https:\/\/api.w.org\/{rel}","templated":true}]}}