{"id":134292,"date":"2025-01-11T10:50:38","date_gmt":"2025-01-11T13:50:38","guid":{"rendered":"https:\/\/cdnoticias.com\/?p=134292"},"modified":"2025-01-11T10:50:42","modified_gmt":"2025-01-11T13:50:42","slug":"juana-haydee-fredes-viuda-de-pandini-q-e-p-d","status":"publish","type":"post","link":"https:\/\/cdnoticias.com\/index.php\/2025\/01\/11\/juana-haydee-fredes-viuda-de-pandini-q-e-p-d\/","title":{"rendered":"Juana Haydee Fredes viuda de Pandini (Q.E.P.D.)"},"content":{"rendered":"\n<p>Falleci\u00f3 en Olavarr\u00eda el 11 de enero de 2025 a los 75 a\u00f1os.&nbsp;<\/p>\n\n\n\n<p>Velatorio:&nbsp; Espa\u00f1a 2942, Departamento \u201cA \u201c. Responso: Sin responso. Inhumaci\u00f3n: Cementerio Loma de Paz, s\u00e1bado 11 de enero a las 14:30 horas.&nbsp;<\/p>\n\n\n\n<p>Barrio en el que viv\u00eda: Microcentro<\/p>\n\n\n\n<p>Lugar de nacimiento: Olavarr\u00eda<\/p>\n\n\n\n<p>Actividad que desarrollaba:&nbsp; Jubilada. Ama de casa.<\/p>\n","protected":false},"excerpt":{"rendered":"<p>Falleci\u00f3 en Olavarr\u00eda el 11 de enero de 2025 a los 75 a\u00f1os.&nbsp; Velatorio:&nbsp; Espa\u00f1a 2942, Departamento \u201cA \u201c. Responso:<\/p>\n","protected":false},"author":6,"featured_media":51544,"comment_status":"closed","ping_status":"closed","sticky":false,"template":"","format":"standard","meta":{"_jetpack_memberships_contains_paid_content":false,"footnotes":""},"categories":[10],"tags":[],"class_list":["post-134292","post","type-post","status-publish","format-standard","has-post-thumbnail","hentry","category-necrologicas"],"jetpack_featured_media_url":"https:\/\/i0.wp.com\/cdnoticias.com\/wp-content\/uploads\/2022\/04\/necrologicas-390-x-240.jpg?fit=390%2C240&ssl=1","jetpack_sharing_enabled":true,"_links":{"self":[{"href":"https:\/\/cdnoticias.com\/index.php\/wp-json\/wp\/v2\/posts\/134292","targetHints":{"allow":["GET"]}}],"collection":[{"href":"https:\/\/cdnoticias.com\/index.php\/wp-json\/wp\/v2\/posts"}],"about":[{"href":"https:\/\/cdnoticias.com\/index.php\/wp-json\/wp\/v2\/types\/post"}],"author":[{"embeddable":true,"href":"https:\/\/cdnoticias.com\/index.php\/wp-json\/wp\/v2\/users\/6"}],"replies":[{"embeddable":true,"href":"https:\/\/cdnoticias.com\/index.php\/wp-json\/wp\/v2\/comments?post=134292"}],"version-history":[{"count":0,"href":"https:\/\/cdnoticias.com\/index.php\/wp-json\/wp\/v2\/posts\/134292\/revisions"}],"wp:featuredmedia":[{"embeddable":true,"href":"https:\/\/cdnoticias.com\/index.php\/wp-json\/wp\/v2\/media\/51544"}],"wp:attachment":[{"href":"https:\/\/cdnoticias.com\/index.php\/wp-json\/wp\/v2\/media?parent=134292"}],"wp:term":[{"taxonomy":"category","embeddable":true,"href":"https:\/\/cdnoticias.com\/index.php\/wp-json\/wp\/v2\/categories?post=134292"},{"taxonomy":"post_tag","embeddable":true,"href":"https:\/\/cdnoticias.com\/index.php\/wp-json\/wp\/v2\/tags?post=134292"}],"curies":[{"name":"wp","href":"https:\/\/api.w.org\/{rel}","templated":true}]}}