{"id":134289,"date":"2025-01-11T10:11:31","date_gmt":"2025-01-11T13:11:31","guid":{"rendered":"https:\/\/cdnoticias.com\/?p=134289"},"modified":"2025-01-11T10:11:34","modified_gmt":"2025-01-11T13:11:34","slug":"nelida-noemi-bonjkiemizz-viuda-de-echevarria-pimpo-q-e-p-d","status":"publish","type":"post","link":"https:\/\/cdnoticias.com\/index.php\/2025\/01\/11\/nelida-noemi-bonjkiemizz-viuda-de-echevarria-pimpo-q-e-p-d\/","title":{"rendered":"N\u00e9lida Noemi Bonjkiemizz viuda de Echevarria \u201cPimpo\u201d (Q.E.P.D.)"},"content":{"rendered":"\n<p>Falleci\u00f3 en Olavarr\u00eda el 10 de enero de 2025 a los 86 a\u00f1os.<\/p>\n\n\n\n<p>Su nieta Natalia Echeverria. Su nieto pol\u00edtico Ruben Moyano. Sus bisnietos Fausto Urdangarin, Blas Echeverr\u00eda, Aito y Astor Moyano y dem\u00e1s deudos participan su fallecimiento.<\/p>\n\n\n\n<p>Sin velatorio. Sin responso. Cremaci\u00f3n:Crematorio Pinos de Paz, d\u00eda y hora a confirmar. Servicio adherido a Coopelectric.&nbsp;<\/p>\n\n\n\n<p>Barrio en el que viv\u00eda: Villa Floresta.&nbsp;<\/p>\n\n\n\n<p>Lugar de nacimiento: Olavarr\u00eda.&nbsp;<\/p>\n\n\n\n<p>Actividad que desarrollaba:Peluquera Jubilada.<\/p>\n\n\n\n<p><\/p>\n","protected":false},"excerpt":{"rendered":"<p>Falleci\u00f3 en Olavarr\u00eda el 10 de enero de 2025 a los 86 a\u00f1os. Su nieta Natalia Echeverria. Su nieto pol\u00edtico<\/p>\n","protected":false},"author":6,"featured_media":100390,"comment_status":"closed","ping_status":"closed","sticky":false,"template":"","format":"standard","meta":{"_jetpack_memberships_contains_paid_content":false,"footnotes":""},"categories":[10],"tags":[],"class_list":["post-134289","post","type-post","status-publish","format-standard","has-post-thumbnail","hentry","category-necrologicas"],"jetpack_featured_media_url":"https:\/\/i0.wp.com\/cdnoticias.com\/wp-content\/uploads\/2023\/10\/necrologicas-390-x-240.jpg?fit=390%2C240&ssl=1","jetpack_sharing_enabled":true,"_links":{"self":[{"href":"https:\/\/cdnoticias.com\/index.php\/wp-json\/wp\/v2\/posts\/134289","targetHints":{"allow":["GET"]}}],"collection":[{"href":"https:\/\/cdnoticias.com\/index.php\/wp-json\/wp\/v2\/posts"}],"about":[{"href":"https:\/\/cdnoticias.com\/index.php\/wp-json\/wp\/v2\/types\/post"}],"author":[{"embeddable":true,"href":"https:\/\/cdnoticias.com\/index.php\/wp-json\/wp\/v2\/users\/6"}],"replies":[{"embeddable":true,"href":"https:\/\/cdnoticias.com\/index.php\/wp-json\/wp\/v2\/comments?post=134289"}],"version-history":[{"count":0,"href":"https:\/\/cdnoticias.com\/index.php\/wp-json\/wp\/v2\/posts\/134289\/revisions"}],"wp:featuredmedia":[{"embeddable":true,"href":"https:\/\/cdnoticias.com\/index.php\/wp-json\/wp\/v2\/media\/100390"}],"wp:attachment":[{"href":"https:\/\/cdnoticias.com\/index.php\/wp-json\/wp\/v2\/media?parent=134289"}],"wp:term":[{"taxonomy":"category","embeddable":true,"href":"https:\/\/cdnoticias.com\/index.php\/wp-json\/wp\/v2\/categories?post=134289"},{"taxonomy":"post_tag","embeddable":true,"href":"https:\/\/cdnoticias.com\/index.php\/wp-json\/wp\/v2\/tags?post=134289"}],"curies":[{"name":"wp","href":"https:\/\/api.w.org\/{rel}","templated":true}]}}