{"id":134284,"date":"2025-01-11T10:32:37","date_gmt":"2025-01-11T13:32:37","guid":{"rendered":"https:\/\/cdnoticias.com\/?p=134284"},"modified":"2025-01-11T20:25:27","modified_gmt":"2025-01-11T23:25:27","slug":"una-mujer-fue-hallada-muerta-en-la-via-publica-y-se-investiga-lo-sucedido","status":"publish","type":"post","link":"https:\/\/cdnoticias.com\/index.php\/2025\/01\/11\/una-mujer-fue-hallada-muerta-en-la-via-publica-y-se-investiga-lo-sucedido\/","title":{"rendered":"Una mujer fue hallada muerta en la v\u00eda p\u00fablica y se investiga lo sucedido"},"content":{"rendered":"\n<p>El hecho ocurri\u00f3 este viernes en el barrio San Vicente. Trabaj\u00f3 una ambulancia del SAME, personal policial y polic\u00eda cient\u00edfica.&nbsp;<\/p>\n\n\n\n<hr class=\"wp-block-separator aligncenter has-alpha-channel-opacity\"\/>\n\n\n\n<p>Este viernes, a ra\u00edz de un llamado al 911, <strong>personal policial se hizo presente en el barrio San Vicente <\/strong>cuando fue<strong> hallada una mujer muerta en la v\u00eda p\u00fablica por razones que a\u00fan se tratan de establecer.<\/strong><\/p>\n\n\n\n<p><\/p>\n\n\n\n<p>En el lugar se hizo presente una <strong>ambulancia del SAME <\/strong>a cargo de la Dra. Aisager, quien constat\u00f3 el deceso de la mujer. Asimismo, se hizo presente <strong>polic\u00eda cient\u00edfica.&nbsp;<\/strong><\/p>\n\n\n\n<p><\/p>\n\n\n\n<blockquote class=\"wp-block-quote is-layout-flow wp-block-quote-is-layout-flow\">\n<p>La mujer que se encontr\u00f3 sin signos vitales fue identificada como Blanca Parrotta, de 80 a\u00f1os. A\u00fan se desconoce si pose\u00eda enfermedades preexistentes.\u00a0<\/p>\n<\/blockquote>\n\n\n\n<p><\/p>\n\n\n\n<p>El hecho se caratul\u00f3 como \u201c<strong>Averiguaci\u00f3n Causales De Muerte\u201d<\/strong> e interviene la Unidad Fiscal N\u00b07.&nbsp;<\/p>\n\n\n\n<p><\/p>\n","protected":false},"excerpt":{"rendered":"<p>El hecho ocurri\u00f3 este viernes en el barrio San Vicente. Trabaj\u00f3 una ambulancia del SAME, personal policial y polic\u00eda cient\u00edfica.&nbsp;<\/p>\n","protected":false},"author":6,"featured_media":134286,"comment_status":"closed","ping_status":"closed","sticky":false,"template":"","format":"standard","meta":{"_jetpack_memberships_contains_paid_content":false,"footnotes":""},"categories":[14],"tags":[],"class_list":["post-134284","post","type-post","status-publish","format-standard","has-post-thumbnail","hentry","category-policiales"],"jetpack_featured_media_url":"https:\/\/i0.wp.com\/cdnoticias.com\/wp-content\/uploads\/2025\/01\/mujer-hallada-fallecida-via-publica-san-vicente.png?fit=737%2C412&ssl=1","jetpack_sharing_enabled":true,"_links":{"self":[{"href":"https:\/\/cdnoticias.com\/index.php\/wp-json\/wp\/v2\/posts\/134284","targetHints":{"allow":["GET"]}}],"collection":[{"href":"https:\/\/cdnoticias.com\/index.php\/wp-json\/wp\/v2\/posts"}],"about":[{"href":"https:\/\/cdnoticias.com\/index.php\/wp-json\/wp\/v2\/types\/post"}],"author":[{"embeddable":true,"href":"https:\/\/cdnoticias.com\/index.php\/wp-json\/wp\/v2\/users\/6"}],"replies":[{"embeddable":true,"href":"https:\/\/cdnoticias.com\/index.php\/wp-json\/wp\/v2\/comments?post=134284"}],"version-history":[{"count":0,"href":"https:\/\/cdnoticias.com\/index.php\/wp-json\/wp\/v2\/posts\/134284\/revisions"}],"wp:featuredmedia":[{"embeddable":true,"href":"https:\/\/cdnoticias.com\/index.php\/wp-json\/wp\/v2\/media\/134286"}],"wp:attachment":[{"href":"https:\/\/cdnoticias.com\/index.php\/wp-json\/wp\/v2\/media?parent=134284"}],"wp:term":[{"taxonomy":"category","embeddable":true,"href":"https:\/\/cdnoticias.com\/index.php\/wp-json\/wp\/v2\/categories?post=134284"},{"taxonomy":"post_tag","embeddable":true,"href":"https:\/\/cdnoticias.com\/index.php\/wp-json\/wp\/v2\/tags?post=134284"}],"curies":[{"name":"wp","href":"https:\/\/api.w.org\/{rel}","templated":true}]}}