{"id":134226,"date":"2025-01-13T16:07:27","date_gmt":"2025-01-13T19:07:27","guid":{"rendered":"https:\/\/cdnoticias.com\/?p=134226"},"modified":"2025-01-13T16:07:32","modified_gmt":"2025-01-13T19:07:32","slug":"el-proximo-jueves-se-realizara-la-primera-correcaminata-nocturna-en-loma-negra","status":"publish","type":"post","link":"https:\/\/cdnoticias.com\/index.php\/2025\/01\/13\/el-proximo-jueves-se-realizara-la-primera-correcaminata-nocturna-en-loma-negra\/","title":{"rendered":"El pr\u00f3ximo jueves se realizar\u00e1 la primera Correcaminata Nocturna en Loma Negra"},"content":{"rendered":"\n<p>La prueba pedestre tendr\u00e1 una extensi\u00f3n de 4 kil\u00f3metros con el club Loma Negra como punto de salida y llegada. A las 19 habr\u00e1 una clase de gimnasia, a las 20 carreras para infancias y a las 21 ser\u00e1 la largada.<\/p>\n\n\n\n<hr class=\"wp-block-separator has-alpha-channel-opacity\"\/>\n\n\n\n<p>El pr\u00f3ximo jueves se llevar\u00e1 a cabo la<strong> segunda Correcaminata Nocturna de la temporada 2024\/2025.<\/strong> En este caso, la particularidad es que <strong>ser\u00e1 la primera a realizarse en Loma Negra, <\/strong>por lo que se invita a los habitantes de esa localidad y a todo el Partido a ser parte de la actividad.<\/p>\n\n\n\n<p><\/p>\n\n\n\n<p>La propuesta se enmarca en el <strong>Programa Municipal \u201cOlavarr\u00eda en Verano\u201d<\/strong> y es organizada desde la Subsecretar\u00eda de Deportes.<\/p>\n\n\n\n<p><\/p>\n\n\n\n<blockquote class=\"wp-block-quote is-layout-flow wp-block-quote-is-layout-flow\">\n<p>La prueba pedestre tendr\u00e1 una extensi\u00f3n aproximada de 4 kil\u00f3metros, con el club Loma Negra como punto de largada y llegada. Es m\u00e1s, la instituci\u00f3n \u201cceleste\u201d ser\u00e1 tambi\u00e9n anfitriona y sede de propuestas pensadas para todas las edades, para poder disfrutar la jornada en familia o con amigos.<\/p>\n<\/blockquote>\n\n\n\n<p><\/p>\n\n\n\n<p>En ese sentido, <strong>a las 19 horas se brindar\u00e1 una clase abierta de gimnasia,<\/strong> encabezada por profesoras del staff de la Direcci\u00f3n de Deporte Social. Luego, <strong>desde las 20 horas aproximadamente, comenzar\u00e1n las pruebas y carreras para las infancias.<\/strong><\/p>\n\n\n\n<p><\/p>\n\n\n\n<p><strong>A las 21 ser\u00e1 el momento de la largada de la Correcaminata.<\/strong> Al respecto se aclara que, si bien es libre y gratuita, personas interesadas en participar deber\u00e1n anotarse previamente a trav\u00e9s del formulario online al que se accede haciendo<a href=\"https:\/\/docs.google.com\/forms\/d\/e\/1FAIpQLSdvjNA8B-h3wLblYnQeWGCOIfQpgTm_NLx3q11sxONe3lXnDA\/viewform?pli=1\" data-type=\"link\" data-id=\"https:\/\/docs.google.com\/forms\/d\/e\/1FAIpQLSdvjNA8B-h3wLblYnQeWGCOIfQpgTm_NLx3q11sxONe3lXnDA\/viewform?pli=1\"> click aqu\u00ed.<\/a><\/p>\n\n\n\n<p><\/p>\n\n\n\n<p>Durante toda la jornada, adem\u00e1s, <strong>se contar\u00e1 con servicio de cantina<\/strong> ofrecido desde el Club Loma Negra.<\/p>\n\n\n\n<p><\/p>\n\n\n\n<p>Por \u00faltimo, el Municipio renueva la invitaci\u00f3n a participar a toda la comunidad y recuerda que se contempla la realizaci\u00f3n de otras dos pruebas en las pr\u00f3ximas semanas, una en Sierras Bayas y la restante en Olavarr\u00eda, en torno al Parque Mitre y Centro Cultural. El Programa Municipal Olavarr\u00eda en Verano contempla todo tipo de propuestas, no s\u00f3lo deportivas, sino tambi\u00e9n art\u00edsticas, recreativas y culturales que se prolongar\u00e1n durante todo el receso estival y pueden ser consultadas a trav\u00e9s de las redes sociales del Municipio o en www.olavarria.gov.ar.<\/p>\n","protected":false},"excerpt":{"rendered":"<p>La prueba pedestre tendr\u00e1 una extensi\u00f3n de 4 kil\u00f3metros con el club Loma Negra como punto de salida y llegada.<\/p>\n","protected":false},"author":5,"featured_media":134227,"comment_status":"closed","ping_status":"closed","sticky":false,"template":"","format":"standard","meta":{"_jetpack_memberships_contains_paid_content":false,"footnotes":""},"categories":[5,1],"tags":[],"class_list":["post-134226","post","type-post","status-publish","format-standard","has-post-thumbnail","hentry","category-informacion-general","category-portada"],"jetpack_featured_media_url":"https:\/\/i0.wp.com\/cdnoticias.com\/wp-content\/uploads\/2025\/01\/Correcaminata-Loma-Negra-portada.jpg?fit=800%2C445&ssl=1","jetpack_sharing_enabled":true,"_links":{"self":[{"href":"https:\/\/cdnoticias.com\/index.php\/wp-json\/wp\/v2\/posts\/134226","targetHints":{"allow":["GET"]}}],"collection":[{"href":"https:\/\/cdnoticias.com\/index.php\/wp-json\/wp\/v2\/posts"}],"about":[{"href":"https:\/\/cdnoticias.com\/index.php\/wp-json\/wp\/v2\/types\/post"}],"author":[{"embeddable":true,"href":"https:\/\/cdnoticias.com\/index.php\/wp-json\/wp\/v2\/users\/5"}],"replies":[{"embeddable":true,"href":"https:\/\/cdnoticias.com\/index.php\/wp-json\/wp\/v2\/comments?post=134226"}],"version-history":[{"count":0,"href":"https:\/\/cdnoticias.com\/index.php\/wp-json\/wp\/v2\/posts\/134226\/revisions"}],"wp:featuredmedia":[{"embeddable":true,"href":"https:\/\/cdnoticias.com\/index.php\/wp-json\/wp\/v2\/media\/134227"}],"wp:attachment":[{"href":"https:\/\/cdnoticias.com\/index.php\/wp-json\/wp\/v2\/media?parent=134226"}],"wp:term":[{"taxonomy":"category","embeddable":true,"href":"https:\/\/cdnoticias.com\/index.php\/wp-json\/wp\/v2\/categories?post=134226"},{"taxonomy":"post_tag","embeddable":true,"href":"https:\/\/cdnoticias.com\/index.php\/wp-json\/wp\/v2\/tags?post=134226"}],"curies":[{"name":"wp","href":"https:\/\/api.w.org\/{rel}","templated":true}]}}