{"id":13422,"date":"2021-02-10T11:54:33","date_gmt":"2021-02-10T14:54:33","guid":{"rendered":"http:\/\/www.centraldenoticias.com.ar\/?p=13422"},"modified":"2021-02-10T11:55:06","modified_gmt":"2021-02-10T14:55:06","slug":"se-suspendio-el-conversatorio-de-masculinidades","status":"publish","type":"post","link":"https:\/\/cdnoticias.com\/index.php\/2021\/02\/10\/se-suspendio-el-conversatorio-de-masculinidades\/","title":{"rendered":"Se suspendi\u00f3 el conversatorio de masculinidades"},"content":{"rendered":"<p>Iba a realizarse este mi\u00e9rcoles y se defini\u00f3 la suspensi\u00f3n \u201cdebido al femicidio de Ursula Bahillo\u201d. Desde la Municipalidad se inform\u00f3 que oportunamente se fijar\u00e1 una nueva fecha.<!--more--><\/p>\n<hr \/>\n<p><strong>Se suspendi\u00f3 el Conversatorio sobre Masculinidades que iba a concretarse este mi\u00e9rcoles<\/strong> <a href=\"https:\/\/cdnoticias.com\/index.php\/2021\/02\/10\/conversatorio-sobre-masculinidades-los-mitos-del-amor-romantico\/\" target=\"_blank\" rel=\"noopener\">en la subsecretar\u00eda de Derechos, Igualdad y Oportunidades<\/a> ubicada en Alsina 4180.<\/p>\n<blockquote><p>\u201cDebido al femicidio de Ursula Bahillo, queda suspendido el Conversatorio sobre Masculinidades que iba a realizarse este mi\u00e9rcoles. Se informar\u00e1 oportunamente la nueva fecha\u201d se inform\u00f3 desde la Municipalidad.<\/p><\/blockquote>\n<p>Los interesados en formar parte de estas actividades pueden acercarse a la sede o bien contactarse a generomasculinidades@olavarria.gov.ar, para informaci\u00f3n y consultas.<\/p>\n","protected":false},"excerpt":{"rendered":"<p>Iba a realizarse este mi\u00e9rcoles y se defini\u00f3 la suspensi\u00f3n \u201cdebido al femicidio de Ursula Bahillo\u201d. Desde la Municipalidad se<\/p>\n","protected":false},"author":4,"featured_media":1601,"comment_status":"closed","ping_status":"closed","sticky":false,"template":"","format":"standard","meta":{"_jetpack_memberships_contains_paid_content":false,"footnotes":""},"categories":[3,1],"tags":[],"class_list":["post-13422","post","type-post","status-publish","format-standard","has-post-thumbnail","hentry","category-genero","category-portada"],"jetpack_featured_media_url":"https:\/\/i0.wp.com\/cdnoticias.com\/wp-content\/uploads\/2020\/09\/POL%C3%8DTICAS-DE-G%C3%89NERO-1024x932-e1600195349790.jpg?fit=1024%2C611&ssl=1","jetpack_sharing_enabled":true,"_links":{"self":[{"href":"https:\/\/cdnoticias.com\/index.php\/wp-json\/wp\/v2\/posts\/13422","targetHints":{"allow":["GET"]}}],"collection":[{"href":"https:\/\/cdnoticias.com\/index.php\/wp-json\/wp\/v2\/posts"}],"about":[{"href":"https:\/\/cdnoticias.com\/index.php\/wp-json\/wp\/v2\/types\/post"}],"author":[{"embeddable":true,"href":"https:\/\/cdnoticias.com\/index.php\/wp-json\/wp\/v2\/users\/4"}],"replies":[{"embeddable":true,"href":"https:\/\/cdnoticias.com\/index.php\/wp-json\/wp\/v2\/comments?post=13422"}],"version-history":[{"count":0,"href":"https:\/\/cdnoticias.com\/index.php\/wp-json\/wp\/v2\/posts\/13422\/revisions"}],"wp:featuredmedia":[{"embeddable":true,"href":"https:\/\/cdnoticias.com\/index.php\/wp-json\/wp\/v2\/media\/1601"}],"wp:attachment":[{"href":"https:\/\/cdnoticias.com\/index.php\/wp-json\/wp\/v2\/media?parent=13422"}],"wp:term":[{"taxonomy":"category","embeddable":true,"href":"https:\/\/cdnoticias.com\/index.php\/wp-json\/wp\/v2\/categories?post=13422"},{"taxonomy":"post_tag","embeddable":true,"href":"https:\/\/cdnoticias.com\/index.php\/wp-json\/wp\/v2\/tags?post=13422"}],"curies":[{"name":"wp","href":"https:\/\/api.w.org\/{rel}","templated":true}]}}