{"id":134207,"date":"2025-01-11T09:30:33","date_gmt":"2025-01-11T12:30:33","guid":{"rendered":"https:\/\/cdnoticias.com\/?p=134207"},"modified":"2025-01-11T13:30:37","modified_gmt":"2025-01-11T16:30:37","slug":"el-domingo-habra-un-corte-de-luz-en-varios-sectores-de-olavarria","status":"publish","type":"post","link":"https:\/\/cdnoticias.com\/index.php\/2025\/01\/11\/el-domingo-habra-un-corte-de-luz-en-varios-sectores-de-olavarria\/","title":{"rendered":"El domingo habr\u00e1 un corte de luz en varios sectores de Olavarr\u00eda"},"content":{"rendered":"\n<p>Se registrar\u00e1 durante la ma\u00f1ana, de 6:30 a 10:30.<\/p>\n\n\n\n<hr class=\"wp-block-separator has-alpha-channel-opacity\"\/>\n\n\n\n<p>Este <strong>domingo 12 de enero<\/strong> se producir\u00e1 un corte de luz en distintos puntos de Olavarr\u00eda.<\/p>\n\n\n\n<p><\/p>\n\n\n\n<p>Seg\u00fan inform\u00f3 Coopelectric la interrupci\u00f3n del servicio <strong>se registrar\u00e1 de 6:30 a 10:30<\/strong> en los siguientes sectores:<\/p>\n\n\n\n<p><\/p>\n\n\n\n<p><strong>Sector 1: <\/strong>Moreno, Rufino Fal, V\u00edas del Ferrocarril y Rep\u00fablica del L\u00edbano.<\/p>\n\n\n\n<p><\/p>\n\n\n\n<p><strong>Sector 2:<\/strong> Alsina, Ruta Nacional 226, V\u00edas del Ferrocarril y Rufino Fal.<\/p>\n\n\n\n<p><\/p>\n\n\n\n<p><strong>Sector 3:<\/strong> V\u00edas del Ferrocarril, Merlo, Laprida y Rep\u00fablica del L\u00edbano.<\/p>\n\n\n\n<p><\/p>\n\n\n\n<p>Se indic\u00f3 que las tareas pueden suspenderse y reprogramarse si las condiciones clim\u00e1ticas son adversas.<\/p>\n","protected":false},"excerpt":{"rendered":"<p>Se registrar\u00e1 durante la ma\u00f1ana, de 6:30 a 10:30. Este domingo 12 de enero se producir\u00e1 un corte de luz<\/p>\n","protected":false},"author":5,"featured_media":100388,"comment_status":"closed","ping_status":"closed","sticky":false,"template":"","format":"standard","meta":{"_jetpack_memberships_contains_paid_content":false,"footnotes":""},"categories":[5,1],"tags":[],"class_list":["post-134207","post","type-post","status-publish","format-standard","has-post-thumbnail","hentry","category-informacion-general","category-portada"],"jetpack_featured_media_url":"https:\/\/i0.wp.com\/cdnoticias.com\/wp-content\/uploads\/2023\/10\/coopelectric-camion1.webp?fit=800%2C445&ssl=1","jetpack_sharing_enabled":true,"_links":{"self":[{"href":"https:\/\/cdnoticias.com\/index.php\/wp-json\/wp\/v2\/posts\/134207","targetHints":{"allow":["GET"]}}],"collection":[{"href":"https:\/\/cdnoticias.com\/index.php\/wp-json\/wp\/v2\/posts"}],"about":[{"href":"https:\/\/cdnoticias.com\/index.php\/wp-json\/wp\/v2\/types\/post"}],"author":[{"embeddable":true,"href":"https:\/\/cdnoticias.com\/index.php\/wp-json\/wp\/v2\/users\/5"}],"replies":[{"embeddable":true,"href":"https:\/\/cdnoticias.com\/index.php\/wp-json\/wp\/v2\/comments?post=134207"}],"version-history":[{"count":0,"href":"https:\/\/cdnoticias.com\/index.php\/wp-json\/wp\/v2\/posts\/134207\/revisions"}],"wp:featuredmedia":[{"embeddable":true,"href":"https:\/\/cdnoticias.com\/index.php\/wp-json\/wp\/v2\/media\/100388"}],"wp:attachment":[{"href":"https:\/\/cdnoticias.com\/index.php\/wp-json\/wp\/v2\/media?parent=134207"}],"wp:term":[{"taxonomy":"category","embeddable":true,"href":"https:\/\/cdnoticias.com\/index.php\/wp-json\/wp\/v2\/categories?post=134207"},{"taxonomy":"post_tag","embeddable":true,"href":"https:\/\/cdnoticias.com\/index.php\/wp-json\/wp\/v2\/tags?post=134207"}],"curies":[{"name":"wp","href":"https:\/\/api.w.org\/{rel}","templated":true}]}}