{"id":134186,"date":"2025-01-09T17:30:24","date_gmt":"2025-01-09T20:30:24","guid":{"rendered":"https:\/\/cdnoticias.com\/?p=134186"},"modified":"2025-01-09T17:31:30","modified_gmt":"2025-01-09T20:31:30","slug":"a-refrescarse-conoce-las-piletas-habilitadas-en-verano-para-olavarria","status":"publish","type":"post","link":"https:\/\/cdnoticias.com\/index.php\/2025\/01\/09\/a-refrescarse-conoce-las-piletas-habilitadas-en-verano-para-olavarria\/","title":{"rendered":"\u00a1A refrescarse!: conoc\u00e9 las piletas habilitadas para el verano en Olavarr\u00eda\u00a0"},"content":{"rendered":"\n<p>Se trata de tres espacios que ya se encuentran en condiciones para ser disfrutados por toda la comunidad.&nbsp;<\/p>\n\n\n\n<hr class=\"wp-block-separator aligncenter has-alpha-channel-opacity\"\/>\n\n\n\n<p>Desde el Municipio se inform\u00f3 que <strong>se suman tres nuevos espacios para disfrutar este verano<\/strong> los cuales ya se encuentran en condiciones y habilitados para ser disfrutados por todas las personas.<\/p>\n\n\n\n<p><\/p>\n\n\n\n<p>Se trata, por un lado, del <strong>pilet\u00f3n del Bioparque La M\u00e1xima, <\/strong>donde desde hace algunos d\u00edas se encuentra en marcha el Programa Provincial Escuelas Abiertas de Verano.\u00a0<\/p>\n\n\n\n<p><\/p>\n\n\n\n<blockquote class=\"wp-block-quote is-layout-flow wp-block-quote-is-layout-flow\">\n<p>La novedad est\u00e1 dada en que el espejo de agua tambi\u00e9n puede ser utilizado por todas las personas durante los fines de semana, en el horario de 14 a 18 horas.<\/p>\n<\/blockquote>\n\n\n\n<p><\/p>\n\n\n\n<p>El <strong>acceso a la pileta tiene un valor de dos mil pesos para personas mayores de 16 a\u00f1os<\/strong>. Los <strong>menores de esa edad podr\u00e1n entrar de manera gratuita, <\/strong>pero deber\u00e1n hacerlo acompa\u00f1ados de un adulto\/a responsable.<\/p>\n\n\n\n<p><\/p>\n\n\n\n<p>Vale aclarar que <strong>el acceso al Bioparque Municipal La M\u00e1xima es gratuito, <\/strong>lo \u00fanico que <strong>debe abonarse es el ingreso al espejo de agua<\/strong>. Se a\u00f1ade, a la par, que en ese predio no est\u00e1 permitida la utilizaci\u00f3n de fogones y el consumo de bebidas alcoh\u00f3licas.<\/p>\n\n\n\n<p><\/p>\n\n\n\n<blockquote class=\"wp-block-quote is-layout-flow wp-block-quote-is-layout-flow\">\n<p>Por otra parte, tambi\u00e9n se encuentra habilitado para su concurrencia las instalaciones de la Base Bonino, los d\u00edas domingo de 11 a 19 horas. El valor de la entrada tambi\u00e9n es de dos mil pesos, a partir de los 16 a\u00f1os.<\/p>\n<\/blockquote>\n\n\n\n<p><\/p>\n\n\n\n<p>En ambos sitios <strong>se cuenta con la presencia de Guardavidas,<\/strong> contratados desde la Subsecretar\u00eda de Deportes, adem\u00e1s de personal de distintas \u00e1reas del Municipio.<\/p>\n\n\n\n<p><\/p>\n\n\n\n<p>Por \u00faltimo, tambi\u00e9n<strong> ya est\u00e1 habilitado para su visita y disfrute el Parque Recreativo La Isla<\/strong>, con <strong>acceso gratuito tanto al predio como al sector de fogones<\/strong>. Se encuentra prohibido tanto ba\u00f1arse en aguas del arroyo Tapalqu\u00e9 como consumir bebidas alcoh\u00f3licas.<\/p>\n\n\n\n<p><\/p>\n","protected":false},"excerpt":{"rendered":"<p>Se trata de tres espacios que ya se encuentran en condiciones para ser disfrutados por toda la comunidad.&nbsp; Desde el<\/p>\n","protected":false},"author":6,"featured_media":134187,"comment_status":"closed","ping_status":"closed","sticky":false,"template":"","format":"standard","meta":{"_jetpack_memberships_contains_paid_content":false,"footnotes":""},"categories":[5,1],"tags":[],"class_list":["post-134186","post","type-post","status-publish","format-standard","has-post-thumbnail","hentry","category-informacion-general","category-portada"],"jetpack_featured_media_url":"https:\/\/i0.wp.com\/cdnoticias.com\/wp-content\/uploads\/2025\/01\/piletas-verano-2025.jpg?fit=900%2C506&ssl=1","jetpack_sharing_enabled":true,"_links":{"self":[{"href":"https:\/\/cdnoticias.com\/index.php\/wp-json\/wp\/v2\/posts\/134186","targetHints":{"allow":["GET"]}}],"collection":[{"href":"https:\/\/cdnoticias.com\/index.php\/wp-json\/wp\/v2\/posts"}],"about":[{"href":"https:\/\/cdnoticias.com\/index.php\/wp-json\/wp\/v2\/types\/post"}],"author":[{"embeddable":true,"href":"https:\/\/cdnoticias.com\/index.php\/wp-json\/wp\/v2\/users\/6"}],"replies":[{"embeddable":true,"href":"https:\/\/cdnoticias.com\/index.php\/wp-json\/wp\/v2\/comments?post=134186"}],"version-history":[{"count":0,"href":"https:\/\/cdnoticias.com\/index.php\/wp-json\/wp\/v2\/posts\/134186\/revisions"}],"wp:featuredmedia":[{"embeddable":true,"href":"https:\/\/cdnoticias.com\/index.php\/wp-json\/wp\/v2\/media\/134187"}],"wp:attachment":[{"href":"https:\/\/cdnoticias.com\/index.php\/wp-json\/wp\/v2\/media?parent=134186"}],"wp:term":[{"taxonomy":"category","embeddable":true,"href":"https:\/\/cdnoticias.com\/index.php\/wp-json\/wp\/v2\/categories?post=134186"},{"taxonomy":"post_tag","embeddable":true,"href":"https:\/\/cdnoticias.com\/index.php\/wp-json\/wp\/v2\/tags?post=134186"}],"curies":[{"name":"wp","href":"https:\/\/api.w.org\/{rel}","templated":true}]}}