{"id":134177,"date":"2025-01-09T16:55:22","date_gmt":"2025-01-09T19:55:22","guid":{"rendered":"https:\/\/cdnoticias.com\/?p=134177"},"modified":"2025-01-09T16:55:23","modified_gmt":"2025-01-09T19:55:23","slug":"azul-anuncian-la-llegada-de-un-nuevo-servicio-de-transporte-publico","status":"publish","type":"post","link":"https:\/\/cdnoticias.com\/index.php\/2025\/01\/09\/azul-anuncian-la-llegada-de-un-nuevo-servicio-de-transporte-publico\/","title":{"rendered":"Azul: anuncian la llegada de un nuevo servicio de transporte p\u00fablico"},"content":{"rendered":"\n<p>Ser\u00e1 bajo la empresa Autobuses Buenos Aires. Garantizar\u00e1 las fuentes laborales que ten\u00eda la concesi\u00f3n La Uni\u00f3n, y se prev\u00e9 que comience el 1 de febrero. En marzo, habr\u00e1 servicios especiales a Chillar, Cachar\u00ed y Pablo Acosta.<\/p>\n\n\n\n<hr class=\"wp-block-separator aligncenter has-alpha-channel-opacity\"\/>\n\n\n\n<p>Esta ma\u00f1ana, en conferencia de prensa,<strong> el intendente de Azul, Nelson Sombra, anunci\u00f3 la implementaci\u00f3n de un nuevo servicio de transporte p\u00fablico de pasajeros para el Partido, que incluye un cambio en la empresa a cargo, la incorporaci\u00f3n de unidades modernas con GPS y c\u00e1maras de seguridad, y la extensi\u00f3n del servicio a las localidades de Cachar\u00ed, Chillar y Pablo Acosta.<\/strong><\/p>\n\n\n\n<p>Acompa\u00f1ado por el director de Transporte, Ricardo M\u00e9ndez, la directora de Legal y T\u00e9cnica, Nerina Russo, el delegado de Cachar\u00ed, Mario Piazza, y el concejal Nicol\u00e1s Cartolano, <strong>Sombra destac\u00f3 la importancia de esta iniciativa para la integraci\u00f3n del Partido.<\/strong><\/p>\n\n\n\n<blockquote class=\"wp-block-quote is-layout-flow wp-block-quote-is-layout-flow\">\n<p>&#8220;Es un avance significativo en el transporte p\u00fablico, con nuevos recorridos y frecuencias para toda la comunidad&#8221;, se\u00f1al\u00f3 el jefe comunal.<\/p>\n<\/blockquote>\n\n\n\n<p>En el marco del anuncio, <strong>se inform\u00f3 la finalizaci\u00f3n de la concesi\u00f3n con la empresa La Uni\u00f3n, que tendr\u00e1 vigencia hasta el 31 de enero, y la incorporaci\u00f3n de Autobuses Buenos Aires, con quien se firm\u00f3 un acuerdo que garantiza la continuidad laboral del personal de La Uni\u00f3n.<\/strong><em><strong> <\/strong>&#8220;Era necesario rediscutir concesiones que ya no se ajustaban a las necesidades actuales de nuestra localidad&#8221;<\/em>, subray\u00f3 Sombra.<\/p>\n\n\n\n<p><strong>El nuevo servicio comenzar\u00e1 a operar el 1 de febrero,<\/strong> manteniendo inicialmente los recorridos actuales<strong>. A partir del 1 de marzo, se implementar\u00e1 la modalidad extendida, que incluye dos servicios diarios de lunes a viernes a Cachar\u00ed y Chillar, y servicios a Pablo Acosta los fines de semana y feriados.<\/strong><\/p>\n\n\n\n<p>M\u00e9ndez detall\u00f3 que, <strong>en una segunda etapa, se normalizar\u00e1n paradas y refugios.<\/strong> Cartolano destac\u00f3 la modernidad de las nuevas unidades, que cumplen con las normativas nacionales y provinciales, y est\u00e1n equipadas para personas con discapacidad motriz.<\/p>\n\n\n\n<p><strong>El acuerdo con Autobuses Buenos Aires tiene una duraci\u00f3n inicial de 120 d\u00edas,<\/strong> hasta que se realice el pliego licitatorio correspondiente.<\/p>\n","protected":false},"excerpt":{"rendered":"<p>Ser\u00e1 bajo la empresa Autobuses Buenos Aires. Garantizar\u00e1 las fuentes laborales que ten\u00eda la concesi\u00f3n La Uni\u00f3n, y se prev\u00e9<\/p>\n","protected":false},"author":2,"featured_media":134180,"comment_status":"closed","ping_status":"closed","sticky":false,"template":"","format":"standard","meta":{"_jetpack_memberships_contains_paid_content":false,"footnotes":""},"categories":[6,1],"tags":[],"class_list":["post-134177","post","type-post","status-publish","format-standard","has-post-thumbnail","hentry","category-nacionales","category-portada"],"jetpack_featured_media_url":"https:\/\/i0.wp.com\/cdnoticias.com\/wp-content\/uploads\/2025\/01\/azul-transporte.jpg?fit=1446%2C693&ssl=1","jetpack_sharing_enabled":true,"_links":{"self":[{"href":"https:\/\/cdnoticias.com\/index.php\/wp-json\/wp\/v2\/posts\/134177","targetHints":{"allow":["GET"]}}],"collection":[{"href":"https:\/\/cdnoticias.com\/index.php\/wp-json\/wp\/v2\/posts"}],"about":[{"href":"https:\/\/cdnoticias.com\/index.php\/wp-json\/wp\/v2\/types\/post"}],"author":[{"embeddable":true,"href":"https:\/\/cdnoticias.com\/index.php\/wp-json\/wp\/v2\/users\/2"}],"replies":[{"embeddable":true,"href":"https:\/\/cdnoticias.com\/index.php\/wp-json\/wp\/v2\/comments?post=134177"}],"version-history":[{"count":0,"href":"https:\/\/cdnoticias.com\/index.php\/wp-json\/wp\/v2\/posts\/134177\/revisions"}],"wp:featuredmedia":[{"embeddable":true,"href":"https:\/\/cdnoticias.com\/index.php\/wp-json\/wp\/v2\/media\/134180"}],"wp:attachment":[{"href":"https:\/\/cdnoticias.com\/index.php\/wp-json\/wp\/v2\/media?parent=134177"}],"wp:term":[{"taxonomy":"category","embeddable":true,"href":"https:\/\/cdnoticias.com\/index.php\/wp-json\/wp\/v2\/categories?post=134177"},{"taxonomy":"post_tag","embeddable":true,"href":"https:\/\/cdnoticias.com\/index.php\/wp-json\/wp\/v2\/tags?post=134177"}],"curies":[{"name":"wp","href":"https:\/\/api.w.org\/{rel}","templated":true}]}}