{"id":134155,"date":"2025-01-09T20:58:03","date_gmt":"2025-01-09T23:58:03","guid":{"rendered":"https:\/\/cdnoticias.com\/?p=134155"},"modified":"2025-01-10T09:15:28","modified_gmt":"2025-01-10T12:15:28","slug":"alejandro-santillan-en-nuestra-querida-olavarria-se-han-perdido-se-estan-perdiendo-y-se-van-a-perder-muchos-puestos-de-trabajo","status":"publish","type":"post","link":"https:\/\/cdnoticias.com\/index.php\/2025\/01\/09\/alejandro-santillan-en-nuestra-querida-olavarria-se-han-perdido-se-estan-perdiendo-y-se-van-a-perder-muchos-puestos-de-trabajo\/","title":{"rendered":"Alejandro Santill\u00e1n: \u201cEn nuestra querida Olavarr\u00eda se han perdido, se est\u00e1n perdiendo y se van a perder muchos puestos de trabajo\u201d"},"content":{"rendered":"<p>El dirigente de AOMA subray\u00f3 que en 2024 se produjeron unos 200 despidos en el rubro minero local, \u201ces una cifra muy dolorosa\u201d defini\u00f3. El contexto complejo para la negociaci\u00f3n sindical.<!--more--><\/p>\n<hr \/>\n<p>En el marco del <strong><a href=\"https:\/\/cdnoticias.com\/index.php\/2025\/01\/08\/cal-y-piedra-aoma-negocio-un-nuevo-acuerdo-salarial-para-el-trimestre\/\" target=\"_blank\" rel=\"noopener\">cierre de la negociaci\u00f3n paritaria<\/a> que logr\u00f3 AOMA para la rama cal y piedra<\/strong> -con <a href=\"https:\/\/cdnoticias.com\/index.php\/2024\/12\/11\/cal-y-piedra-aoma-en-estado-de-alerta-y-con-medidas-de-fuerza\/\" target=\"_blank\" rel=\"noopener\">una medida de fuerza declarada hace un mes<\/a>-, el<strong> secretario general del sindicato en Olavarr\u00eda, Alejandro Santill\u00e1n<\/strong>, brind\u00f3 una entrevista al programa Levantate por Radio Sapiens (FM 102.7) donde plante\u00f3 un <strong>oscuro panorama para el sector minero <\/strong>y tambi\u00e9n <strong>para las discusiones salariales.<\/strong><\/p>\n<blockquote><p>\u201cEstamos en un momento demasiado complejo. Entiendo la situaci\u00f3n de los trabajadores, uno es trabajador y est\u00e1 todo el tiempo en contacto. Estamos en un contexto donde nuestra industria lamentablemente se va a seguir achicando. Los acuerdos que estamos haciendo, tambi\u00e9n a nivel local y con algunas canteras, son para que no echen tantos trabajadores. Tenemos trabajadores suspendidos en sus casas cobrando un porcentaje del sueldo. Cuando la parte empresarial termina sacando cr\u00e9ditos para poder pagar los sueldos, creo que es un final anunciado. Lo peor que me hab\u00eda tocado fue a mis comienzos de la carrera sindical, una empresa -CEFAS- de la noche a la ma\u00f1ana cerr\u00f3 sus puertas y quedaron m\u00e1s de 50 trabajadores en la calle. Lamentablemente, creo que vamos a tener este a\u00f1o muchos CEFAS en Olavarr\u00eda\u201d describi\u00f3.<\/p><\/blockquote>\n<p>Inform\u00f3 que <strong>a lo largo del a\u00f1o 2024 se produjeron unos 200 despidos en el sector minero local<\/strong> y apunt\u00f3 a que la ca\u00edda de la actividad se verifica en casi todos los rubros industriales.<\/p>\n<p>En cuanto al desarrollo de las paritarias durante el a\u00f1o, Santill\u00e1n asegur\u00f3 que<strong> \u201cse hacer muy dif\u00edcil poder discutir\u201d<\/strong> con las c\u00e1maras empresariales los porcentajes de suba. Advirti\u00f3 el contraste entre \u201ccuando uno se acerca a un surtidor de una estaci\u00f3n de servicio, va al supermercado, paga los impuestos, paga los servicios, los medicamentos, han tenido <strong>aumentos totalmente desmedidos\u201d y en paralelo el INDEC muestra \u201cinflaciones de 2,4 o 2,7 por mes\u201d<\/strong>. A ello a\u00f1adi\u00f3 que \u201c<strong>el gobierno se est\u00e1 haciendo muy activo para que las organizaciones sindicales no puedan llegar a acuerdos que superen esos porcentajes\u201d.<\/strong><\/p>\n<p>Consider\u00f3 que <strong>\u201ces muy dif\u00edcil que nuestros compa\u00f1eros lo entiendan\u201d<\/strong> al dar cuenta del descontento que se percibe por las subas salariales. Y subray\u00f3 que \u201ccon las diferentes c\u00e1maras, <strong>a veces en vez de terminar acordando salarios, est\u00e1s negociando que las empresas echen lo menos posible<\/strong> y que no dejen a los trabajadores en la calle\u201d.<\/p>\n<p><img data-recalc-dims=\"1\" loading=\"lazy\" decoding=\"async\" class=\"size-full wp-image-106663 aligncenter\" src=\"https:\/\/i0.wp.com\/cdnoticias.com\/wp-content\/uploads\/2024\/01\/AOMA-alejandro-santillan-hector-laplace.jpg?resize=800%2C446&#038;ssl=1\" alt=\"\" width=\"800\" height=\"446\" srcset=\"https:\/\/i0.wp.com\/cdnoticias.com\/wp-content\/uploads\/2024\/01\/AOMA-alejandro-santillan-hector-laplace.jpg?w=800&amp;ssl=1 800w, https:\/\/i0.wp.com\/cdnoticias.com\/wp-content\/uploads\/2024\/01\/AOMA-alejandro-santillan-hector-laplace.jpg?resize=300%2C167&amp;ssl=1 300w, https:\/\/i0.wp.com\/cdnoticias.com\/wp-content\/uploads\/2024\/01\/AOMA-alejandro-santillan-hector-laplace.jpg?resize=768%2C428&amp;ssl=1 768w\" sizes=\"auto, (max-width: 800px) 100vw, 800px\" \/><\/p>\n<blockquote><p>\u201cPara m\u00ed no hay una crisis econ\u00f3mica. Esto es una crisis pol\u00edtica, son decisiones que se toman\u201d sostuvo Santill\u00e1n al apuntar a que el parate total de la obra p\u00fablica es el origen de los problemas para el rubro minero local. \u201cUn Gobierno con la intenci\u00f3n de que se llegue al d\u00e9ficit cero, de que se achiquen los gastos o que no haya inversiones del Estado repercute much\u00edsimo y principalmente en nuestra actividad. M\u00e1s del 70 por ciento de lo que produc\u00edamos dentro de las caleras, cementeras y canteras iba a la obra p\u00fablica\u201d dijo.<\/p><\/blockquote>\n<p>El dirigente gremial reconoci\u00f3 que \u201centendemos que de parte de la sociedad hay de alguna manera un descontento con la parte sindical. Pero no son momentos de los mejores. <strong>Hoy el sindicalismo no tiene la fuerza<\/strong>. Cuando las empresas, que son las que realmente tienen poder, hacen cosas que no corresponden uno no puede inclinar la balanza. Hoy no se puede porque cualquier medida de fuerza que pueda hacer una organizaci\u00f3n sindical obviamente que favorece la parte empresarial. Ahora, <strong>lo que no nos conviene a nosotros con esta situaci\u00f3n por decisiones pol\u00edticas del Gobierno, te puedo asegurar que por los pasillos y en off las empresas tampoco est\u00e1n muy conformes\u201d<\/strong>.<\/p>\n<h3>Las cementeras<\/h3>\n<p>Tras exponer el detalle mensual del acuerdo cerrado, a\u00f1adi\u00f3 que <strong>\u201cdesde el a\u00f1o 2012<\/strong> aproximadamente, los compa\u00f1eros del cemento ten\u00edamos un reconocimiento, <strong>un bono anual<\/strong> que era una cifra realmente importante. Y hoy nos encontramos con que<strong> las c\u00e1maras de ninguna manera han aceptado o han querido reconocer el esfuerzo de los trabajadores\u201d<\/strong>.<\/p>\n<p>Mencion\u00f3 a las <strong>dos grandes empresas productoras de cemento<\/strong> con plantas en Olavarr\u00eda, para definir que <strong>\u201ca todas luces estas empresas han sorteado las crisis que ha tenido nuestro bendito pa\u00eds y son empresas que tienen estructuras que pueden reconocer.<\/strong> Pero nos hemos encontrado con una postura demasiado dura\u201d.<\/p>\n<p>Para contrastar, inform\u00f3 que \u201chay empresas, una cantera que son 20 trabajadores, donde los empresarios con todas las dificultades que tienen han tenido la deferencia de reconocer a sus trabajadores y les han dado un bono. Y estas empresas que realmente, econ\u00f3micamente siempre se han podido sostener por la infraestructura que tienen, te cierran la puerta de la negociaci\u00f3n\u201d.<\/p>\n<blockquote><p>M\u00e1s adelante, cont\u00f3 que \u201cen Cementos Avellaneda, en la parte de la cantera se ha reducido, han desvinculado muchos trabajadores. Algunos con alg\u00fan acuerdo, pero son trabajadores que se quedan sin trabajo. Se han desvinculado m\u00e1s de 50 puestos en cantera, en la parte de destape. Con Loma Negra, no en Olavarr\u00eda, pero s\u00ed ha habido alg\u00fan tipo de desvinculaci\u00f3n de trabajadores\u201d.<\/p><\/blockquote>\n<p><img data-recalc-dims=\"1\" loading=\"lazy\" decoding=\"async\" class=\"size-large wp-image-71947 aligncenter\" src=\"https:\/\/i0.wp.com\/cdnoticias.com\/wp-content\/uploads\/2022\/12\/santillan-alejandro-1.jpg?resize=800%2C445&#038;ssl=1\" alt=\"\" width=\"800\" height=\"445\" srcset=\"https:\/\/i0.wp.com\/cdnoticias.com\/wp-content\/uploads\/2022\/12\/santillan-alejandro-1-scaled.jpg?resize=1024%2C570&amp;ssl=1 1024w, https:\/\/i0.wp.com\/cdnoticias.com\/wp-content\/uploads\/2022\/12\/santillan-alejandro-1-scaled.jpg?resize=300%2C167&amp;ssl=1 300w, https:\/\/i0.wp.com\/cdnoticias.com\/wp-content\/uploads\/2022\/12\/santillan-alejandro-1-scaled.jpg?resize=768%2C427&amp;ssl=1 768w, https:\/\/i0.wp.com\/cdnoticias.com\/wp-content\/uploads\/2022\/12\/santillan-alejandro-1-scaled.jpg?resize=1536%2C855&amp;ssl=1 1536w, https:\/\/i0.wp.com\/cdnoticias.com\/wp-content\/uploads\/2022\/12\/santillan-alejandro-1-scaled.jpg?resize=2048%2C1140&amp;ssl=1 2048w, https:\/\/i0.wp.com\/cdnoticias.com\/wp-content\/uploads\/2022\/12\/santillan-alejandro-1-scaled.jpg?resize=800%2C445&amp;ssl=1 800w, https:\/\/i0.wp.com\/cdnoticias.com\/wp-content\/uploads\/2022\/12\/santillan-alejandro-1-scaled.jpg?w=1600&amp;ssl=1 1600w, https:\/\/i0.wp.com\/cdnoticias.com\/wp-content\/uploads\/2022\/12\/santillan-alejandro-1-scaled.jpg?w=2400&amp;ssl=1 2400w\" sizes=\"auto, (max-width: 800px) 100vw, 800px\" \/><\/p>\n<p>La <strong>proyecci\u00f3n<\/strong> para la actividad es <strong>pesimista<\/strong> basada en \u201cdeterminaciones de parte del Gobierno a semanas de determinar el a\u00f1o\u201d. Santill\u00e1n expuso que p<strong>ara 2025 \u201cla parte empresarial, tanto de cemento como de cal y piedra, estaban siendo un poco optimistas porque estamos en un a\u00f1o electoral<\/strong> y se entend\u00eda que, de alguna manera, el gobierno <strong>iba a inyectar algo de obra p\u00fablica\u201d<\/strong>. Indic\u00f3 que estaba previsto el desarrollo de obras desde la Direcci\u00f3n Nacional de Vialidad, lo que significaba \u201cun 30 o 40% de lo que ven\u00edamos haciendo antes\u201d. Pero <strong>\u201calg\u00fan funcionario -y entendemos que fue (Federico) Sturzenegger- tom\u00f3 la determinaci\u00f3n de retirar ese dinero que estaba en Vialidad\u201d<\/strong>. La novedad, sostuvo, tuvo impacto negativo en todo el rubro de la construcci\u00f3n.<\/p>\n<h3>Despidos, un problema presente y futuro<\/h3>\n<blockquote><p>\u201cEn Olavarr\u00eda se han perdido m\u00e1s de 200 puestos de trabajadores mineros. Es una cifra muy dolorosa\u201d remarc\u00f3 sobre lo sucedido el a\u00f1o pasado.<\/p><\/blockquote>\n<p>\u201cEstamos en un contexto donde<strong> han desvinculado much\u00edsimos trabajadores.<\/strong> En nuestra \u00e1rea hay canteras que han sacado turnos por completo o empresas grandes de la parte de cal y piedra donde se han venido reduciendo. <strong>Todos los meses estamos teniendo much\u00edsimos trabajadores que se quedan en la calle.<\/strong> S\u00ed es cierto que los trabajadores que terminan desvinculados -y mir\u00e1 lo que estoy planteando, el punto al que hemos llegado- se van con su indemnizaci\u00f3n. Son trabajadores que quedan netamente en la calle con un sistema econ\u00f3mico donde no es que a la construcci\u00f3n, a la miner\u00eda, le est\u00e1 yendo mal pero a otro rubro le va bien\u201d manifest\u00f3 el dirigente de AOMA.<\/p>\n<p>Enumer\u00f3 <a href=\"https:\/\/cdnoticias.com\/index.php\/2025\/01\/08\/preocupacion-en-la-provincia-por-la-perdida-de-54-000-puestos-de-trabajo-en-2024\/\" target=\"_blank\" rel=\"noopener\">empresas en distintos puntos de la provincia<\/a> que han cerrado sus puertas en las \u00faltimas semanas para plantear que <strong>\u201cson determinaciones que ha tomado el gobierno donde de alguna manera lo poco que ten\u00edamos industrializado se est\u00e1 parando.<\/strong> Lo podemos ver en los medios nacionales, hoy conviene comprar cosas de afuera\u201d. <strong>Aclar\u00f3 que no se espera que se importe cemento, pero \u201cal no haber obra p\u00fablica, la parte privada no invierte.<\/strong> Los empresarios van a invertir en lugares donde realmente les sea redituable\u201d.<\/p>\n<blockquote><p>Con ello retom\u00f3 el tema: \u201cen nuestra querida Olavarr\u00eda se han perdido, se est\u00e1n perdiendo y se van a perder muchos puestos de trabajo\u201d.<\/p><\/blockquote>\n<p>Alejandro Santill\u00e1n tambi\u00e9n se refiri\u00f3 a otras implicancias de esta ca\u00edda de puestos laborales. \u201cHay una cantera que hace menos de un mes iba desvincular a los dos trabajadores. Eran mec\u00e1nicos o volquetistas. Como no hay trabajo, la empresa empez\u00f3 a ubicarlos en diferentes lugares, cortar el pasto, pintar, vigilancia. En la noche que se quedaban a cuidar la cantera para que no sufran un robo. A m\u00ed me molesta que desvinculen a trabajadores y que las empresas contraten a la Polic\u00eda para cuidarlas.<strong> En las localidades, que la verdad que no abundan los patrulleros ni los efectivos policiales, en vez de estar en la calle, cuidar a los vecinos, est\u00e1n cuidando a empresas privadas\u201d<\/strong>.<\/p>\n<p>Sobre el cierre de la entrevista radial resumi\u00f3 su postura: \u201ces muy complicado. Estamos viendo una situaci\u00f3n donde para un sector de la sociedad se entiende que es el camino correcto. Dentro de ese camino correcto que est\u00e1 tomando el Gobierno tenemos como consecuencia muchos trabajadores desvinculados. <strong>La realidad es que basta con recorrer la parte industrial de Olavarr\u00eda y se van a encontrar con nuestro motor productivo todo parado\u201d.<\/strong><\/p>\n","protected":false},"excerpt":{"rendered":"<p>El dirigente de AOMA subray\u00f3 que en 2024 se produjeron unos 200 despidos en el rubro minero local, \u201ces una<\/p>\n","protected":false},"author":4,"featured_media":71948,"comment_status":"closed","ping_status":"closed","sticky":false,"template":"","format":"standard","meta":{"_jetpack_memberships_contains_paid_content":false,"footnotes":""},"categories":[4,1],"tags":[],"class_list":["post-134155","post","type-post","status-publish","format-standard","has-post-thumbnail","hentry","category-politica","category-portada"],"jetpack_featured_media_url":"https:\/\/i0.wp.com\/cdnoticias.com\/wp-content\/uploads\/2022\/12\/santillan-alejandro-2-scaled.jpg?fit=2560%2C1424&ssl=1","jetpack_sharing_enabled":true,"_links":{"self":[{"href":"https:\/\/cdnoticias.com\/index.php\/wp-json\/wp\/v2\/posts\/134155","targetHints":{"allow":["GET"]}}],"collection":[{"href":"https:\/\/cdnoticias.com\/index.php\/wp-json\/wp\/v2\/posts"}],"about":[{"href":"https:\/\/cdnoticias.com\/index.php\/wp-json\/wp\/v2\/types\/post"}],"author":[{"embeddable":true,"href":"https:\/\/cdnoticias.com\/index.php\/wp-json\/wp\/v2\/users\/4"}],"replies":[{"embeddable":true,"href":"https:\/\/cdnoticias.com\/index.php\/wp-json\/wp\/v2\/comments?post=134155"}],"version-history":[{"count":0,"href":"https:\/\/cdnoticias.com\/index.php\/wp-json\/wp\/v2\/posts\/134155\/revisions"}],"wp:featuredmedia":[{"embeddable":true,"href":"https:\/\/cdnoticias.com\/index.php\/wp-json\/wp\/v2\/media\/71948"}],"wp:attachment":[{"href":"https:\/\/cdnoticias.com\/index.php\/wp-json\/wp\/v2\/media?parent=134155"}],"wp:term":[{"taxonomy":"category","embeddable":true,"href":"https:\/\/cdnoticias.com\/index.php\/wp-json\/wp\/v2\/categories?post=134155"},{"taxonomy":"post_tag","embeddable":true,"href":"https:\/\/cdnoticias.com\/index.php\/wp-json\/wp\/v2\/tags?post=134155"}],"curies":[{"name":"wp","href":"https:\/\/api.w.org\/{rel}","templated":true}]}}