{"id":134132,"date":"2025-01-09T07:57:14","date_gmt":"2025-01-09T10:57:14","guid":{"rendered":"https:\/\/cdnoticias.com\/?p=134132"},"modified":"2025-01-09T07:57:16","modified_gmt":"2025-01-09T10:57:16","slug":"teresa-renee-martin-cangran-viuda-de-iribe-china-q-e-p-d","status":"publish","type":"post","link":"https:\/\/cdnoticias.com\/index.php\/2025\/01\/09\/teresa-renee-martin-cangran-viuda-de-iribe-china-q-e-p-d\/","title":{"rendered":"Teresa Renee Mart\u00edn Cangr\u00e1n viuda de Iribe &#8220;China&#8221; (Q.E.P.D.)"},"content":{"rendered":"<p>Falleci\u00f3 en Olavarr\u00eda el d\u00eda 8 de enero de 2025 a los 90 a\u00f1os de edad.<\/p>\n<p>Su hija Laura; su hijo pol\u00edtico Mario; sus nietos: Juan Ignacio, Mar\u00eda Sof\u00eda y Ana Clara; su nieto pol\u00edtico Luciano; sus hermanos pol\u00edticos; sus sobrinos y dem\u00e1s deudos participan su fallecimiento.<\/p>\n<p>Velatorio: Espa\u00f1a 2942, Departamento \u201cC\u201c, jueves 9\/1 de 7:00 a 11:30 hs. Responso: Capilla Ardiente. Inhumaci\u00f3n: Cementerio Municipal de Sierras Bayas, jueves 9\/01 a las 11:30 hs. Servicio adherido a Coopelectric.<\/p>\n<p>Vecina de Sierras Bayas <\/p>\n<p>Lugar de nacimiento: Sierras Bayas<\/p>\n<p>Actividad que desarrollaba: Jubilada y Pensionada<\/p>\n","protected":false},"excerpt":{"rendered":"<p>Falleci\u00f3 en Olavarr\u00eda el d\u00eda 8 de enero de 2025 a los 90 a\u00f1os de edad. Su hija Laura; su<\/p>\n","protected":false},"author":4,"featured_media":51544,"comment_status":"closed","ping_status":"closed","sticky":false,"template":"","format":"standard","meta":{"_jetpack_memberships_contains_paid_content":false,"footnotes":""},"categories":[10],"tags":[],"class_list":["post-134132","post","type-post","status-publish","format-standard","has-post-thumbnail","hentry","category-necrologicas"],"jetpack_featured_media_url":"https:\/\/i0.wp.com\/cdnoticias.com\/wp-content\/uploads\/2022\/04\/necrologicas-390-x-240.jpg?fit=390%2C240&ssl=1","jetpack_sharing_enabled":true,"_links":{"self":[{"href":"https:\/\/cdnoticias.com\/index.php\/wp-json\/wp\/v2\/posts\/134132","targetHints":{"allow":["GET"]}}],"collection":[{"href":"https:\/\/cdnoticias.com\/index.php\/wp-json\/wp\/v2\/posts"}],"about":[{"href":"https:\/\/cdnoticias.com\/index.php\/wp-json\/wp\/v2\/types\/post"}],"author":[{"embeddable":true,"href":"https:\/\/cdnoticias.com\/index.php\/wp-json\/wp\/v2\/users\/4"}],"replies":[{"embeddable":true,"href":"https:\/\/cdnoticias.com\/index.php\/wp-json\/wp\/v2\/comments?post=134132"}],"version-history":[{"count":0,"href":"https:\/\/cdnoticias.com\/index.php\/wp-json\/wp\/v2\/posts\/134132\/revisions"}],"wp:featuredmedia":[{"embeddable":true,"href":"https:\/\/cdnoticias.com\/index.php\/wp-json\/wp\/v2\/media\/51544"}],"wp:attachment":[{"href":"https:\/\/cdnoticias.com\/index.php\/wp-json\/wp\/v2\/media?parent=134132"}],"wp:term":[{"taxonomy":"category","embeddable":true,"href":"https:\/\/cdnoticias.com\/index.php\/wp-json\/wp\/v2\/categories?post=134132"},{"taxonomy":"post_tag","embeddable":true,"href":"https:\/\/cdnoticias.com\/index.php\/wp-json\/wp\/v2\/tags?post=134132"}],"curies":[{"name":"wp","href":"https:\/\/api.w.org\/{rel}","templated":true}]}}