{"id":134098,"date":"2025-01-09T09:16:19","date_gmt":"2025-01-09T12:16:19","guid":{"rendered":"https:\/\/cdnoticias.com\/?p=134098"},"modified":"2025-01-09T12:54:42","modified_gmt":"2025-01-09T15:54:42","slug":"la-campana-de-lucha-contra-la-tucura-alcanzo-127-mil-hectareas","status":"publish","type":"post","link":"https:\/\/cdnoticias.com\/index.php\/2025\/01\/09\/la-campana-de-lucha-contra-la-tucura-alcanzo-127-mil-hectareas\/","title":{"rendered":"La campa\u00f1a de lucha contra la tucura alcanz\u00f3 127 mil hect\u00e1reas"},"content":{"rendered":"<p>Ana Peroggi, de la Comisi\u00f3n de Lucha contra las Plagas, cont\u00f3 que las aplicaciones terminaron el s\u00e1bado. Se centraron especialmente en Espigas e Iturregui. La campa\u00f1a fue m\u00e1s extendida que la anterior: los Partidos linderos que no fumigan y mejores condiciones econ\u00f3micas.<!--more--><\/p>\n<hr \/>\n<p>La <strong>campa\u00f1a de fumigaci\u00f3n contra la tucura en Olavarr\u00eda<\/strong> se extendi\u00f3 <strong>entre el 20 de diciembre y el 4 de enero<\/strong> y alcanz\u00f3 a <strong>127 mil hect\u00e1reas en 11 pol\u00edgonos<\/strong> ubicados en el sector noroeste del distrito.<\/p>\n<p><strong>Central de Noticias<\/strong> dialog\u00f3 con <strong>Ana Peroggi, tesorera de la Comisi\u00f3n de Lucha contra Las Plagas<\/strong>, entidad que lleva adelante la campa\u00f1a desde hace unos 15 a\u00f1os. Integra la Comisi\u00f3n como <strong>representante de la Sociedad Rural de Olavarr\u00eda<\/strong>.<\/p>\n<p>Cont\u00f3 el desarrollo de <strong>las actividades desde agosto del a\u00f1o pasado<\/strong> para la detecci\u00f3n de los nacimientos de tucura y destac\u00f3 que se logr\u00f3 finalizar con la fumigaci\u00f3n.<\/p>\n<blockquote><p>La campa\u00f1a 2024-2025 fue superior a lo realizado previamente en cuanto a la superficie alcanzada. En esta oportunidad se fumig\u00f3 alrededor de 75% m\u00e1s que en la <a href=\"https:\/\/cdnoticias.com\/index.php\/2024\/01\/24\/control-de-plagas-avanza-la-fumigacion-contra-la-tucura\/\" target=\"_blank\" rel=\"noopener\">campa\u00f1a 2023-2024<\/a> (30.726 hect\u00e1reas) la que se vio condicionada especialmente por la situaci\u00f3n econ\u00f3mica del pa\u00eds, seg\u00fan cont\u00f3 la productora rural. Tambi\u00e9n tuvo mayor alcance que las campa\u00f1as <a href=\"https:\/\/cdnoticias.com\/index.php\/2023\/01\/09\/exitoso-balance-de-la-campana-de-control-de-tucuras\/\" target=\"_blank\" rel=\"noopener\">2022-2023<\/a> y <a href=\"https:\/\/cdnoticias.com\/index.php\/2021\/12\/20\/ya-termino-la-pulverizacion-aerea-contra-la-tucura\/\" target=\"_blank\" rel=\"noopener\">2021-2022<\/a>.<\/p><\/blockquote>\n<p><img data-recalc-dims=\"1\" loading=\"lazy\" decoding=\"async\" class=\"size-full wp-image-134099 aligncenter\" src=\"https:\/\/i0.wp.com\/cdnoticias.com\/wp-content\/uploads\/2025\/01\/CAMPANA-CONTRA-TUCURA-2024-2025-b.jpg?resize=800%2C445&#038;ssl=1\" alt=\"\" width=\"800\" height=\"445\" srcset=\"https:\/\/i0.wp.com\/cdnoticias.com\/wp-content\/uploads\/2025\/01\/CAMPANA-CONTRA-TUCURA-2024-2025-b.jpg?w=1000&amp;ssl=1 1000w, https:\/\/i0.wp.com\/cdnoticias.com\/wp-content\/uploads\/2025\/01\/CAMPANA-CONTRA-TUCURA-2024-2025-b.jpg?resize=300%2C167&amp;ssl=1 300w, https:\/\/i0.wp.com\/cdnoticias.com\/wp-content\/uploads\/2025\/01\/CAMPANA-CONTRA-TUCURA-2024-2025-b.jpg?resize=768%2C427&amp;ssl=1 768w, https:\/\/i0.wp.com\/cdnoticias.com\/wp-content\/uploads\/2025\/01\/CAMPANA-CONTRA-TUCURA-2024-2025-b.jpg?resize=800%2C445&amp;ssl=1 800w\" sizes=\"auto, (max-width: 800px) 100vw, 800px\" \/><\/p>\n<p>El Concejo Deliberante aprob\u00f3 a mediados de diciembre una <strong>erogaci\u00f3n total de 1.100 millones de pesos<\/strong> para solventar la campa\u00f1a.<\/p>\n<h3>Detecci\u00f3n y aplicaci\u00f3n<\/h3>\n<blockquote><p>Ana Peroggi detall\u00f3 la labor realizada por la Comisi\u00f3n de Lucha contra las Plagas para llevar adelante la campa\u00f1a de lucha contra la tucura. Aclar\u00f3 que el objetivo del trabajo es \u201ccontrolar la plaga. No la extinguimos, porque es imposible. La controlamos para poder convivir con ella\u201d.<\/p><\/blockquote>\n<p><strong>En el mes de agosto comenz\u00f3 el conteo de los desoves<\/strong>, tarea que se extendi\u00f3 hasta los primeros d\u00edas de octubre. \u201cSe hacen distintos sitios, se va sacando tierra y se ve d\u00f3nde est\u00e1n los huevos. <strong>Hay 175 sitios relevados\u201d<\/strong> indic\u00f3. Luego se hace un segundo recorrido para detectar la cantidad de huevos que hay por sitio. Se concret\u00f3 entre octubre y diciembre. <strong>\u201cA mediados de diciembre, cuando se termina otra vez todo el conteo -son m\u00e1s de 700 mil hect\u00e1reas recorridas-, se ve d\u00f3nde hay que hacer fumigaci\u00f3n\u201d<\/strong> agreg\u00f3.<\/p>\n<p>Los <strong>productos que se aplican<\/strong> \u201cson los que est\u00e1n permitidos porque no todos los productos est\u00e1n permitidos, tratamos de usar productos que no afecten a las dem\u00e1s especies\u201d. As\u00ed explic\u00f3 que una vez definida la zona de aplicaci\u00f3n, se verifica si coincide con la <strong>ubicaci\u00f3n de colmenas<\/strong>: \u201clos colmenares est\u00e1n todos declarados por coordenadas, entonces nosotros<strong> le decimos a los apicultores que por ah\u00ed va a pasar la aplicaci\u00f3n. Ellos tienen que tener recaudo con los apiarios para que no sean afectados\u201d.<\/strong><\/p>\n<blockquote><p>Tambi\u00e9n cont\u00f3 que a los pilotos de cada avi\u00f3n que se encarga de la fumigaci\u00f3n se les entrega un mapa que detalla la ubicaci\u00f3n de casas, escuelas, montes y cursos de agua. En esos puntos, as\u00ed como en los que hay colmenas, se corta la aplicaci\u00f3n unos metros antes de llegar y unos metros despu\u00e9s.<\/p><\/blockquote>\n<figure id=\"attachment_134101\" aria-describedby=\"caption-attachment-134101\" style=\"width: 800px\" class=\"wp-caption aligncenter\"><img data-recalc-dims=\"1\" loading=\"lazy\" decoding=\"async\" class=\"wp-image-134101 size-full\" src=\"https:\/\/i0.wp.com\/cdnoticias.com\/wp-content\/uploads\/2025\/01\/ana-peroggi-sociedad-rural.jpg?resize=800%2C445&#038;ssl=1\" alt=\"\" width=\"800\" height=\"445\" srcset=\"https:\/\/i0.wp.com\/cdnoticias.com\/wp-content\/uploads\/2025\/01\/ana-peroggi-sociedad-rural.jpg?w=800&amp;ssl=1 800w, https:\/\/i0.wp.com\/cdnoticias.com\/wp-content\/uploads\/2025\/01\/ana-peroggi-sociedad-rural.jpg?resize=300%2C167&amp;ssl=1 300w, https:\/\/i0.wp.com\/cdnoticias.com\/wp-content\/uploads\/2025\/01\/ana-peroggi-sociedad-rural.jpg?resize=768%2C427&amp;ssl=1 768w\" sizes=\"auto, (max-width: 800px) 100vw, 800px\" \/><figcaption id=\"caption-attachment-134101\" class=\"wp-caption-text\">Ana Peroggi, integra la Comisi\u00f3n de Lucha desde hace una d\u00e9cada.<\/figcaption><\/figure>\n<p><strong>\u201cTodas esas cosas hay que tener en cuenta.<\/strong> No es poco. Entonces, por eso nosotros trabajamos todo el a\u00f1o. Somos una comisi\u00f3n que est\u00e1 conformada por todas las entidades del campo. Yo soy de la Sociedad Rural y tambi\u00e9n est\u00e1 el INTA, Cooperativa Agraria, Cooperativa Agropecuaria, Colegio de Ingenieros Agr\u00f3nomos, Colegio de Veterinarios y la Municipalidad\u201d expres\u00f3.<\/p>\n<p>En cuanto a la aplicaci\u00f3n propiamente dicha, comenz\u00f3 el 20 de diciembre y termin\u00f3 el 4 de enero. \u201cAlgunos d\u00edas no se trabaj\u00f3 porque no se pod\u00eda, de las inclemencias del tiempo tambi\u00e9n depende mucho. Si hay mucho viento tenemos que tenerlo en cuenta\u201d aclar\u00f3 en la charla con <strong>Central de Noticias<\/strong>.<\/p>\n<blockquote><p>El alcance inicial previsto iba a ser de 118 mil hect\u00e1reas en 10 pol\u00edgonos, \u201cpero a \u00faltimo momento hubo que incluir un pol\u00edgono m\u00e1s porque no lo pod\u00edamos dejar sin hacer. En ese trayecto que se dej\u00f3 de hacer el monitoreo apareci\u00f3 mucha tucura\u201d se\u00f1al\u00f3 Ana Peroggi. Y complet\u00f3, \u201ctenemos el problema de que los Partidos linderos no hacen nada, no fumigan\u201d. En cuanto a la zona geogr\u00e1fica dijo que \u201ceste a\u00f1o se hizo much\u00edsimo en la parte de Espigas y de Iturregui\u201d. Agreg\u00f3 que \u201clo que hacemos es, continuamente, en los l\u00edmites con el partido de Olavarr\u00eda\u201d sostener la fumigaci\u00f3n en cada campa\u00f1a para controlar el paso de los insectos.<\/p><\/blockquote>\n<p>Para las aplicaciones trabajaron tres aviones de Maquieira Fumigaciones y de Aviaci\u00f3n Agr\u00edcola Argentina.<\/p>\n<blockquote class=\"instagram-media\" style=\"background: #FFF; border: 0; border-radius: 3px; box-shadow: 0 0 1px 0 rgba(0,0,0,0.5),0 1px 10px 0 rgba(0,0,0,0.15); margin: 1px; max-width: 540px; min-width: 326px; padding: 0; width: calc(100% - 2px);\" data-instgrm-permalink=\"https:\/\/www.instagram.com\/p\/DEPcCqrxshQ\/?utm_source=ig_embed&amp;utm_campaign=loading\" data-instgrm-version=\"14\">\n<div style=\"padding: 16px;\">\n<div style=\"display: flex; flex-direction: row; align-items: center;\">\n<div style=\"background-color: #f4f4f4; border-radius: 50%; flex-grow: 0; height: 40px; margin-right: 14px; width: 40px;\"><\/div>\n<div style=\"display: flex; flex-direction: column; flex-grow: 1; justify-content: center;\">\n<div style=\"background-color: #f4f4f4; border-radius: 4px; flex-grow: 0; height: 14px; margin-bottom: 6px; width: 100px;\"><\/div>\n<div style=\"background-color: #f4f4f4; border-radius: 4px; flex-grow: 0; height: 14px; width: 60px;\"><\/div>\n<\/div>\n<\/div>\n<div style=\"padding: 19% 0;\"><\/div>\n<div style=\"display: block; height: 50px; margin: 0 auto 12px; width: 50px;\"><\/div>\n<div style=\"padding-top: 8px;\">\n<div style=\"color: #3897f0; font-family: Arial,sans-serif; font-size: 14px; font-style: normal; font-weight: 550; line-height: 18px;\">Ver esta publicaci\u00f3n en Instagram<\/div>\n<\/div>\n<div style=\"padding: 12.5% 0;\"><\/div>\n<div style=\"display: flex; flex-direction: row; margin-bottom: 14px; align-items: center;\">\n<div>\n<div style=\"background-color: #f4f4f4; border-radius: 50%; height: 12.5px; width: 12.5px; transform: translateX(0px) translateY(7px);\"><\/div>\n<div style=\"background-color: #f4f4f4; height: 12.5px; transform: rotate(-45deg) translateX(3px) translateY(1px); width: 12.5px; flex-grow: 0; margin-right: 14px; margin-left: 2px;\"><\/div>\n<div style=\"background-color: #f4f4f4; border-radius: 50%; height: 12.5px; width: 12.5px; transform: translateX(9px) translateY(-18px);\"><\/div>\n<\/div>\n<div style=\"margin-left: 8px;\">\n<div style=\"background-color: #f4f4f4; border-radius: 50%; flex-grow: 0; height: 20px; width: 20px;\"><\/div>\n<div style=\"width: 0; height: 0; border-top: 2px solid transparent; border-left: 6px solid #f4f4f4; border-bottom: 2px solid transparent; transform: translateX(16px) translateY(-4px) rotate(30deg);\"><\/div>\n<\/div>\n<div style=\"margin-left: auto;\">\n<div style=\"width: 0px; border-top: 8px solid #F4F4F4; border-right: 8px solid transparent; transform: translateY(16px);\"><\/div>\n<div style=\"background-color: #f4f4f4; flex-grow: 0; height: 12px; width: 16px; transform: translateY(-4px);\"><\/div>\n<div style=\"width: 0; height: 0; border-top: 8px solid #F4F4F4; border-left: 8px solid transparent; transform: translateY(-4px) translateX(8px);\"><\/div>\n<\/div>\n<\/div>\n<div style=\"display: flex; flex-direction: column; flex-grow: 1; justify-content: center; margin-bottom: 24px;\">\n<div style=\"background-color: #f4f4f4; border-radius: 4px; flex-grow: 0; height: 14px; margin-bottom: 6px; width: 224px;\"><\/div>\n<div style=\"background-color: #f4f4f4; border-radius: 4px; flex-grow: 0; height: 14px; width: 144px;\"><\/div>\n<\/div>\n<p style=\"color: #c9c8cd; font-family: Arial,sans-serif; font-size: 14px; line-height: 17px; margin-bottom: 0; margin-top: 8px; overflow: hidden; padding: 8px 0 7px; text-align: center; text-overflow: ellipsis; white-space: nowrap;\"><a style=\"color: #c9c8cd; font-family: Arial,sans-serif; font-size: 14px; font-style: normal; font-weight: normal; line-height: 17px; text-decoration: none;\" href=\"https:\/\/www.instagram.com\/p\/DEPcCqrxshQ\/?utm_source=ig_embed&amp;utm_campaign=loading\" target=\"_blank\" rel=\"noopener\">Una publicaci\u00f3n compartida por Sociedad Rural Olavarria Sro (@sociedadruralolavarria)<\/a><\/p>\n<\/div>\n<\/blockquote>\n<p><script async src=\"\/\/www.instagram.com\/embed.js\"><\/script><\/p>\n<h3>Sin inflaci\u00f3n y con m\u00e1s hect\u00e1reas alcanzadas<\/h3>\n<p>&#8211;<em>\u00bfA qu\u00e9 se debe el aumento de las hect\u00e1reas fumigadas en comparaci\u00f3n con la campa\u00f1a anterior?<\/em><\/p>\n<p>A.P.- Nosotros decimos que <strong>es mucho por el tema de que los l\u00edmites no fumigan<\/strong>. Ac\u00e1 las matamos, pero la tucura es saltarina y se nos meten desde los Partidos vecinos. Tambi\u00e9n depende de que <strong>el a\u00f1o pasado no hicimos mucho por el tema de la inflaci\u00f3n<\/strong> y dem\u00e1s, porque nosotros a esto lo vamos recaudando en la Tasa Vial.<\/p>\n<p>&#8211;<em>\u00bfC\u00f3mo se definen el presupuesto y la financiaci\u00f3n?<\/em><\/p>\n<p>-Se hace un presupuesto, <strong>se pide precios a las agronom\u00edas por los insecticidas y se pide a la aviaci\u00f3n<\/strong>. Despu\u00e9s pasamos al Concejo Deliberante ese n\u00famero que nos aprueba para hacer la aplicaci\u00f3n en el Partido, y <strong>depende del Concejo que nos habiliten o no<\/strong>. Nosotros <strong>cobramos de acuerdo al \u00cdndice de Arrendamiento a cada productor. Realmente es muy poquito lo que se cobra.<\/strong> <a href=\"https:\/\/cdnoticias.com\/index.php\/2023\/11\/22\/el-municipio-preve-3573-millones-de-pesos-para-la-fumigacion-de-la-tucura-este-verano\/\" target=\"_blank\" rel=\"noopener\">Tenemos dos cuotas<\/a>. La<strong> solidaria<\/strong>, que es para aquel al que no se fumiga. Y la <strong>efectiva<\/strong>, al que se le fumiga. Al que no se le fumiga, le cobramos 43 gramos por hect\u00e1rea por mes de carne. Y al que se le fumiga le cobramos 171 gramos de carne por hect\u00e1rea por mes. O sea, si uno lo va a hacer particular le sale much\u00edsimo m\u00e1s.<\/p>\n<blockquote><p>Desde la comisi\u00f3n, al principio, nos cost\u00f3 hacerle entender al productor. Ten\u00edamos quejas. Hace unos 15 a\u00f1os que lo hacemos, el productor gracias a Dios ya entendi\u00f3 y realmente ve que tiene sus beneficios.<\/p><\/blockquote>\n<figure id=\"attachment_81429\" aria-describedby=\"caption-attachment-81429\" style=\"width: 800px\" class=\"wp-caption aligncenter\"><img data-recalc-dims=\"1\" loading=\"lazy\" decoding=\"async\" class=\"wp-image-81429\" src=\"https:\/\/i0.wp.com\/cdnoticias.com\/wp-content\/uploads\/2023\/04\/DE-Reunion-Comision-Plagas-y-malezas.jpg?resize=800%2C445&#038;ssl=1\" alt=\"\" width=\"800\" height=\"445\" srcset=\"https:\/\/i0.wp.com\/cdnoticias.com\/wp-content\/uploads\/2023\/04\/DE-Reunion-Comision-Plagas-y-malezas.jpg?w=1024&amp;ssl=1 1024w, https:\/\/i0.wp.com\/cdnoticias.com\/wp-content\/uploads\/2023\/04\/DE-Reunion-Comision-Plagas-y-malezas.jpg?resize=300%2C167&amp;ssl=1 300w, https:\/\/i0.wp.com\/cdnoticias.com\/wp-content\/uploads\/2023\/04\/DE-Reunion-Comision-Plagas-y-malezas.jpg?resize=768%2C428&amp;ssl=1 768w, https:\/\/i0.wp.com\/cdnoticias.com\/wp-content\/uploads\/2023\/04\/DE-Reunion-Comision-Plagas-y-malezas.jpg?resize=800%2C445&amp;ssl=1 800w\" sizes=\"auto, (max-width: 800px) 100vw, 800px\" \/><figcaption id=\"caption-attachment-81429\" class=\"wp-caption-text\">Integrantes de la Comisi\u00f3n de Lucha contra las plagas.<\/figcaption><\/figure>\n<p><em>-\u00bfY qu\u00e9 pas\u00f3 en la campa\u00f1a anterior?<\/em><\/p>\n<p>-Bueno, lo que te dec\u00eda de que la campa\u00f1a un poco depende de los Partidos linderos y otro poco del tema de la inflaci\u00f3n. El a\u00f1o pasado <strong>ten\u00edamos un presupuesto de 340 millones de pesos<\/strong>. Aparte <strong>busc\u00e1bamos productos y no hab\u00eda. No sab\u00edamos c\u00f3mo pagar. Ten\u00edamos que financiar y nos costaba mucha plata<\/strong>. Era tremendo. Fue, yo creo, un cuello de botella que gracias a Dios este a\u00f1o aparentemente salimos. <strong>Este a\u00f1o fuimos a comprar los productos y hab\u00eda, los tra\u00edan, los ten\u00edan ah\u00ed. El a\u00f1o pasado no, ten\u00edamos que esperarlo. Y no pod\u00edamos esperar<\/strong> porque la campa\u00f1a hab\u00eda que hacerla. Hay un determinado momento para aplicar y despu\u00e9s ya no se puede hacer.<\/p>\n<p>-\u00bfQuer\u00e9s agregar algo?<\/p>\n<blockquote><p>-Estamos contentos que se cumpla otra campa\u00f1a m\u00e1s. Y yo es como que me pongo la camiseta de los productores. Entonces, me gusta haber terminado.<\/p><\/blockquote>\n<p><img data-recalc-dims=\"1\" loading=\"lazy\" decoding=\"async\" class=\"aligncenter wp-image-62570\" src=\"https:\/\/i0.wp.com\/cdnoticias.com\/wp-content\/uploads\/2022\/08\/tucura.jpg?resize=800%2C450&#038;ssl=1\" alt=\"\" width=\"800\" height=\"450\" srcset=\"https:\/\/i0.wp.com\/cdnoticias.com\/wp-content\/uploads\/2022\/08\/tucura.jpg?w=1000&amp;ssl=1 1000w, https:\/\/i0.wp.com\/cdnoticias.com\/wp-content\/uploads\/2022\/08\/tucura.jpg?resize=300%2C169&amp;ssl=1 300w, https:\/\/i0.wp.com\/cdnoticias.com\/wp-content\/uploads\/2022\/08\/tucura.jpg?resize=768%2C432&amp;ssl=1 768w\" sizes=\"auto, (max-width: 800px) 100vw, 800px\" \/><\/p>\n","protected":false},"excerpt":{"rendered":"<p>Ana Peroggi, de la Comisi\u00f3n de Lucha contra las Plagas, cont\u00f3 que las aplicaciones terminaron el s\u00e1bado. Se centraron especialmente<\/p>\n","protected":false},"author":4,"featured_media":134100,"comment_status":"closed","ping_status":"closed","sticky":false,"template":"","format":"standard","meta":{"_jetpack_memberships_contains_paid_content":false,"footnotes":""},"categories":[5,1],"tags":[],"class_list":["post-134098","post","type-post","status-publish","format-standard","has-post-thumbnail","hentry","category-informacion-general","category-portada"],"jetpack_featured_media_url":"https:\/\/i0.wp.com\/cdnoticias.com\/wp-content\/uploads\/2025\/01\/CAMPANA-CONTRA-TUCURA-2024-2025-a.jpg?fit=1000%2C556&ssl=1","jetpack_sharing_enabled":true,"_links":{"self":[{"href":"https:\/\/cdnoticias.com\/index.php\/wp-json\/wp\/v2\/posts\/134098","targetHints":{"allow":["GET"]}}],"collection":[{"href":"https:\/\/cdnoticias.com\/index.php\/wp-json\/wp\/v2\/posts"}],"about":[{"href":"https:\/\/cdnoticias.com\/index.php\/wp-json\/wp\/v2\/types\/post"}],"author":[{"embeddable":true,"href":"https:\/\/cdnoticias.com\/index.php\/wp-json\/wp\/v2\/users\/4"}],"replies":[{"embeddable":true,"href":"https:\/\/cdnoticias.com\/index.php\/wp-json\/wp\/v2\/comments?post=134098"}],"version-history":[{"count":0,"href":"https:\/\/cdnoticias.com\/index.php\/wp-json\/wp\/v2\/posts\/134098\/revisions"}],"wp:featuredmedia":[{"embeddable":true,"href":"https:\/\/cdnoticias.com\/index.php\/wp-json\/wp\/v2\/media\/134100"}],"wp:attachment":[{"href":"https:\/\/cdnoticias.com\/index.php\/wp-json\/wp\/v2\/media?parent=134098"}],"wp:term":[{"taxonomy":"category","embeddable":true,"href":"https:\/\/cdnoticias.com\/index.php\/wp-json\/wp\/v2\/categories?post=134098"},{"taxonomy":"post_tag","embeddable":true,"href":"https:\/\/cdnoticias.com\/index.php\/wp-json\/wp\/v2\/tags?post=134098"}],"curies":[{"name":"wp","href":"https:\/\/api.w.org\/{rel}","templated":true}]}}