{"id":134083,"date":"2025-01-08T11:09:23","date_gmt":"2025-01-08T14:09:23","guid":{"rendered":"https:\/\/cdnoticias.com\/?p=134083"},"modified":"2025-01-08T17:13:01","modified_gmt":"2025-01-08T20:13:01","slug":"se-habilito-el-cobro-de-la-tasa-de-servicios-urbanos-en-bella-vista","status":"publish","type":"post","link":"https:\/\/cdnoticias.com\/index.php\/2025\/01\/08\/se-habilito-el-cobro-de-la-tasa-de-servicios-urbanos-en-bella-vista\/","title":{"rendered":"Se habilit\u00f3 el cobro de la Tasa de Servicios Urbanos en Bella Vista"},"content":{"rendered":"<p>Casi 200 inmuebles de la localidad quedaron incluidos en la emisi\u00f3n de facturas a trav\u00e9s de un decreto municipal promulgado en las \u00faltimas horas.<!--more--><\/p>\n<hr \/>\n<p>La <strong>Municipalidad de Olavarr\u00eda<\/strong> habilit\u00f3 el <strong>cobro de la Tasa de Servicios Urbanos<\/strong> en <strong>casi 200 inmuebles de la localidad de Bella Vista<\/strong>.<\/p>\n<p>A trav\u00e9s del <strong>decreto 7.680\/24<\/strong> se dio curso al pedido de la Direcci\u00f3n de Catastro para abrir las cuentas, proceso iniciado el 30 de septiembre de 2024, y que fue avalado por la Direcci\u00f3n de Asuntos Legales.<\/p>\n<p>La normativa, firmada por el intendente Maximiliano Wesner, la jefa de Gabinete Mercedes Land\u00edvar y la Secretaria de Hacienda Eugenia Bezzoni, se emiti\u00f3 el 27 de noviembre y fue <strong>promulgada en las \u00faltimas horas<\/strong>.<\/p>\n<p>Se dict\u00f3 que<em> \u201ccorresponde dar de alta las cuentas tributarias correspondientes a fin de efectivizar el cobro del gravamen\u201d<\/em>.<\/p>\n<p>En el articulado del decreto <strong>se enumeraron los 187 inmuebles que quedaron habilitados para la emisi\u00f3n de facturas<\/strong>.<\/p>\n","protected":false},"excerpt":{"rendered":"<p>Casi 200 inmuebles de la localidad quedaron incluidos en la emisi\u00f3n de facturas a trav\u00e9s de un decreto municipal promulgado<\/p>\n","protected":false},"author":4,"featured_media":4345,"comment_status":"closed","ping_status":"closed","sticky":false,"template":"","format":"standard","meta":{"_jetpack_memberships_contains_paid_content":false,"footnotes":""},"categories":[5,1],"tags":[],"class_list":["post-134083","post","type-post","status-publish","format-standard","has-post-thumbnail","hentry","category-informacion-general","category-portada"],"jetpack_featured_media_url":"https:\/\/i0.wp.com\/cdnoticias.com\/wp-content\/uploads\/2020\/10\/Fachada-Municipalidad-1-1024x682.jpg?fit=1024%2C682&ssl=1","jetpack_sharing_enabled":true,"_links":{"self":[{"href":"https:\/\/cdnoticias.com\/index.php\/wp-json\/wp\/v2\/posts\/134083","targetHints":{"allow":["GET"]}}],"collection":[{"href":"https:\/\/cdnoticias.com\/index.php\/wp-json\/wp\/v2\/posts"}],"about":[{"href":"https:\/\/cdnoticias.com\/index.php\/wp-json\/wp\/v2\/types\/post"}],"author":[{"embeddable":true,"href":"https:\/\/cdnoticias.com\/index.php\/wp-json\/wp\/v2\/users\/4"}],"replies":[{"embeddable":true,"href":"https:\/\/cdnoticias.com\/index.php\/wp-json\/wp\/v2\/comments?post=134083"}],"version-history":[{"count":0,"href":"https:\/\/cdnoticias.com\/index.php\/wp-json\/wp\/v2\/posts\/134083\/revisions"}],"wp:featuredmedia":[{"embeddable":true,"href":"https:\/\/cdnoticias.com\/index.php\/wp-json\/wp\/v2\/media\/4345"}],"wp:attachment":[{"href":"https:\/\/cdnoticias.com\/index.php\/wp-json\/wp\/v2\/media?parent=134083"}],"wp:term":[{"taxonomy":"category","embeddable":true,"href":"https:\/\/cdnoticias.com\/index.php\/wp-json\/wp\/v2\/categories?post=134083"},{"taxonomy":"post_tag","embeddable":true,"href":"https:\/\/cdnoticias.com\/index.php\/wp-json\/wp\/v2\/tags?post=134083"}],"curies":[{"name":"wp","href":"https:\/\/api.w.org\/{rel}","templated":true}]}}